{"id":365932,"date":"2025-09-04T15:06:09","date_gmt":"2025-09-04T15:06:09","guid":{"rendered":"https:\/\/www.europesays.com\/fr\/365932\/"},"modified":"2025-09-04T15:06:09","modified_gmt":"2025-09-04T15:06:09","slug":"10-septembre-a-nice-bloquons-tout-ce-que-lon-sait-de-lampleur-de-la-mobilisation","status":"publish","type":"post","link":"https:\/\/www.europesays.com\/fr\/365932\/","title":{"rendered":"10 septembre \u00e0 Nice. \u00ab\u00a0Bloquons tout\u00a0\u00bb, ce que l&rsquo;on sait de l&rsquo;ampleur de la mobilisation"},"content":{"rendered":"<p>            Par<br \/>\n        <strong><br \/>\n            <a href=\"https:\/\/actu.fr\/auteur\/ugo-maillard\" title=\"Consulter tous les articles de Ugo Maillard\" target=\"_blank\" rel=\"noopener\">Ugo Maillard<\/a><br \/>\n        <\/strong><\/p>\n<p>        Publi\u00e9 le<\/p>\n<p>            4 sept. 2025 \u00e0 16h23        <\/p>\n<p>Mouvement populaire in\u00e9dit ou mobilisation en catimini\u2009? Des <a href=\"https:\/\/actu.fr\/societe\/les-essentiels-bloquons-tout-qui-sont-ces-groupes-a-l-origine-des-blocages-du-10-septembre_63105694.html\" target=\"_blank\" rel=\"noopener\">groupes tr\u00e8s actifs<\/a> sur les r\u00e9seaux sociaux appellent depuis plusieurs semaines \u00e0 <strong>\u00ab\u2009tout bloquer\u2009\u00bb<\/strong>, en France, le mercredi <strong>10\u00a0septembre<\/strong> 2025. Les collectifs dont l\u2019orientation politique demeure floue se mobilisent pour \u00ab\u2009d\u00e9noncer les injustices et reprendre le pouvoir collectivement\u2009\u00bb. Au c\u0153ur de leur pr\u00e9occupation, le contexte financier en France et les <a href=\"https:\/\/actu.fr\/politique\/si-francois-bayrou-prend-la-porte-que-va-devenir-son-budget-2026-et-les-deux-jours-feries-supprimes_63080404.html\" target=\"_blank\" rel=\"noopener\">mesures annonc\u00e9es par le Premier ministre<\/a>, Fran\u00e7ois Bayrou. Sur les appels relay\u00e9s en masse, les participants \u00e0 ce mouvement sont invit\u00e9s \u00e0 <strong>occuper pacifiquement<\/strong> des lieux comme des pr\u00e9fectures ou des mairies et \u00e0 bloquer des routes, des d\u00e9p\u00f4ts logistiques ou encore des grandes enseignes.<\/p>\n<p class=\" wall-content\">\u00c0 l\u2019instar du reste de la France, l\u2019ampleur de la mobilisation \u00e0 Nice et dans les <a href=\"https:\/\/actu.fr\/provence-alpes-cote-d-azur\/alpes-maritimes_06\" target=\"_blank\" rel=\"noopener\">Alpes-Maritimes<\/a> est inconnue. La r\u00e9daction d\u2019<a href=\"https:\/\/actu.fr\/nice\/\" target=\"_blank\" rel=\"noopener\">actu Nice<\/a> a sond\u00e9 les pouvoirs publics, les entit\u00e9s politiques et les organisateurs du mouvement pour en savoir plus.<\/p>\n<p>Un rassemblement annonc\u00e9<\/p>\n<p class=\" wall-content\">S\u2019il est difficile, voire impossible, de quantifier et de recenser les actions du mouvement \u00ab\u2009Bloquons tout\u2009\u00bb, un site internet a \u00e9t\u00e9 cr\u00e9\u00e9 pour dresser la carte des manifestations d\u2019ores et d\u00e9j\u00e0 programm\u00e9es.<\/p>\n<p class=\" wall-content\">\u00c0 Nice et dans les Alpes-Maritimes, le site indignonsnous.fr d\u00e9nombre<strong> une seule mobilisation<\/strong>. Le rendez-vous est donn\u00e9 le mercredi 10\u00a0septembre \u00e0 11\u2009h\u200930 sur la place Carlou-Aubert, au niveau du Vieux-Nice.<\/p>\n<p>    <a href=\"https:\/\/www.google.com\/maps\/embed?pb=!1m18!1m12!1m3!1d2884.6903775258124!2d7.268031276532493!3d43.69619994964815!2m3!1f0!2f0!3f0!3m2!1i1024!2i768!4f13.1!3m3!1m2!1s0x12cddaa17d08c383%3A0x936d8ed04d20d984!2sPlassa%20Carlou%20Aubert%2C%20Nice!5e0!3m2!1sfr!2sfr!4v1756898447119!5m2!1sfr!2sfr\" title=\"Ouvrie le lien\" target=\"_blank\" rel=\"noopener\">Cliquez ici pour visualiser le contenu<\/a><\/p>\n<p>Un dispositif important, selon la pr\u00e9fecture<\/p>\n<p class=\" wall-content\">Sollicit\u00e9s par actu Nice, les services de la pr\u00e9fecture assurent que les services de renseignement territoriaux sont mobilis\u00e9s sur les Alpes-Maritimes.<\/p>\n<p class=\" wall-content\">Pour l\u2019heure, aucune communication n\u2019est faite sur la situation du territoire en particulier et la pr\u00e9fecture indique que <strong>des r\u00e9unions se tiendront en fin de semaine<\/strong> pour \u00e9tablir un plan sp\u00e9cifique.<\/p>\n<p>Votre r\u00e9gion, votre actu !<\/p>\n<p>Recevez chaque jour les infos qui comptent pour vous.<\/p>\n<p>\t<a href=\"https:\/\/actu.fr\/newsletter\" class=\"ac-btn ac-btn--corner ac-btn--medium ac-btn--blue800\" target=\"_blank\" rel=\"noopener\">S&rsquo;incrire<\/a><\/p>\n<p class=\" wall-content\">La pr\u00e9fecture des Alpes-Maritimes r\u00e9affirme l\u2019obligation de d\u00e9poser une d\u00e9claration de manifestation.<\/p>\n<p>La CGT mobilis\u00e9e \u00e0 Nice<\/p>\n<p class=\" wall-content\">Le 27\u00a0ao\u00fbt, la direction nationale de la CGT apporte son soutien au mouvement du 10\u00a0septembre. Dans les Alpes-Maritimes, l\u2019antenne d\u00e9partementale du syndicat s\u2019inscrit dans la dynamique nationale et r\u00e9fl\u00e9chit quant \u00e0 sa mani\u00e8re de prendre part aux manifestations.<\/p>\n<p class=\" wall-content\">Une <strong>assembl\u00e9e g\u00e9n\u00e9rale se tiendra le jeudi 4<\/strong>\u00a0septembre 2025 en fin d\u2019apr\u00e8s-midi pour d\u00e9cider des modalit\u00e9s d\u2019action de la CGT apprend actu Nice en interne.<\/p>\n<p class=\" wall-content\">\u00ab\u2009Pour le moment, toutes les branches ne sont pas d\u2019accord sur la mani\u00e8re d\u2019agir, que ce soit en entreprise ou en manifestant. On va trancher jeudi.\u2009\u00bb<\/p>\n<p class=\" wall-content\">En France, plusieurs branches syndicales ont indiqu\u00e9 faire gr\u00e8ve comme le <a href=\"https:\/\/actu.fr\/societe\/greves-de-la-rentree-blocages-du-10-septembre-sncf-pharmacies-la-liste-des-mobilisations-jour-par-jour_63082357.html\" target=\"_blank\" rel=\"noopener\">note la r\u00e9daction nationale d\u2019actu.fr<\/a>.<\/p>\n<p>Certains partis politiques en renfort<\/p>\n<p class=\" wall-content\">De mani\u00e8re globale, la classe politique fran\u00e7aise ne se mobilisera pas aux c\u00f4t\u00e9s des manifestants du 10\u00a0septembre. La gauche apporte un soutien ou appelle \u00e0 manifester clairement lors de cette journ\u00e9e.<\/p>\n<p class=\" wall-content\">Olivier Salerno, repr\u00e9sentant local LFI dans les Alpes-Maritimes, confirme \u00e0 actu Nice la pr\u00e9sence d\u2019\u00e9lus et militants aux rassemblements m\u00eame s\u2019il fait part d\u2019un flou au sujet de la mani\u00e8re d\u2019agir.<\/p>\n<p class=\" wall-content\">Du c\u00f4t\u00e9 du Parti communiste, \u00ab\u2009on appelle \u00e0 rejoindre les mouvements citoyens via les mobilisations. L\u2019objectif est de s\u2019unir derri\u00e8re les revendications des travailleurs\u2009\u00bb, assure Julien Picot, secr\u00e9taire d\u00e9partemental du parti.<\/p>\n<p class=\" wall-content\">Les antennes du PC et de LFI souhaitent \u00e9galement mettre en lumi\u00e8re les mobilisations des 8 et 18\u00a0septembre.<\/p>\n<p>Mobilisation le 8 et le 18\u00a0septembre<\/p>\n<p class=\" wall-content\">Le 8\u00a0septembre 2025, des \u00ab\u2009pots de d\u00e9part\u2009\u00bb sont organis\u00e9s devant toutes les mairies de France pour \u00ab\u2009c\u00e9l\u00e9brer\u2009\u00bb la fin du mandat de Fran\u00e7ois Bayrou. Pour rappel, ce jour, le Premier ministre sera soumis \u00e0 un <a href=\"https:\/\/actu.fr\/politique\/francois-bayrou-demande-un-vote-de-confiance-c-est-quoi-ce-mecanisme-qui-peut-faire-tomber-son-gouvernement_63075350.html\" target=\"_blank\" rel=\"noopener\">vote de confiance devant le Parlement<\/a>.<\/p>\n<p class=\" wall-content\">Si les d\u00e9put\u00e9s <strong>d\u00e9cident de voter majoritairement contre<\/strong> le programme ou la d\u00e9claration de politique g\u00e9n\u00e9rale, le gouvernement de Fran\u00e7ois Bayrou <strong>devra donner sa d\u00e9mission<\/strong>. Pour l\u2019heure, la France Insoumise, le Rassemblement National, les \u00c9cologistes, le Parti Communiste et le Parti Socialiste ont annonc\u00e9 voter \u00ab\u2009contre\u2009\u00bb. Un flou subsiste quant aux vell\u00e9it\u00e9s des R\u00e9publicains.<\/p>\n<p class=\" wall-content\">Dans ce mois de septembre tr\u00e8s charg\u00e9 en ce qui concerne les contestations sociales, un autre rendez-vous est donn\u00e9. Tous les syndicats fran\u00e7ais appellent \u00e0 une<strong> journ\u00e9e de gr\u00e8ves et de manifestations<\/strong> partout dans l\u2019Hexagone, le jeudi 18\u00a0septembre 2025.<\/p>\n<p class=\" wall-content\">Personnalisez votre actualit\u00e9 en ajoutant vos villes et m\u00e9dias en favori avec <a href=\"https:\/\/moncompte.actu.fr\" title=\"D\u00e9couvez Mon Actu\" rel=\"nofollow noopener\" data-trk=\"{&quot;cta&quot;:{&quot;action&quot;:&quot;https:\\\/\\\/moncompte.actu.fr&quot;,&quot;category&quot;:&quot;mon compte&quot;,&quot;from&quot;:&quot;article footer&quot;,&quot;name&quot;:&quot;Mon actu&quot;,&quot;type&quot;:&quot;cta&quot;}}\" target=\"_blank\">Mon Actu<\/a>.<\/p>\n","protected":false},"excerpt":{"rendered":"Par Ugo Maillard Publi\u00e9 le 4 sept. 2025 \u00e0 16h23 Mouvement populaire in\u00e9dit ou mobilisation en catimini\u2009? Des&hellip;\n","protected":false},"author":2,"featured_media":365933,"comment_status":"","ping_status":"","sticky":false,"template":"","format":"standard","meta":{"footnotes":""},"categories":[2819],"tags":[1111,11,1777,674,1011,27,1272,12,2401,882,25,104],"class_list":{"0":"post-365932","1":"post","2":"type-post","3":"status-publish","4":"format-standard","5":"has-post-thumbnail","7":"category-nice","8":"tag-actu","9":"tag-actualites","10":"tag-eu","11":"tag-europe","12":"tag-fr","13":"tag-france","14":"tag-manifestations","15":"tag-news","16":"tag-nice","17":"tag-provence-alpes-cote-dazur","18":"tag-republique-francaise","19":"tag-societe"},"share_on_mastodon":{"url":"https:\/\/pubeurope.com\/@fr\/115146652781429525","error":""},"_links":{"self":[{"href":"https:\/\/www.europesays.com\/fr\/wp-json\/wp\/v2\/posts\/365932","targetHints":{"allow":["GET"]}}],"collection":[{"href":"https:\/\/www.europesays.com\/fr\/wp-json\/wp\/v2\/posts"}],"about":[{"href":"https:\/\/www.europesays.com\/fr\/wp-json\/wp\/v2\/types\/post"}],"author":[{"embeddable":true,"href":"https:\/\/www.europesays.com\/fr\/wp-json\/wp\/v2\/users\/2"}],"replies":[{"embeddable":true,"href":"https:\/\/www.europesays.com\/fr\/wp-json\/wp\/v2\/comments?post=365932"}],"version-history":[{"count":0,"href":"https:\/\/www.europesays.com\/fr\/wp-json\/wp\/v2\/posts\/365932\/revisions"}],"wp:featuredmedia":[{"embeddable":true,"href":"https:\/\/www.europesays.com\/fr\/wp-json\/wp\/v2\/media\/365933"}],"wp:attachment":[{"href":"https:\/\/www.europesays.com\/fr\/wp-json\/wp\/v2\/media?parent=365932"}],"wp:term":[{"taxonomy":"category","embeddable":true,"href":"https:\/\/www.europesays.com\/fr\/wp-json\/wp\/v2\/categories?post=365932"},{"taxonomy":"post_tag","embeddable":true,"href":"https:\/\/www.europesays.com\/fr\/wp-json\/wp\/v2\/tags?post=365932"}],"curies":[{"name":"wp","href":"https:\/\/api.w.org\/{rel}","templated":true}]}}