{"id":365936,"date":"2025-09-04T15:08:20","date_gmt":"2025-09-04T15:08:20","guid":{"rendered":"https:\/\/www.europesays.com\/fr\/365936\/"},"modified":"2025-09-04T15:08:20","modified_gmt":"2025-09-04T15:08:20","slug":"bapteme-de-lair-pour-les-enfants-hospitalises-2","status":"publish","type":"post","link":"https:\/\/www.europesays.com\/fr\/365936\/","title":{"rendered":"Bapt\u00eame de l\u2019air pour les enfants hospitalis\u00e9s"},"content":{"rendered":"<p>L\u2019association Sourire d\u2019enfant et l\u2019a\u00e9roclub de Loire-Atlantique s\u2019associent pour offrir une exp\u00e9rience unique \u00e0 des enfants hospitalis\u00e9s. Dans le cadre de l\u2019op\u00e9ration \u00a0Un vol pour un r\u00eave\u00a0, seize jeunes patients vont d\u00e9couvrir la r\u00e9gion nantaise vue du ciel, lors d\u2019un vol de d\u00e9couverte exceptionnel au-dessus de l\u2019estuaire de la Loire, dimanche 7\u00a0septembre 2025.<\/p>\n<p>\u00ab\u00a0Une bouff\u00e9e d\u2019oxyg\u00e8ne pour les enfants et leurs familles\u00a0\u00bb<\/p>\n<p>Cette initiative, qui marque la deuxi\u00e8me \u00e9dition apr\u00e8s le succ\u00e8s de 2024, est une parenth\u00e8se enchant\u00e9e qui leur permettra de s\u2019\u00e9vader du quotidien de l\u2019h\u00f4pital. L\u2019op\u00e9ration est rendue possible gr\u00e2ce au soutien g\u00e9n\u00e9reux de la soci\u00e9t\u00e9 nantaise Isilog, soci\u00e9t\u00e9 fran\u00e7aise d\u2019\u00e9dition de logiciels, et \u00e0 l\u2019appui logistique des A\u00e9roports du Grand Ouest.<\/p>\n<p>\u00a0Nous sommes ravis de renouveler cette op\u00e9ration. Voir la joie dans les yeux de ces enfants est notre plus belle r\u00e9compense. C\u2019est une v\u00e9ritable bouff\u00e9e d\u2019oxyg\u00e8ne pour eux et leurs familles\u00a0, t\u00e9moigne Layla Kaabeche, directrice g\u00e9n\u00e9rale et cofondatrice de l\u2019association Sourire d\u2019enfant. Cr\u00e9\u00e9e en 2012, la structure s\u2019engage \u00e0 am\u00e9liorer le quotidien des enfants malades ou en situation de handicap en leur apportant un soutien financier et moral, ainsi qu\u2019\u00e0 leurs familles.<\/p>\n<p>\u00a0En tant qu\u2019a\u00e9roclub, notre mission est de partager la passion de l\u2019a\u00e9ronautique. C\u2019est un honneur de mettre notre flotte et nos pilotes au service de cette cause. Nous esp\u00e9rons que ce vol suscitera des vocations et, surtout, qu\u2019il apportera un peu de bonheur \u00e0 ces jeunes\u00a0, commente Olivier Dumas, pr\u00e9sident de l\u2019a\u00e9roclub de Loire-Atlantique.<\/p>\n<p>Solidarit\u00e9<\/p>\n<p>Tandis qu\u2019Erwan Baglione, directeur g\u00e9n\u00e9ral d\u2019Isilog, note qu\u2019il \u00a0est essentiel pour nous d\u2019\u00eatre acteur d\u2019initiatives locales qui ont un impact positif et direct sur notre communaut\u00e9. Les valeurs de solidarit\u00e9 et d\u2019engagement de l\u2019association Sourire d\u2019enfant et de l\u2019a\u00e9roclub de Loire-Atlantique sont en parfaite ad\u00e9quation avec les n\u00f4tres. Nous sommes fiers de contribuer avec nos \u00e9quipes \u00e0 ce moment de joie et de r\u00eave pour ces jeunes\u00a0.<\/p>\n<p>\u00a0<\/p>\n","protected":false},"excerpt":{"rendered":"L\u2019association Sourire d\u2019enfant et l\u2019a\u00e9roclub de Loire-Atlantique s\u2019associent pour offrir une exp\u00e9rience unique \u00e0 des enfants hospitalis\u00e9s. Dans&hellip;\n","protected":false},"author":2,"featured_media":365313,"comment_status":"","ping_status":"","sticky":false,"template":"","format":"standard","meta":{"footnotes":""},"categories":[2818],"tags":[1111,11,2965,43235,1719,1777,674,1011,27,16870,766,12,2636,25],"class_list":{"0":"post-365936","1":"post","2":"type-post","3":"status-publish","4":"format-standard","5":"has-post-thumbnail","7":"category-nantes","8":"tag-actu","9":"tag-actualites","10":"tag-air","11":"tag-bapteme","12":"tag-enfants","13":"tag-eu","14":"tag-europe","15":"tag-fr","16":"tag-france","17":"tag-hospitalises","18":"tag-nantes","19":"tag-news","20":"tag-pays-de-la-loire","21":"tag-republique-francaise"},"share_on_mastodon":{"url":"https:\/\/pubeurope.com\/@fr\/115146660529093247","error":""},"_links":{"self":[{"href":"https:\/\/www.europesays.com\/fr\/wp-json\/wp\/v2\/posts\/365936","targetHints":{"allow":["GET"]}}],"collection":[{"href":"https:\/\/www.europesays.com\/fr\/wp-json\/wp\/v2\/posts"}],"about":[{"href":"https:\/\/www.europesays.com\/fr\/wp-json\/wp\/v2\/types\/post"}],"author":[{"embeddable":true,"href":"https:\/\/www.europesays.com\/fr\/wp-json\/wp\/v2\/users\/2"}],"replies":[{"embeddable":true,"href":"https:\/\/www.europesays.com\/fr\/wp-json\/wp\/v2\/comments?post=365936"}],"version-history":[{"count":0,"href":"https:\/\/www.europesays.com\/fr\/wp-json\/wp\/v2\/posts\/365936\/revisions"}],"wp:featuredmedia":[{"embeddable":true,"href":"https:\/\/www.europesays.com\/fr\/wp-json\/wp\/v2\/media\/365313"}],"wp:attachment":[{"href":"https:\/\/www.europesays.com\/fr\/wp-json\/wp\/v2\/media?parent=365936"}],"wp:term":[{"taxonomy":"category","embeddable":true,"href":"https:\/\/www.europesays.com\/fr\/wp-json\/wp\/v2\/categories?post=365936"},{"taxonomy":"post_tag","embeddable":true,"href":"https:\/\/www.europesays.com\/fr\/wp-json\/wp\/v2\/tags?post=365936"}],"curies":[{"name":"wp","href":"https:\/\/api.w.org\/{rel}","templated":true}]}}