{"id":365937,"date":"2025-09-04T15:09:11","date_gmt":"2025-09-04T15:09:11","guid":{"rendered":"https:\/\/www.europesays.com\/fr\/365937\/"},"modified":"2025-09-04T15:09:11","modified_gmt":"2025-09-04T15:09:11","slug":"une-trentaine-de-victimes-de-violences-sexuelles-recensees","status":"publish","type":"post","link":"https:\/\/www.europesays.com\/fr\/365937\/","title":{"rendered":"une trentaine de victimes de violences sexuelles recens\u00e9es"},"content":{"rendered":"<p>La cellule d\u2019\u00e9coute du dioc\u00e8se de\u00a0Nantes\u00a0a indiqu\u00e9 jeudi 4\u00a0septembre avoir re\u00e7u une trentaine de messages de victimes depuis son appel \u00e0 t\u00e9moignages lanc\u00e9 le 29\u00a0ao\u00fbt, apr\u00e8s la r\u00e9v\u00e9lation de violences sexuelles commises durant des d\u00e9cennies au coll\u00e8ge-lyc\u00e9e Saint-Stanislas par des pr\u00eatres.<\/p>\n<p>Vendredi dernier, l\u2019\u00e9v\u00eaque de\u00a0Nantes, <a href=\"https:\/\/www.la-croix.com\/Religion\/Mgr-Laurent-Percerou-nouvel-eveque-Nantes-2020-08-11-1201108636\" data-tracking=\"inpage_click\" data-tracking-action=\"suivre un lien dans l&#039;article\" data-tracking-category=\"engagement\" rel=\"nofollow noopener\" target=\"_blank\">Mgr\u00a0Laurent Percerou,<\/a> et le directeur dioc\u00e9sain de l\u2019enseignement catholique, Fr\u00e9d\u00e9ric Delemazure, avaient r\u00e9v\u00e9l\u00e9 que des viols, agressions sexuelles et attouchements avaient \u00e9t\u00e9 commis entre 1958 et 1995 par cinq pr\u00eatres de l\u2019\u00e9tablissement Saint-Stanislas ainsi qu\u2019au moins un membre du personnel \u00e9ducatif.<\/p>\n<p>Les cinq pr\u00eatres mis en cause sont aujourd\u2019hui d\u00e9c\u00e9d\u00e9s. Dix victimes mineures avaient \u00e9t\u00e9 recens\u00e9es, neuf hommes et une femme, tous coll\u00e9giens \u00e0 l\u2019\u00e9poque des faits.<\/p>\n<p>Une cellule d\u2019accueil et d\u2019\u00e9coute compos\u00e9e de sept personnes<\/p>\n<p>Mgr\u00a0Percerou avait lors de la conf\u00e9rence de presse <a href=\"https:\/\/www.la-croix.com\/religion\/abus-sexuels-dans-un-college-catholique-a-nantes-le-diocese-lance-un-appel-a-temoignages-20250830\" data-tracking=\"inpage_click\" data-tracking-action=\"suivre un lien dans l&#039;article\" data-tracking-category=\"engagement\" rel=\"nofollow noopener\" target=\"_blank\">lanc\u00e9 un appel \u00e0 t\u00e9moignages,<\/a> \u00ab\u00a0quels que soient l\u2019\u00e9poque concern\u00e9e, les d\u00e9lais, le temps pass\u00e9\u00a0\u00bb. \u00ab\u00a0L\u2019important, maintenant, c\u2019est que d\u2019autres victimes potentielles puissent \u00e9galement s\u2019exprimer\u00a0\u00bb, avait soulign\u00e9 l\u2019\u00e9v\u00eaque de\u00a0Nantes.<\/p>\n<p>Moins d\u2019une semaine apr\u00e8s cet appel, une trentaine de messages ont d\u00e9j\u00e0 \u00e9t\u00e9 adress\u00e9s \u00e0 la cellule d\u2019accueil et d\u2019\u00e9coute du dioc\u00e8se, actuellement compos\u00e9e de sept personnes. Cette cellule \u00ab\u00a0va trouver des renforts pour organiser des rendez-vous avec les victimes, qui s\u2019effectuent toujours par deux \u00e9coutants\u00a0\u00bb, a expliqu\u00e9 le dioc\u00e8se.<\/p>\n<p>Les premiers t\u00e9moignages concernent \u00e0 80\u00a0% des faits survenus au coll\u00e8ge de Saint-Stanislas et \u00e0 20\u00a0% d\u2019autres \u00e9tablissements scolaires, \u00e0\u00a0Nantes\u00a0et en dehors, pr\u00e9cise-t-on de m\u00eame source.<\/p>\n<p>Les victimes seront ensuite orient\u00e9es vers les instances charg\u00e9es de leur prise en charge, <a href=\"https:\/\/www.la-croix.com\/religion\/abus-sexuels-dans-l-eglise-pres-de-850-victimes-indemnisees-depuis-2022-20250325\" data-tracking=\"inpage_click\" data-tracking-action=\"suivre un lien dans l&#039;article\" data-tracking-category=\"engagement\" rel=\"nofollow noopener\" target=\"_blank\">l\u2019Inirr<\/a> (Instance nationale ind\u00e9pendante de reconnaissance et r\u00e9paration) et la CRR (Commission reconnaissance r\u00e9paration) si cela concerne des instituts religieux. Parall\u00e8lement, le parquet de\u00a0Nantes\u00a0a ouvert une enqu\u00eate apr\u00e8s le suicide, en 2024, d\u2019un quadrag\u00e9naire ayant confi\u00e9 avoir \u00e9t\u00e9 victime de violences sexuelles de la part d\u2019un surveillant lorsqu\u2019il \u00e9tait interne au coll\u00e8ge Saint-Stanislas.<\/p>\n","protected":false},"excerpt":{"rendered":"La cellule d\u2019\u00e9coute du dioc\u00e8se de\u00a0Nantes\u00a0a indiqu\u00e9 jeudi 4\u00a0septembre avoir re\u00e7u une trentaine de messages de victimes depuis&hellip;\n","protected":false},"author":2,"featured_media":365938,"comment_status":"","ping_status":"","sticky":false,"template":"","format":"standard","meta":{"footnotes":""},"categories":[2818],"tags":[1111,11,1777,674,1011,27,766,12,2636,25],"class_list":{"0":"post-365937","1":"post","2":"type-post","3":"status-publish","4":"format-standard","5":"has-post-thumbnail","7":"category-nantes","8":"tag-actu","9":"tag-actualites","10":"tag-eu","11":"tag-europe","12":"tag-fr","13":"tag-france","14":"tag-nantes","15":"tag-news","16":"tag-pays-de-la-loire","17":"tag-republique-francaise"},"share_on_mastodon":{"url":"https:\/\/pubeurope.com\/@fr\/115146664488799422","error":""},"_links":{"self":[{"href":"https:\/\/www.europesays.com\/fr\/wp-json\/wp\/v2\/posts\/365937","targetHints":{"allow":["GET"]}}],"collection":[{"href":"https:\/\/www.europesays.com\/fr\/wp-json\/wp\/v2\/posts"}],"about":[{"href":"https:\/\/www.europesays.com\/fr\/wp-json\/wp\/v2\/types\/post"}],"author":[{"embeddable":true,"href":"https:\/\/www.europesays.com\/fr\/wp-json\/wp\/v2\/users\/2"}],"replies":[{"embeddable":true,"href":"https:\/\/www.europesays.com\/fr\/wp-json\/wp\/v2\/comments?post=365937"}],"version-history":[{"count":0,"href":"https:\/\/www.europesays.com\/fr\/wp-json\/wp\/v2\/posts\/365937\/revisions"}],"wp:featuredmedia":[{"embeddable":true,"href":"https:\/\/www.europesays.com\/fr\/wp-json\/wp\/v2\/media\/365938"}],"wp:attachment":[{"href":"https:\/\/www.europesays.com\/fr\/wp-json\/wp\/v2\/media?parent=365937"}],"wp:term":[{"taxonomy":"category","embeddable":true,"href":"https:\/\/www.europesays.com\/fr\/wp-json\/wp\/v2\/categories?post=365937"},{"taxonomy":"post_tag","embeddable":true,"href":"https:\/\/www.europesays.com\/fr\/wp-json\/wp\/v2\/tags?post=365937"}],"curies":[{"name":"wp","href":"https:\/\/api.w.org\/{rel}","templated":true}]}}