{"id":365939,"date":"2025-09-04T15:10:12","date_gmt":"2025-09-04T15:10:12","guid":{"rendered":"https:\/\/www.europesays.com\/fr\/365939\/"},"modified":"2025-09-04T15:10:12","modified_gmt":"2025-09-04T15:10:12","slug":"le-nouveau-parcours-du-musee-des-douanes-inaugure-par-amelie-de-montchalin","status":"publish","type":"post","link":"https:\/\/www.europesays.com\/fr\/365939\/","title":{"rendered":"le nouveau parcours du mus\u00e9e des Douanes inaugur\u00e9 par Am\u00e9lie de\u00a0Montchalin"},"content":{"rendered":"<p>Un mus\u00e9e atypique m\u00e9connu en plein centre de Bordeaux. Jeudi 4\u00a0septembre, Am\u00e9lie de\u00a0Montchalin, ministre des Comptes publics, a inaugur\u00e9, en pr\u00e9sence de Nathalie Delattre, ministre d\u00e9l\u00e9gu\u00e9e charg\u00e9e du Tourisme, <a href=\"https:\/\/www.sudouest.fr\/gironde\/bordeaux\/musee-des-douanes-a-bordeaux-une-annee-de-travaux-pour-presenter-13-000-objets-disparates-et-parfois-insolites-21254983.php\" target=\"_blank\" rel=\"follow nofollow noopener\">le nouveau parcours et la nouvelle sc\u00e9nographie du mus\u00e9e national des Douanes,<\/a> situ\u00e9 sur la place de la Bourse, en face du miroir d\u2019eau.<\/p>\n<p>Sous les vo\u00fbtes de l\u2019ancien h\u00f4tel des Fermes du roi, b\u00e2ti au XVIIIe\u00a0si\u00e8cle, sous Louis XV, abritant encore la direction interr\u00e9gionale des Douanes, se cachent quelques tr\u00e9sors et pi\u00e8ces insolites des douanes fran\u00e7aises, expos\u00e9s dans le seul mus\u00e9e national g\u00e9r\u00e9 par le minist\u00e8re de l\u2019\u00c9conomie et des Finances et ouvert en 1984.<\/p>\n<p>\u00ab\u00a0Ce mus\u00e9e nous rappelle que la douane n\u2019est pas un frein au d\u00e9veloppement, n\u2019en d\u00e9plaise outre-Atlantique\u00a0\u00bb, a lanc\u00e9 Am\u00e9lie de\u00a0Montchalin, faisant r\u00e9f\u00e9rence <a href=\"https:\/\/www.sudouest.fr\/international\/etats-unis\/droits-de-douane-que-contient-l-accord-commercial-entre-l-ue-et-les-etats-unis-25398351.php\" target=\"_blank\" rel=\"follow nofollow noopener\">aux tarifs douaniers de Donald Trump<\/a>. \u00ab\u00a0Nous avons ici l\u2019histoire d\u2019une administration tenace, qui fait face \u00e0 la multiplication de d\u00e9fis. La douane est une police du mouvement qu\u2019il soit licite ou illicite\u00a0\u00bb, a-t-elle ajout\u00e9, faisant \u00e9galement le bilan de l\u2019ann\u00e9e 2024, avec 111\u00a0tonnes de stup\u00e9fiants saisies sur le territoire fran\u00e7ais, dont les deux tiers par les douanes.<\/p>\n<p>        <img decoding=\"async\" id=\"25788685\" src=\"https:\/\/www.europesays.com\/fr\/wp-content\/uploads\/2025\/09\/img-0616.jpg\" alt=\"Am\u00e9lie de\u00a0Montchalin, Nathalie Delattre, Florian Colas et Aur\u00e9lie Guichemerre devant une maquette de l\u2019ancien h\u00f4tel des Fermes du roi.\" itemprop=\"contentURL\"\/><\/p>\n<p>    Am\u00e9lie de\u00a0Montchalin, Nathalie Delattre, Florian Colas et Aur\u00e9lie Guichemerre devant une maquette de l\u2019ancien h\u00f4tel des Fermes du roi.<\/p>\n<p>A.\u00a0B.<\/p>\n<p>    Travaux<\/p>\n<p>Ferm\u00e9 au public depuis d\u00e9cembre 2023, et apr\u00e8s dix-sept mois de travaux, le mus\u00e9e national des Douanes <a href=\"https:\/\/www.sudouest.fr\/gironde\/bordeaux\/bordeaux-lion-naturalise-videos-balance-geante-on-a-visite-le-musee-des-douanes-avant-sa-reouverture-24226377.php\" target=\"_blank\" rel=\"follow nofollow noopener\">a rouvert ses portes en mai dernier<\/a> et trouve d\u00e9j\u00e0 son public. \u00ab\u00a0Nous sommes sur notre petit nuage, avec d\u00e9j\u00e0 plus de 10\u00a0000\u00a0visites, alors qu\u2019auparavant nous \u00e9tions \u00e0 23\u00a0000\u00a0par an, soit presque la moiti\u00e9, en seulement trois mois\u00a0\u00bb, d\u00e9taille Aur\u00e9lie Guichemerre, conservatrice du mus\u00e9e.<\/p>\n<blockquote><p>\u00ab\u00a0Ce mus\u00e9e nous rappelle que la douane n\u2019est pas un frein au d\u00e9veloppement\u00a0\u00bb<\/p><\/blockquote>\n<p>Plus r\u00e9fl\u00e9chi, plus clair, avec de nombreuses indications destin\u00e9es aux enfants, ce nouveau parcours se divise en quatre parties\u00a0: l\u2019histoire des douanes (dont une section sur le commerce triangulaire bordelais), une exposition de certains produits saisis par les services (dont un lion naturalis\u00e9, de l\u2019ivoire, un \u0153uf d\u2019\u00c6pyornis, une balance d\u2019\u00e9poque ou plusieurs produits de contrefa\u00e7on), une pr\u00e9sentation des diff\u00e9rentes fonctions de la douane contemporaine et enfin un focus sur la douane dans l\u2019imaginaire collectif (BD, films, s\u00e9ries\u2026)<\/p>\n<p>        <img decoding=\"async\" id=\"25788687\" src=\"https:\/\/www.europesays.com\/fr\/wp-content\/uploads\/2025\/09\/img-0637.jpeg\" alt=\"Ce lion naturalis\u00e9 a \u00e9t\u00e9 saisi dans une caisse par les services de douane de l\u2019a\u00e9roport de Roissy en 1999.\" itemprop=\"contentURL\"\/><\/p>\n<p>    Ce lion naturalis\u00e9 a \u00e9t\u00e9 saisi dans une caisse par les services de douane de l\u2019a\u00e9roport de Roissy en 1999.<\/p>\n<p>A.\u00a0B.<\/p>\n<p>    M\u00e9tier m\u00e9connu<\/p>\n<p>Ainsi, cette sc\u00e9nographie permet de mettre en lumi\u00e8re une profession un peu ignor\u00e9e. \u00ab\u00a0Les gens nous disent souvent qu\u2019on ne voit plus les douaniers, mais ils sont toujours l\u00e0\u00a0\u00bb, d\u00e9veloppe Aur\u00e9lie Guichemerre. \u00ab\u00a0Les fronti\u00e8res ne sont plus physiques mais sont mat\u00e9rialis\u00e9es d\u2019une autre fa\u00e7on. On essaye alors de montrer la fonction de douanier en se d\u00e9tachant de son image d\u2019\u00c9pinal.\u00a0\u00bb<\/p>\n<p>Apr\u00e8s l\u2019inauguration, s\u2019est tenue une rapide visite des lieux\u00a0; la ministre s\u2019arr\u00eatant notamment sur d\u2019anciens documents de la balance des commerces datant de 1789. \u00ab\u00a0Nos moyens techniques ont bien \u00e9videmment \u00e9volu\u00e9, mais nous retrouvons de nombreuses permanences, une m\u00eame logique de contr\u00f4le, de fouille\u2026 \u00c7a n\u2019a fondamentalement pas chang\u00e9\u00a0\u00bb, estime Florian Colas, directeur g\u00e9n\u00e9ral des douanes et droits indirects.<\/p>\n<p>Au total, le projet de r\u00e9habilitation a co\u00fbt\u00e9 1\u00a0million d\u2019euros, pris en charge par la Direction des douanes.<\/p>\n<p>Plus de d\u00e9tails sur <a href=\"https:\/\/www.musee-douanes.fr\/\" target=\"_blank\" rel=\"nofollow noopener\">musee-douanes.fr<\/a><\/p>\n","protected":false},"excerpt":{"rendered":"Un mus\u00e9e atypique m\u00e9connu en plein centre de Bordeaux. Jeudi 4\u00a0septembre, Am\u00e9lie de\u00a0Montchalin, ministre des Comptes publics, a&hellip;\n","protected":false},"author":2,"featured_media":365940,"comment_status":"","ping_status":"","sticky":false,"template":"","format":"standard","meta":{"footnotes":""},"categories":[2817],"tags":[1111,11,1997,1777,674,1011,27,12,2219,25],"class_list":{"0":"post-365939","1":"post","2":"type-post","3":"status-publish","4":"format-standard","5":"has-post-thumbnail","7":"category-bordeaux","8":"tag-actu","9":"tag-actualites","10":"tag-bordeaux","11":"tag-eu","12":"tag-europe","13":"tag-fr","14":"tag-france","15":"tag-news","16":"tag-nouvelle-aquitaine","17":"tag-republique-francaise"},"share_on_mastodon":{"url":"https:\/\/pubeurope.com\/@fr\/115146668915647498","error":""},"_links":{"self":[{"href":"https:\/\/www.europesays.com\/fr\/wp-json\/wp\/v2\/posts\/365939","targetHints":{"allow":["GET"]}}],"collection":[{"href":"https:\/\/www.europesays.com\/fr\/wp-json\/wp\/v2\/posts"}],"about":[{"href":"https:\/\/www.europesays.com\/fr\/wp-json\/wp\/v2\/types\/post"}],"author":[{"embeddable":true,"href":"https:\/\/www.europesays.com\/fr\/wp-json\/wp\/v2\/users\/2"}],"replies":[{"embeddable":true,"href":"https:\/\/www.europesays.com\/fr\/wp-json\/wp\/v2\/comments?post=365939"}],"version-history":[{"count":0,"href":"https:\/\/www.europesays.com\/fr\/wp-json\/wp\/v2\/posts\/365939\/revisions"}],"wp:featuredmedia":[{"embeddable":true,"href":"https:\/\/www.europesays.com\/fr\/wp-json\/wp\/v2\/media\/365940"}],"wp:attachment":[{"href":"https:\/\/www.europesays.com\/fr\/wp-json\/wp\/v2\/media?parent=365939"}],"wp:term":[{"taxonomy":"category","embeddable":true,"href":"https:\/\/www.europesays.com\/fr\/wp-json\/wp\/v2\/categories?post=365939"},{"taxonomy":"post_tag","embeddable":true,"href":"https:\/\/www.europesays.com\/fr\/wp-json\/wp\/v2\/tags?post=365939"}],"curies":[{"name":"wp","href":"https:\/\/api.w.org\/{rel}","templated":true}]}}