{"id":365941,"date":"2025-09-04T15:11:10","date_gmt":"2025-09-04T15:11:10","guid":{"rendered":"https:\/\/www.europesays.com\/fr\/365941\/"},"modified":"2025-09-04T15:11:10","modified_gmt":"2025-09-04T15:11:10","slug":"bordeaux-accueille-son-premier-bordel-de-la-poesie","status":"publish","type":"post","link":"https:\/\/www.europesays.com\/fr\/365941\/","title":{"rendered":"Bordeaux\u00a0accueille son premier \u00ab\u00a0Bordel de la po\u00e9sie\u00a0\u00bb"},"content":{"rendered":"<p>Il a fallu le flair de Magali Baillet, plus connue sous son nom de sc\u00e8ne Malou Blue, pour que le Bordel de la po\u00e9sie, \u00e9v\u00e9nement artistique n\u00e9 aux \u00c9tats-Unis, voie le jour \u00e0 Bordeaux. Cr\u00e9\u00e9 en 2008 \u00e0 New York, ce concept a \u00e9t\u00e9 repris \u00e0 Paris en 2014. \u00ab\u00a0Curieuse, je suis all\u00e9e \u00e0 une soir\u00e9e et j\u2019ai \u00e9t\u00e9 conquise par ce concept\u00a0\u00bb, pr\u00e9cise Magali Baillet. En accord et en partenariat avec les organisateurs parisiens, elle lancera le m\u00eame projet \u00e0 Bordeaux le 13\u00a0septembre \u00e0 partir de 19\u00a0heures en le rebaptisant \u00ab\u00a0le Bordel\u2019ais de la po\u00e9sie\u00a0\u00bb.<\/p>\n<p>Immersion po\u00e9tique<\/p>\n<p>Chaque participant se retrouvera en t\u00eate \u00e0 t\u00eate dans une alc\u00f4ve feutr\u00e9e et plongera dans la bulle intimiste d\u2019une po\u00e9tesse ou d\u2019un po\u00e8te qui lui lira un de ses textes. Pas de Baudelaire ou de Pr\u00e9vert, uniquement des po\u00e8mes d\u2019\u00e9crivains pr\u00e9sents et programm\u00e9s. Pour agr\u00e9menter ces moments d\u2019immersion po\u00e9tique et privil\u00e9gi\u00e9s, le public pourra \u00e9galement se faire tirer le portrait ou les cartes en compagnie de dessinateurs et de cartomanciens.<\/p>\n<p>Dans une ambiance des cabarets coquins des ann\u00e9es 1930 au caract\u00e8re festif, chaque entrevue intimiste sera limit\u00e9e \u00e0 un quart d\u2019heure avec chaque artiste. Dans cet assemblage de genres artistiques vari\u00e9s, la r\u00e8gle obligera les personnes \u00e0 changer d\u2019alc\u00f4ve, \u00e0 choisir un autre lecteur ou diseur, \u00e0 boire un verre, \u00e0 attendre ou \u00e0 papoter. Une quinzaine de talents bordelais et parisiens mixeront leurs talents, parmi lesquels Rosette, r\u00e9cente championne de France de la Ligue nationale de slam. Ils occuperont l\u2019ensemble du bel immeuble historique La Manuco, savamment agenc\u00e9 et d\u00e9cor\u00e9. Le restaurant sur place, Rest\u00d4 &amp; Cie, proposera des pauses de grignotage et de boissons. En fin de soir\u00e9e, des performances de slam et de musique viendront clore le premier Bordel bordelais.<\/p>\n<p>Samedi 13\u00a0septembre \u00e0 partir de 19\u00a0heures. La Manuco, 15, rue Causserouge \u00e0 Bordeaux. R\u00e9servations souhait\u00e9es\u00a0: 06\u00a026\u00a039\u00a055\u00a028, assomaloublue@gmail.com<\/p>\n","protected":false},"excerpt":{"rendered":"Il a fallu le flair de Magali Baillet, plus connue sous son nom de sc\u00e8ne Malou Blue, pour&hellip;\n","protected":false},"author":2,"featured_media":365942,"comment_status":"","ping_status":"","sticky":false,"template":"","format":"standard","meta":{"footnotes":""},"categories":[2817],"tags":[1111,11,1997,1777,674,1011,27,12,2219,25],"class_list":{"0":"post-365941","1":"post","2":"type-post","3":"status-publish","4":"format-standard","5":"has-post-thumbnail","7":"category-bordeaux","8":"tag-actu","9":"tag-actualites","10":"tag-bordeaux","11":"tag-eu","12":"tag-europe","13":"tag-fr","14":"tag-france","15":"tag-news","16":"tag-nouvelle-aquitaine","17":"tag-republique-francaise"},"share_on_mastodon":{"url":"https:\/\/pubeurope.com\/@fr\/115146672361478799","error":""},"_links":{"self":[{"href":"https:\/\/www.europesays.com\/fr\/wp-json\/wp\/v2\/posts\/365941","targetHints":{"allow":["GET"]}}],"collection":[{"href":"https:\/\/www.europesays.com\/fr\/wp-json\/wp\/v2\/posts"}],"about":[{"href":"https:\/\/www.europesays.com\/fr\/wp-json\/wp\/v2\/types\/post"}],"author":[{"embeddable":true,"href":"https:\/\/www.europesays.com\/fr\/wp-json\/wp\/v2\/users\/2"}],"replies":[{"embeddable":true,"href":"https:\/\/www.europesays.com\/fr\/wp-json\/wp\/v2\/comments?post=365941"}],"version-history":[{"count":0,"href":"https:\/\/www.europesays.com\/fr\/wp-json\/wp\/v2\/posts\/365941\/revisions"}],"wp:featuredmedia":[{"embeddable":true,"href":"https:\/\/www.europesays.com\/fr\/wp-json\/wp\/v2\/media\/365942"}],"wp:attachment":[{"href":"https:\/\/www.europesays.com\/fr\/wp-json\/wp\/v2\/media?parent=365941"}],"wp:term":[{"taxonomy":"category","embeddable":true,"href":"https:\/\/www.europesays.com\/fr\/wp-json\/wp\/v2\/categories?post=365941"},{"taxonomy":"post_tag","embeddable":true,"href":"https:\/\/www.europesays.com\/fr\/wp-json\/wp\/v2\/tags?post=365941"}],"curies":[{"name":"wp","href":"https:\/\/api.w.org\/{rel}","templated":true}]}}