{"id":365943,"date":"2025-09-04T15:12:12","date_gmt":"2025-09-04T15:12:12","guid":{"rendered":"https:\/\/www.europesays.com\/fr\/365943\/"},"modified":"2025-09-04T15:12:12","modified_gmt":"2025-09-04T15:12:12","slug":"plus-de-50-des-colleges-et-lycees-de-toulouse-manquent-de-professeurs-selon-les-syndicats","status":"publish","type":"post","link":"https:\/\/www.europesays.com\/fr\/365943\/","title":{"rendered":"Plus de 50% des coll\u00e8ges et lyc\u00e9es de Toulouse manquent de professeurs selon les syndicats"},"content":{"rendered":"<p><strong>En cette rentr\u00e9e 2025, Toulouse fait face \u00e0 une p\u00e9nurie de professeurs et de personnels \u00e9ducatifs. Selon le Snes-FSU, dans le second degr\u00e9, plus d\u2019un \u00e9tablissement sur deux d\u00e9bute l\u2019ann\u00e9e avec des \u00e9quipes incompl\u00e8tes, entra\u00eenant des heures de cours non assur\u00e9es et des vies scolaires sous tension.<\/strong><\/p>\n<p><img fetchpriority=\"high\" decoding=\"async\" width=\"1200\" height=\"800\" src=\"https:\/\/www.europesays.com\/fr\/wp-content\/uploads\/2025\/09\/professeur-absent.jpg\" alt=\"Le syndicat Snes-FSU estime qu'il manque des professeurs dans plus d'un coll\u00e8ge ou lyc\u00e9e sur deux \u00e0 Toulouse\"  \/><\/p>\n<p>Le syndicat Snes-FSU estime qu\u2019il manque des professeurs dans plus d\u2019un coll\u00e8ge ou lyc\u00e9e sur deux \u00e0 Toulouse. \u00a9erika8213\/Depositphotos<\/p>\n<p><a href=\"https:\/\/www.lejournaltoulousain.fr\/occitanie\/haute-garonne\/toulouse\/portable-sante-mentale-rentree-334896\/\" rel=\"nofollow noopener\" target=\"_blank\">La rentr\u00e9e 2025<\/a> met en lumi\u00e8re une <strong>crise profonde du recrutement dans l\u2019\u00c9ducation nationale<\/strong>. Dans l\u2019acad\u00e9mie de Toulouse, plusieurs signaux confirment <strong>des difficult\u00e9s structurelles<\/strong> dans le seconde degr\u00e9 selon le principal syndicat des enseignants Snes-FSU qui cite des concours de recrutement qui n\u2019ont pas fait le plein, des centaines de postes non pourvus, et une centaine d\u2019annonces encore publi\u00e9es sur la plateforme officielle du minist\u00e8re. Cons\u00e9quence directe, <strong>de nombreux \u00e9l\u00e8ves ont re\u00e7u des emplois du temps sans nom de professeur<\/strong> pour plusieurs mati\u00e8res.<\/p>\n<p>Une rentr\u00e9e marqu\u00e9e par des manques criants de professeurs, mais pas que\u2026<\/p>\n<p>Le syndicat Snes-FSU Toulouse avait pr\u00e9dit cette situation : \u00ab <strong>Il n\u2019y avait pas un professeur devant chaque classe lors de la premi\u00e8re semaine de septembre<\/strong> \u00bb. Pour la premi\u00e8re fois, la Premi\u00e8re ministre \u00c9lisabeth Borne a reconnu publiquement l\u2019ampleur du probl\u00e8me, m\u00eame si les chiffres officiels semblent minimis\u00e9s par rapport aux constats de terrain.<\/p>\n<p>Selon l\u2019enqu\u00eate men\u00e9e par le Snes-FSU Toulouse sur les trois premiers jours de la rentr\u00e9e, dans les coll\u00e8ges et lyc\u00e9es de la Ville rose, \u00ab <strong>plus d\u2019un \u00e9tablissement sur deux conna\u00eet une \u00e9quipe enseignante incompl\u00e8te<\/strong> \u00bb. La situation s\u2019aggrave lorsqu\u2019on \u00e9largit l\u2019analyse \u00e0 l\u2019ensemble du personnel \u00e9ducatif : \u00ab <strong>dans pr\u00e8s de trois \u00e9tablissements sur quatre, les \u00e9quipes pluridisciplinaires (enseignants, conseillers principaux d\u2019\u00e9ducation, psychologues, assistants d\u2019\u00e9ducation ou AESH) ne sont pas au complet<\/strong> \u00bb.<\/p>\n<p>Des cons\u00e9quences sur le quotidien des \u00e9l\u00e8ves<\/p>\n<p>Cette p\u00e9nurie entra\u00eene des r\u00e9percussions imm\u00e9diates. <strong>De nombreuses heures de cours risquent de ne pas \u00eatre assur\u00e9es dans plusieurs disciplines<\/strong>. Les vies scolaires fonctionnent parfois en sous-effectifs, voire ferment sur certaines plages horaires. L\u2019orientation, d\u00e9j\u00e0 fragilis\u00e9e, repose davantage sur les enseignants, dont la charge de travail d\u00e9passe leurs obligations r\u00e9glementaires. <strong>Quant aux \u00e9l\u00e8ves en situation de handicap, ils ne b\u00e9n\u00e9ficient pas toujours d\u2019un accompagnement adapt\u00e9<\/strong> sur l\u2019ensemble de leur temps scolaire.<\/p>\n<p>Face \u00e0 ce constat, le syndicat estime que l\u2019\u00e9cole publique est \u00ab \u00e0 un point de bascule \u00bb et appelle \u00e0 <strong>des mesures urgentes<\/strong> : r\u00e9orientations budg\u00e9taires, recrutement de personnels form\u00e9s et am\u00e9lioration des conditions de travail et de r\u00e9mun\u00e9ration. <strong><a href=\"https:\/\/toulouse.snes.edu\/spip.php?page=article&amp;id_article=2151\" target=\"_blank\" rel=\"noreferrer noopener nofollow\">Deux journ\u00e9es de mobilisation et de gr\u00e8ve sont d\u00e9j\u00e0 pr\u00e9vues, les 10 et 18 septembre<\/a><\/strong>, pour alerter sur la situation.<\/p>\n","protected":false},"excerpt":{"rendered":"En cette rentr\u00e9e 2025, Toulouse fait face \u00e0 une p\u00e9nurie de professeurs et de personnels \u00e9ducatifs. Selon le&hellip;\n","protected":false},"author":2,"featured_media":365944,"comment_status":"","ping_status":"","sticky":false,"template":"","format":"standard","meta":{"footnotes":""},"categories":[2816],"tags":[1111,11,1777,674,1011,27,12,2680,50045,25,2312],"class_list":{"0":"post-365943","1":"post","2":"type-post","3":"status-publish","4":"format-standard","5":"has-post-thumbnail","7":"category-toulouse","8":"tag-actu","9":"tag-actualites","10":"tag-eu","11":"tag-europe","12":"tag-fr","13":"tag-france","14":"tag-news","15":"tag-occitanie","16":"tag-plus-de-50-des-collu00e8ges-et-lycu00e9es-de-toulouse-manquent-de-professeurs-selon-les-syndicats","17":"tag-republique-francaise","18":"tag-toulouse"},"share_on_mastodon":{"url":"https:\/\/pubeurope.com\/@fr\/115146676365762799","error":""},"_links":{"self":[{"href":"https:\/\/www.europesays.com\/fr\/wp-json\/wp\/v2\/posts\/365943","targetHints":{"allow":["GET"]}}],"collection":[{"href":"https:\/\/www.europesays.com\/fr\/wp-json\/wp\/v2\/posts"}],"about":[{"href":"https:\/\/www.europesays.com\/fr\/wp-json\/wp\/v2\/types\/post"}],"author":[{"embeddable":true,"href":"https:\/\/www.europesays.com\/fr\/wp-json\/wp\/v2\/users\/2"}],"replies":[{"embeddable":true,"href":"https:\/\/www.europesays.com\/fr\/wp-json\/wp\/v2\/comments?post=365943"}],"version-history":[{"count":0,"href":"https:\/\/www.europesays.com\/fr\/wp-json\/wp\/v2\/posts\/365943\/revisions"}],"wp:featuredmedia":[{"embeddable":true,"href":"https:\/\/www.europesays.com\/fr\/wp-json\/wp\/v2\/media\/365944"}],"wp:attachment":[{"href":"https:\/\/www.europesays.com\/fr\/wp-json\/wp\/v2\/media?parent=365943"}],"wp:term":[{"taxonomy":"category","embeddable":true,"href":"https:\/\/www.europesays.com\/fr\/wp-json\/wp\/v2\/categories?post=365943"},{"taxonomy":"post_tag","embeddable":true,"href":"https:\/\/www.europesays.com\/fr\/wp-json\/wp\/v2\/tags?post=365943"}],"curies":[{"name":"wp","href":"https:\/\/api.w.org\/{rel}","templated":true}]}}