{"id":365947,"date":"2025-09-04T15:14:10","date_gmt":"2025-09-04T15:14:10","guid":{"rendered":"https:\/\/www.europesays.com\/fr\/365947\/"},"modified":"2025-09-04T15:14:10","modified_gmt":"2025-09-04T15:14:10","slug":"trois-vehicules-impliques-dans-un-accident-sur-la25-ce-jeudi","status":"publish","type":"post","link":"https:\/\/www.europesays.com\/fr\/365947\/","title":{"rendered":"trois v\u00e9hicules impliqu\u00e9s dans un accident sur l\u2019A25 ce jeudi"},"content":{"rendered":"<p>            Par<br \/>\n        <strong><br \/>\n            <a href=\"https:\/\/actu.fr\/auteur\/raphael-mahlmann\" title=\"Consulter tous les articles de Rapha\u00ebl Mahlmann\" target=\"_blank\" rel=\"noopener\">Rapha\u00ebl Mahlmann<\/a><br \/>\n        <\/strong><\/p>\n<p>        Publi\u00e9 le<\/p>\n<p>            4 sept. 2025 \u00e0 17h01        <\/p>\n<p>Prudence si vous prenez la route. Un<b> accident <\/b>s\u2019est produit sur l\u2019<a href=\"https:\/\/actu.fr\/hauts-de-france\/lille_59350\/lille-un-homme-chute-et-meurt-sur-lautoroute-a25-juste-en-face-du-centre-lillenium_62430884.html\" target=\"_blank\" rel=\"noopener\">A25<\/a>, dans le sens <b>Lille-Dunkerque<\/b>, ce jeudi 4\u00a0septembre 2025, alerte la pr\u00e9fecture du Nord. La circulation est ralentie dans le secteur. On fait le point sur la situation.<\/p>\n<p>10 km de bouchon<\/p>\n<p class=\" wall-content\">Trois v\u00e9hicules l\u00e9gers sont impliqu\u00e9s dans cet accident survenu \u00e0 <a href=\"https:\/\/actu.fr\/hauts-de-france\/ennetieres-en-weppes_59196\" target=\"_blank\" rel=\"noopener\">Enneti\u00e8res-en-Weppes<\/a>, une commune de la m\u00e9tropole lilloise. Un sur-accident est en cours. \u00ab\u2009Un<b> bouchon de 10 km <\/b>est signal\u00e9 depuis Lille avec des r\u00e9percussions sur la M652 Rocade Nord Ouest depuis Lomme\u00a0\u00bb, pr\u00e9cise la pr\u00e9fecture. <b>La voie de gauche a \u00e9t\u00e9 neutralis\u00e9e<\/b>. La pr\u00e9fecture recommande d\u2019\u00e9viter le secteur.<\/p>\n<p class=\" wall-content\">Personnalisez votre actualit\u00e9 en ajoutant vos villes et m\u00e9dias en favori avec <a href=\"https:\/\/moncompte.actu.fr\" title=\"D\u00e9couvez Mon Actu\" rel=\"nofollow noopener\" data-trk=\"{&quot;cta&quot;:{&quot;action&quot;:&quot;https:\\\/\\\/moncompte.actu.fr&quot;,&quot;category&quot;:&quot;mon compte&quot;,&quot;from&quot;:&quot;article footer&quot;,&quot;name&quot;:&quot;Mon actu&quot;,&quot;type&quot;:&quot;cta&quot;}}\" target=\"_blank\">Mon Actu<\/a>.<\/p>\n","protected":false},"excerpt":{"rendered":"Par Rapha\u00ebl Mahlmann Publi\u00e9 le 4 sept. 2025 \u00e0 17h01 Prudence si vous prenez la route. Un accident&hellip;\n","protected":false},"author":2,"featured_media":365948,"comment_status":"","ping_status":"","sticky":false,"template":"","format":"standard","meta":{"footnotes":""},"categories":[2815],"tags":[119,1111,11,1777,674,1011,27,811,803,1307,12,25,104],"class_list":{"0":"post-365947","1":"post","2":"type-post","3":"status-publish","4":"format-standard","5":"has-post-thumbnail","7":"category-lille","8":"tag-accident","9":"tag-actu","10":"tag-actualites","11":"tag-eu","12":"tag-europe","13":"tag-fr","14":"tag-france","15":"tag-hauts-de-france","16":"tag-info-trafic","17":"tag-lille","18":"tag-news","19":"tag-republique-francaise","20":"tag-societe"},"share_on_mastodon":{"url":"https:\/\/pubeurope.com\/@fr\/115146684408762165","error":""},"_links":{"self":[{"href":"https:\/\/www.europesays.com\/fr\/wp-json\/wp\/v2\/posts\/365947","targetHints":{"allow":["GET"]}}],"collection":[{"href":"https:\/\/www.europesays.com\/fr\/wp-json\/wp\/v2\/posts"}],"about":[{"href":"https:\/\/www.europesays.com\/fr\/wp-json\/wp\/v2\/types\/post"}],"author":[{"embeddable":true,"href":"https:\/\/www.europesays.com\/fr\/wp-json\/wp\/v2\/users\/2"}],"replies":[{"embeddable":true,"href":"https:\/\/www.europesays.com\/fr\/wp-json\/wp\/v2\/comments?post=365947"}],"version-history":[{"count":0,"href":"https:\/\/www.europesays.com\/fr\/wp-json\/wp\/v2\/posts\/365947\/revisions"}],"wp:featuredmedia":[{"embeddable":true,"href":"https:\/\/www.europesays.com\/fr\/wp-json\/wp\/v2\/media\/365948"}],"wp:attachment":[{"href":"https:\/\/www.europesays.com\/fr\/wp-json\/wp\/v2\/media?parent=365947"}],"wp:term":[{"taxonomy":"category","embeddable":true,"href":"https:\/\/www.europesays.com\/fr\/wp-json\/wp\/v2\/categories?post=365947"},{"taxonomy":"post_tag","embeddable":true,"href":"https:\/\/www.europesays.com\/fr\/wp-json\/wp\/v2\/tags?post=365947"}],"curies":[{"name":"wp","href":"https:\/\/api.w.org\/{rel}","templated":true}]}}