{"id":365949,"date":"2025-09-04T15:15:10","date_gmt":"2025-09-04T15:15:10","guid":{"rendered":"https:\/\/www.europesays.com\/fr\/365949\/"},"modified":"2025-09-04T15:15:10","modified_gmt":"2025-09-04T15:15:10","slug":"braderie-ou-non-que-faire-du-cote-de-lille-le-week-end-des-6-et-7-septembre","status":"publish","type":"post","link":"https:\/\/www.europesays.com\/fr\/365949\/","title":{"rendered":"Braderie ou non, que faire du c\u00f4t\u00e9 de Lille le week-end des 6 et 7 septembre\u00a0?"},"content":{"rendered":"<p>            Par<br \/>\n        <strong><br \/>\n            <a href=\"https:\/\/actu.fr\/auteur\/amandine-vachez\" title=\"Consulter tous les articles de Amandine Vachez\" target=\"_blank\" rel=\"noopener\">Amandine Vachez<\/a><br \/>\n        <\/strong><\/p>\n<p>        Publi\u00e9 le<\/p>\n<p>            4 sept. 2025 \u00e0 17h06        <\/p>\n<p>Difficile de louper l\u2019info\u2009: les<b> samedi\u00a06 et dimanche 7\u00a0septembre 2025<\/b> revient \u00e0 <a href=\"https:\/\/actu.fr\/lille\/\" target=\"_blank\" rel=\"noopener\">Lille<\/a> (Nord) <b>la plus grande braderie d\u2019Europe<\/b>\u2009! Que vous aimiez l\u2019\u00e9v\u00e9nement ou le fuyiez, on vous donne des <b>id\u00e9es de sorties <\/b>pour ce premier<b> week-end<\/b> du mois, synonyme de rentr\u00e9e (scolaire et culturelle\u2009!).\u00a0<\/p>\n<p>Que faire POUR la Braderie\u2009?<\/p>\n<ul class=\" wall-content\">\n<li><b>Une Braderie funky<\/b><br \/>Cette ann\u00e9e, la Braderie sera \u00ab\u2009funky\u2009\u00bb comme l\u2019annonce <a href=\"https:\/\/actu.fr\/hauts-de-france\/lille_59350\/braderie-de-lille-vous-etes-nombreux-a-la-demander-laffiche-officielle-en-vente-pour-la-bonne-cause_62945629.html\" target=\"_blank\" rel=\"noopener\">son affiche officielle<\/a>. Il y aura les ventes traditionnelles de particuliers et de professionnels, mais aussi des \u00e9v\u00e9nements, organis\u00e9s par les commerces et lieux culturels et associatifs. Musique, bonnes affaires, <a href=\"https:\/\/actu.fr\/hauts-de-france\/lille_59350\/la-foire-aux-maneges-de-lille-ouvre-ses-portes-ce-samedi-30-aout_63093159.html\" target=\"_blank\" rel=\"noopener\">f\u00eate foraine<\/a>, <a href=\"https:\/\/actu.fr\/hauts-de-france\/lille_59350\/quels-prix-pour-les-moules-frites-de-la-braderie-de-lille-les-restaurants-devoilent-leurs-tarifs_63112261.html\" target=\"_blank\" rel=\"noopener\">moules-frites<\/a>\u2026 Une nouvelle \u00e9dition qui s\u2019annonce festive\u2009! Pour pr\u00e9parer votre venue, consultez le <a href=\"https:\/\/www.lille.fr\/Braderie-de-Lille\/Actualites\/Guide-de-la-Braderie-de-Lille-2025\" target=\"_blank\" rel=\"noopener\">\u00ab\u2009guide du bradeux\u2009\u00bb<\/a>.<\/li>\n<li><b>Manger et faire la f\u00eate dans les restos<\/b><br \/>Pour la Braderie de Lille, les restaurants passent en mode festif. Magmatic, Mama Shelter, Fada\u2026 <a href=\"https:\/\/actu.fr\/hauts-de-france\/lille_59350\/braderie-de-lille-6-restos-incroyables-pour-manger-et-faire-la-fete-lors-du-plus-gros-evenement-de-lannee_63106133.html\" target=\"_blank\" rel=\"noopener\">On vous liste\u00a06 lieux incontournables<\/a> o\u00f9 s\u2019enjailler tout en se sustentant ce week-end.<\/li>\n<li><b>Broc \u00e0 v\u00e9los \u00e0 Wazemmes<\/b><br \/>Samedi, la place de la Nouvelle Aventure accueillera une grande vente de v\u00e9los d\u2019occasion et de pi\u00e8ces d\u00e9tach\u00e9es, l\u2019occasion id\u00e9ale pour chiner sa prochaine bicyclette \u00e0 petit prix\u2009!<\/li>\n<li><b>Braderie des enfants et espace BD au mus\u00e9e<\/b><br \/>Samedi et dimanche, la Braderie des enfants animera la cour de la gare Saint-Sauveur. Jouets, v\u00eatements et mat\u00e9riel de pu\u00e9riculture seront mis en vente \u00e0 des prix attractifs. \u00c0 quelques rues de l\u00e0, le Palais des Beaux-arts accueille la Braderie de la BD. Les amateurs y trouveront des p\u00e9pites\u2009!<\/li>\n<li><b>Des fringues de Morgane, d\u2019HPI, en vente \u00e0 Lille<\/b><br \/>C\u2019est un \u00e9v\u00e9nement qui va attirer les fans\u2009! Le dressing de l\u2019h\u00e9ro\u00efne d\u2019HPI, s\u00e9rie tourn\u00e9e dans la m\u00e9tropole lilloise, sera en vente pour les adieux de la s\u00e9rie \u00e0 succ\u00e8s. On vous donne les infos \u00e0 avoir en t\u00eate <a href=\"https:\/\/actu.fr\/hauts-de-france\/lille_59350\/vente-exceptionnelle-a-la-braderie-de-lille-pour-ses-adieux-la-serie-hpi-vide-son-dressing_63109996.html\" target=\"_blank\" rel=\"noopener\">par ici<\/a>.<\/li>\n<li><b>Profiter dans les bars, comme avec l\u2019\u00e9lection de Miss et Mister Moule<\/b><br \/>Les bars organisent pour certains des \u00e9v\u00e9nements marquants, pour la Braderie de Lille. Parmi eux le traditionnel concours de Miss et Mister Moule, <a href=\"https:\/\/www.instagram.com\/kolorbar.lille\/?hl=fr\" target=\"_blank\" rel=\"noopener\">dans le bar 80s Le Kolor<\/a>, rue Saint-Andr\u00e9. De jolis lots sont en jeu. Avis aux spectateurs, l\u2019\u00e9v\u00e9nement est pris\u00e9\u2009!<\/li>\n<\/ul>\n<p class=\" wall-content\"><a href=\"https:\/\/www.instagram.com\/p\/DN7vS4JCEIU\/embed\" title=\"Ouvrir le lien sur Instagram\" target=\"_blank\" rel=\"noopener\">Visualiser le contenu sur Instagram<\/a><\/p>\n<p>Que faire HORS Braderie\u2009?<\/p>\n<ul class=\" wall-content\">\n<li><b>Un grand loto \u00e0 Lillenium<\/b><br \/>Samedi apr\u00e8s-midi, un grand loto se tiendra dans le centre commercial Lillenium. De 14\u2009h \u00e0 18\u2009h, l\u2019association Coup Dur Senior anime l\u2019\u00e9v\u00e9nement, avec \u00e0 la cl\u00e9 1\u2009500\u00a0euros de cartes cadeaux Lillenium, des bons d\u2019achat et plusieurs autres lots seront \u00e0 gagner. Les inscriptions se font sur place avec de nouvelles sessions toutes les 30\u00a0minutes. Plus d\u2019infos <a href=\"https:\/\/www.lillenium-lille.com\/actualites\/grand-loto-le-samedi-6-septembre\/\" target=\"_blank\" rel=\"noopener\">par ici<\/a>.<\/li>\n<li><b>Nouvelle expo au Mus\u00e9e du Terroir et acc\u00e8s gratuit dimanche<\/b><br \/>Pour ce week-end de rentr\u00e9e, le Mus\u00e9e du Terroir inaugure une nouvelle exposition, dimanche. L\u2019histoire des douanes dans la r\u00e9gion y est mise \u00e0 l\u2019honneur, avec une collection d\u2019objets d\u2019exception. Au programme du 7\u00a0septembre\u2009: entr\u00e9e gratuite et animations pour toute la famille, de 14\u2009h\u200930 \u00e0 17\u2009h\u200930.<\/li>\n<li><b>Les mus\u00e9es gratuits ce premier dimanche du mois<\/b><br \/>Amateurs de culture, vous le savez d\u00e9j\u00e0\u2009: les mus\u00e9es \u2013 du moins leurs collections permanentes \u2013 sont en acc\u00e8s libre, le premier dimanche du mois. Ceux de Lille sont concern\u00e9s, mais aussi d\u2019autres de la m\u00e9tropole, o\u00f9 vous n\u2019aurez pas \u00e0 affronter la foule dans les rues pour vous y rendre. La liste est disponible <a href=\"https:\/\/actu.fr\/hauts-de-france\/lille_59350\/bon-plan-les-musees-gratuits-a-lille-le-premier-dimanche-du-mois_60915664.html\" target=\"_blank\" rel=\"noopener\">via ce lien<\/a>.<\/li>\n<li><b>Des brocantes autour de Lille<\/b><br \/>Bauvin, Haubourdin, Hem, Croix, Loos, Roubaix, Tourcoing\u2026 D\u2019autres villes de la m\u00e9tropole accueillent des brocantes et vide-greniers, ce week-end. L\u2019occasion de profiter des joies des bonnes affaires, tout en \u00e9vitant la foule lilloise. On vous liste les ventes nordistes de samedi et dimanche, <a href=\"https:\/\/actu.fr\/loisirs-culture\/les-brocantes-braderies-et-vide-greniers-organises-dans-le-nord-le-week-end-des-6-et-7-septembre_63109618.html\" target=\"_blank\" rel=\"noopener\">dans un article cibl\u00e9<\/a>.<\/li>\n<li><b>Manger, s\u2019amuser et jouer, dans cette grande plaine de loisirs<\/b><br \/>Si vous ne connaissez pas l\u2019endroit, c\u2019est peut-\u00eatre le moment de le d\u00e9couvrir enfin. \u00c0 Lesquin, une grande\u00a0zone de loisirs\u00a0est ouverte, en marge de la grande zone commerciale \u00e0 cheval entre la ville et Faches-Thumesnil. On vous la pr\u00e9sente <a href=\"https:\/\/actu.fr\/hauts-de-france\/lesquin_59343\/manger-samuser-jouer-que-trouve-t-on-dans-la-grande-zone-de-loisirs-de-lesquin_62987978.html\" target=\"_blank\" rel=\"noopener\">dans cet article<\/a>.<\/li>\n<li><b>Tester un concept ludique familial comme Palomano<\/b><br \/>Une ville \u00e0 hauteur d\u2019enfants\u00a0pour reconnecter les\u00a0familles, et passer du temps loin des \u00e9crans. Voici l\u2019objectif de\u00a0Palomano, un\u00a0nouveau parc de jeux qui a ouvert ses portes en juin dernier \u00e0 La Maillerie, \u00e0\u00a0Villeneuve-d\u2019Ascq. Si vous ne connaissez pas l\u2019endroit, c\u2019est peut-\u00eatre une belle occasion\u2009! Plus d\u2019infos <a href=\"https:\/\/actu.fr\/hauts-de-france\/villeneuve-d-ascq_59009\/decouvrez-palomano-le-parc-de-jeux-pour-les-enfants-et-les-parents-qui-ouvre-a-villeneuve-dascq_62781849.html\" target=\"_blank\" rel=\"noopener\">dans notre article consacr\u00e9 au lieu<\/a>.<\/li>\n<\/ul>\n<p class=\" wall-content\">Personnalisez votre actualit\u00e9 en ajoutant vos villes et m\u00e9dias en favori avec <a href=\"https:\/\/moncompte.actu.fr\" title=\"D\u00e9couvez Mon Actu\" rel=\"nofollow noopener\" data-trk=\"{&quot;cta&quot;:{&quot;action&quot;:&quot;https:\\\/\\\/moncompte.actu.fr&quot;,&quot;category&quot;:&quot;mon compte&quot;,&quot;from&quot;:&quot;article footer&quot;,&quot;name&quot;:&quot;Mon actu&quot;,&quot;type&quot;:&quot;cta&quot;}}\" target=\"_blank\">Mon Actu<\/a>.<\/p>\n<p>                    <script async src=\"\/\/www.instagram.com\/embed.js\"><\/script><\/p>\n","protected":false},"excerpt":{"rendered":"Par Amandine Vachez Publi\u00e9 le 4 sept. 2025 \u00e0 17h06 Difficile de louper l\u2019info\u2009: les samedi\u00a06 et dimanche&hellip;\n","protected":false},"author":2,"featured_media":365950,"comment_status":"","ping_status":"","sticky":false,"template":"","format":"standard","meta":{"footnotes":""},"categories":[2815],"tags":[1111,11,18703,1777,674,652,1011,27,811,1307,1652,12,25],"class_list":{"0":"post-365949","1":"post","2":"type-post","3":"status-publish","4":"format-standard","5":"has-post-thumbnail","7":"category-lille","8":"tag-actu","9":"tag-actualites","10":"tag-braderie-de-lille","11":"tag-eu","12":"tag-europe","13":"tag-famille","14":"tag-fr","15":"tag-france","16":"tag-hauts-de-france","17":"tag-lille","18":"tag-loisirs-culture","19":"tag-news","20":"tag-republique-francaise"},"share_on_mastodon":{"url":"https:\/\/pubeurope.com\/@fr\/115146688060040246","error":""},"_links":{"self":[{"href":"https:\/\/www.europesays.com\/fr\/wp-json\/wp\/v2\/posts\/365949","targetHints":{"allow":["GET"]}}],"collection":[{"href":"https:\/\/www.europesays.com\/fr\/wp-json\/wp\/v2\/posts"}],"about":[{"href":"https:\/\/www.europesays.com\/fr\/wp-json\/wp\/v2\/types\/post"}],"author":[{"embeddable":true,"href":"https:\/\/www.europesays.com\/fr\/wp-json\/wp\/v2\/users\/2"}],"replies":[{"embeddable":true,"href":"https:\/\/www.europesays.com\/fr\/wp-json\/wp\/v2\/comments?post=365949"}],"version-history":[{"count":0,"href":"https:\/\/www.europesays.com\/fr\/wp-json\/wp\/v2\/posts\/365949\/revisions"}],"wp:featuredmedia":[{"embeddable":true,"href":"https:\/\/www.europesays.com\/fr\/wp-json\/wp\/v2\/media\/365950"}],"wp:attachment":[{"href":"https:\/\/www.europesays.com\/fr\/wp-json\/wp\/v2\/media?parent=365949"}],"wp:term":[{"taxonomy":"category","embeddable":true,"href":"https:\/\/www.europesays.com\/fr\/wp-json\/wp\/v2\/categories?post=365949"},{"taxonomy":"post_tag","embeddable":true,"href":"https:\/\/www.europesays.com\/fr\/wp-json\/wp\/v2\/tags?post=365949"}],"curies":[{"name":"wp","href":"https:\/\/api.w.org\/{rel}","templated":true}]}}