{"id":365951,"date":"2025-09-04T15:16:12","date_gmt":"2025-09-04T15:16:12","guid":{"rendered":"https:\/\/www.europesays.com\/fr\/365951\/"},"modified":"2025-09-04T15:16:12","modified_gmt":"2025-09-04T15:16:12","slug":"les-investisseurs-varois-rejoignent-provence-angels-base-a-marseille","status":"publish","type":"post","link":"https:\/\/www.europesays.com\/fr\/365951\/","title":{"rendered":"Les investisseurs varois rejoignent Provence Angels bas\u00e9 \u00e0 Marseille"},"content":{"rendered":"<p>Attirer davantage d\u2019entrepreneurs soucieux de partager leur exp\u00e9rience et surtout de soutenir les p\u00e9pites du territoire et au-del\u00e0, c\u2019est l\u2019objectif de Christophe Baralotto, le pr\u00e9sident de Provence Angels, et de Ga\u00e9tan Ferrante, coordinateur (au sein de TVT Innovation) de Var Business Angels (VBA). Les deux r\u00e9seaux officialisent leur rapprochement avec un premier comit\u00e9 de s\u00e9lection pr\u00e9vu le 16 septembre \u00e0 la Villa Brignac \u00e0 Ollioules, auxquels sont convi\u00e9s les entrepreneurs du territoire tent\u00e9s par l\u2019aventure.<\/p>\n<p>Concr\u00e8tement, le r\u00e9seau varois compos\u00e9 d\u2019une quinzaine de membres int\u00e8gre donc d\u00e9sormais Provence Angels, bas\u00e9 \u00e0 Marseille, d\u2019une part pour \u00e9tudier ensemble les dossiers des startups et entreprises qui recherchent des fonds et un accompagnement, mais aussi pour f\u00e9d\u00e9rer les investisseurs varois et bucco-rhodaniens, pour atteindre une centaine de membres. <\/p>\n<p>\u00ab\u00a0Nous travaillons depuis des ann\u00e9es sur les m\u00eames dossiers, alors pourquoi ne pas mutualiser?\u00a0\u00bb, interroge Ga\u00e9tan Ferrante en charge du Var au sein de la structure \u00e9largie.Car l\u2019enjeu est de rendre plus fort ce r\u00e9seau de personnes priv\u00e9es qui soutiennent les jeunes pousses \u00e0 leurs d\u00e9buts, quand elles en ont le plus besoin.<\/p>\n<p>\u00ab\u00a0Nous restons de petits investisseurs. Ce n\u2019est pas facile de nous faire respecter par les fonds qui viennent ensuite, lorsque nous ressortons d\u2019une entreprise. Je suis assez satisfait d\u2019ailleurs car nous venons de sortir d\u2019une entreprise o\u00f9 nous \u00e9tions entr\u00e9s en 2017 qui s\u2019appelle Whoog, bas\u00e9e \u00e0 Sophia Antipolis, devenue Hublo en se rapprochant de la Parisienne medGO et notre \u00e9quation \u00e9conomique a \u00e9t\u00e9 respect\u00e9e\u00a0\u00bb, d\u00e9taille le pr\u00e9sident.<\/p>\n<p>Le ticket minimum est de 5.000 euros et il est demand\u00e9 aux membres d\u2019investir au moins une fois tous les deux ans. \u00ab\u00a0Mais comme c\u2019est risqu\u00e9, il est pr\u00e9f\u00e9rable d\u2019investir dans plusieurs entreprises en parall\u00e8le\u00a0\u00bb, ajoute le responsable qui a toutefois \u00e9valu\u00e9 \u00e0 1,3 fois la mise de d\u00e9part, le gain moyen r\u00e9alis\u00e9 par les Provence Angels lorsqu\u2019ils prennent le risque d\u2019investir.<\/p>\n<p>500 dossiers par an<\/p>\n<p>Si 60% des projets financ\u00e9s sont originaires de la r\u00e9gion, les candidats qui pr\u00e9sentent des dossiers \u2013 500 par an en moyenne \u2013 viennent de toute la France, une centaine vient pitcher devant les business angels et une dizaine est retenue, sachant que les investisseurs participent aussi souvent \u00e0 un \u00ab\u00a0deuxi\u00e8me tour\u00a0\u00bb dans la m\u00eame entreprise.<\/p>\n<p>\u00ab\u00a0En th\u00e9orie, nous restons entre 5 et 7 ans dans une entreprise mais dans les faits, c\u2019est plut\u00f4t au-del\u00e0\u00a0\u00bb, pr\u00e9cise Christophe Baralotto qui aimerait aussi attirer de grands groupes de la r\u00e9gion au sein de l\u2019association. \u00ab\u00a0L\u2019arriv\u00e9e de l\u2019antenne varoise va peut-\u00eatre permettre de cr\u00e9er un nouveau v\u00e9hicule pour investir.\u00a0\u00bb Mais c\u2019est avant tout un engagement \u00e0 dynamiser le tissu \u00e9conomique qui s\u2019exprime dans cette fusion.<\/p>\n<p>\u00ab\u00a0Quand les business angels interviennent, il n\u2019y a pas grand-monde, souvent les fondateurs ont utilis\u00e9 leurs fonds propres\u00a0\u00bb, analyse Ga\u00e9tan Ferrante. Le 16 septembre \u00e0 partir de 16 heures, les business angels pr\u00e9sents \u00e0 Ollioules pourront rencontrer une nouvelle promotion de candidats, et les \u00e9couter pr\u00e9senter leur projet. \u00ab\u00a0C\u2019est du militantisme; le but n\u2019est pas de renforcer le patrimoine, On perd souvent, mais quand on gagne, il faut faire en sorte qu\u2019on gagne beaucoup.\u00a0\u00bb<\/p>\n<p><strong>contact: contact@provenceangels.com<\/strong><\/p>\n","protected":false},"excerpt":{"rendered":"Attirer davantage d\u2019entrepreneurs soucieux de partager leur exp\u00e9rience et surtout de soutenir les p\u00e9pites du territoire et au-del\u00e0,&hellip;\n","protected":false},"author":2,"featured_media":365952,"comment_status":"","ping_status":"","sticky":false,"template":"","format":"standard","meta":{"footnotes":""},"categories":[2814],"tags":[1111,11,33,1777,674,1011,27,884,12,882,25],"class_list":{"0":"post-365951","1":"post","2":"type-post","3":"status-publish","4":"format-standard","5":"has-post-thumbnail","7":"category-marseille","8":"tag-actu","9":"tag-actualites","10":"tag-economie","11":"tag-eu","12":"tag-europe","13":"tag-fr","14":"tag-france","15":"tag-marseille","16":"tag-news","17":"tag-provence-alpes-cote-dazur","18":"tag-republique-francaise"},"share_on_mastodon":{"url":"https:\/\/pubeurope.com\/@fr\/115146692033356137","error":""},"_links":{"self":[{"href":"https:\/\/www.europesays.com\/fr\/wp-json\/wp\/v2\/posts\/365951","targetHints":{"allow":["GET"]}}],"collection":[{"href":"https:\/\/www.europesays.com\/fr\/wp-json\/wp\/v2\/posts"}],"about":[{"href":"https:\/\/www.europesays.com\/fr\/wp-json\/wp\/v2\/types\/post"}],"author":[{"embeddable":true,"href":"https:\/\/www.europesays.com\/fr\/wp-json\/wp\/v2\/users\/2"}],"replies":[{"embeddable":true,"href":"https:\/\/www.europesays.com\/fr\/wp-json\/wp\/v2\/comments?post=365951"}],"version-history":[{"count":0,"href":"https:\/\/www.europesays.com\/fr\/wp-json\/wp\/v2\/posts\/365951\/revisions"}],"wp:featuredmedia":[{"embeddable":true,"href":"https:\/\/www.europesays.com\/fr\/wp-json\/wp\/v2\/media\/365952"}],"wp:attachment":[{"href":"https:\/\/www.europesays.com\/fr\/wp-json\/wp\/v2\/media?parent=365951"}],"wp:term":[{"taxonomy":"category","embeddable":true,"href":"https:\/\/www.europesays.com\/fr\/wp-json\/wp\/v2\/categories?post=365951"},{"taxonomy":"post_tag","embeddable":true,"href":"https:\/\/www.europesays.com\/fr\/wp-json\/wp\/v2\/tags?post=365951"}],"curies":[{"name":"wp","href":"https:\/\/api.w.org\/{rel}","templated":true}]}}