{"id":365957,"date":"2025-09-04T15:19:10","date_gmt":"2025-09-04T15:19:10","guid":{"rendered":"https:\/\/www.europesays.com\/fr\/365957\/"},"modified":"2025-09-04T15:19:10","modified_gmt":"2025-09-04T15:19:10","slug":"loin-du-drame-de-lisbonne-les-lyonnais-gardent-confiance-dans-leurs-funiculaires","status":"publish","type":"post","link":"https:\/\/www.europesays.com\/fr\/365957\/","title":{"rendered":"loin du drame de Lisbonne, les Lyonnais gardent confiance dans leurs funiculaires"},"content":{"rendered":"<p>Les sp\u00e9cificit\u00e9s des \u00abficelles\u00bb lyonnaises les pr\u00e9servent de l\u2019usure et facilitent les contr\u00f4les des c\u00e2bles qui tractent les deux funiculaires de la ville r\u00e9guli\u00e8rement v\u00e9rifi\u00e9s par des organismes de s\u00e9curit\u00e9 agr\u00e9\u00e9s.<\/p>\n<p class=\"fig-paragraph\">Un demi-si\u00e8cle apr\u00e8s leur mise en service, deux\u00a0<a href=\"http:\/\/www.lefigaro.fr\/international\/portugal-les-trois-autres-funiculaires-de-lisbonne-a-l-arret-pour-verification-de-securite-apres-le-deraillement-de-l-ascenseur-de-la-gloria-20250904\" data-fig-type=\"NewsFlash\" data-gtm-custom-categorie=\"navigation\" data-gtm-custom-action=\"crossclick\" data-gtm-custom-label=\"Contextuel\" data-gtm-event=\"customEventSPE\" data-fig-domain=\"LEFIGARO\" rel=\"nofollow noopener\" target=\"_blank\">funiculaires<\/a>\u00a0gravissent toujours la\u00a0<a href=\"http:\/\/www.lefigaro.fr\/lyon\/cette-generosite-temoigne-de-l-attachement-profond-des-lyonnais-2-millions-d-euros-recoltes-pour-sauver-la-basilique-de-fourviere-20250219\" data-fig-type=\"NewsFlash\" data-gtm-custom-categorie=\"navigation\" data-gtm-custom-action=\"crossclick\" data-gtm-custom-label=\"Contextuel\" data-gtm-event=\"customEventSPE\" data-fig-domain=\"LEFIGARO\" rel=\"nofollow noopener\" target=\"_blank\">colline de Fourvi\u00e8re<\/a>, qui a compt\u00e9 jusqu\u2019\u00e0 cinq \u00ab ficelles\u00a0\u00bb. Comme bien des villes vallonn\u00e9es,\u00a0<a href=\"http:\/\/www.lefigaro.fr\/lyon\/lyon-un-corps-sans-vie-decouvert-le-long-de-la-route-m7-20250903\" data-fig-type=\"NewsFlash\" data-gtm-custom-categorie=\"navigation\" data-gtm-custom-action=\"crossclick\" data-gtm-custom-label=\"Contextuel\" data-gtm-event=\"customEventSPE\" data-fig-domain=\"LEFIGARO\" rel=\"nofollow noopener\" target=\"_blank\">Lyon\u00a0<\/a>a d\u00e9velopp\u00e9 ce mode de transport par c\u00e2ble \u00e0 la fin du 19e si\u00e8cle. Mais la comparaison avec les cabines jaunes lisbo\u00e8tes, qui font\u00a0<a href=\"http:\/\/www.lefigaro.fr\/international\/accident-de-funiculaire-a-lisbonne-une-francaise-figure-parmi-les-blesses-20250904\" data-fig-type=\"NewsFlash\" data-gtm-custom-categorie=\"navigation\" data-gtm-custom-action=\"crossclick\" data-gtm-custom-label=\"Contextuel\" data-gtm-event=\"customEventSPE\" data-fig-domain=\"LEFIGARO\" rel=\"nofollow noopener\" target=\"_blank\">tristement la une de l\u2019actualit\u00e9<\/a>, s\u2019arr\u00eate \u00e0 cette concomitance historique.<\/p>\n<p class=\"fig-paragraph\">Les funiculaires lyonnais, dont la version actuelle date en r\u00e9alit\u00e9 des ann\u00e9es 1970, ne se laissent pas voir au grand jour au milieu des rues, comme dans la capitale portugaise. Tout juste peut-on apercevoir les cabines rouges \u00e0 leur d\u00e9part, sur la passerelle enjambant la rue Tramassac avant de plonger dans leurs tunnels rocheux respectifs. Un atout de taille. \u00abLe funiculaire lyonnais \u00e9tant principalement \u00e0 l\u2019int\u00e9rieur, cela soumet moins l\u2019infrastructure aux intemp\u00e9ries ce qui limite les d\u00e9gradations\u00bb, souligne Valentin Lungenstrass (EELV) adjoint au maire en charge des mobilit\u00e9s.<\/p>\n<p class=\"fig-body-link\">\n            \u00c0 lire aussi<br \/>\n        <a class=\"fig-body-link__link\" href=\"http:\/\/www.lefigaro.fr\/international\/accident-de-funiculaire-a-lisbonne-en-2018-un-des-wagons-avait-deraille-en-raison-d-un-grave-defaut-d-entretien-20250903\" data-fig-type=\"NewsFlash\" data-gtm-custom-categorie=\"navigation\" data-gtm-custom-action=\"crossclick\" data-gtm-custom-label=\"Contextuel\" data-gtm-event=\"customEventSPE\" data-fig-domain=\"LEFIGARO\" rel=\"nofollow noopener\" target=\"_blank\">Accident de funiculaire \u00e0 Lisbonne\u00a0: en 2018, un des wagons avait d\u00e9raill\u00e9 en raison d\u2019un \u00abgrave d\u00e9faut d\u2019entretien\u00bb<br \/>\n    <\/a>\n<\/p>\n<p>                                    <a class=\"fig-a11y-skip a11y-hidden\" href=\"#fig-a11y-skip-main-inarticle\"><br \/>\n        Passer la publicit\u00e9<br \/>\n    <\/a><\/p>\n<p>\u00abIl n\u2019y a jamais eu de probl\u00e8me\u00bb<\/p>\n<p class=\"fig-paragraph\">Le contr\u00f4le visuel des c\u00e2bles est par ailleurs facilit\u00e9 puisque les c\u00e2bles sont apparents, et non enterr\u00e9s comme \u00e0 Lisbonne. Les agents les v\u00e9rifient et les testent d\u2019ailleurs tous les matins avant de lancer l\u2019exploitation. Et de transporter un peu plus de 12.000 voyageurs sur l\u2019ensemble des deux lignes, dont la premi\u00e8re dessert le site touristique de la basilique de Fourvi\u00e8re et la seconde le lyc\u00e9e Saint-Just.<\/p>\n<p class=\"fig-paragraph\">Les \u00e9l\u00e8ves crois\u00e9s ce jeudi matin portant leur livre tout neuf entre les premi\u00e8res gouttes de septembre ne paraissent pas inquiets de monter dans la cabine. \u00abIl n\u2019y a jamais eu de probl\u00e8me\u00bb, lance une lyc\u00e9enne. Ses mots r\u00e9sonnent en \u00e9cho quelques m\u00e8tres plus haut, au terminus, dans la bouche des anciens du quartier. Caf\u00e9 en main, B\u00e9atrice et Robert ont pris \u00abquotidiennement\u00bb cette ligne durant des d\u00e9cennies, \u00absans aucune inqui\u00e9tude\u00bb, car \u00abil est r\u00e9vis\u00e9 tous les ans\u00bb.<\/p>\n<p class=\"fig-paragraph\">En plus des c\u00e2bles chaque jour, de leur attache et des freins de voie chaque semaine ou des tests d\u00e9taill\u00e9s r\u00e9alis\u00e9s chaque mois, les deux lignes sont effectivement mises \u00e0 l\u2019arr\u00eat pour un contr\u00f4le annuel de deux \u00e0 trois semaines au cours de l\u2019hiver. Ces deux postiers qui montent la colline \u00e0 bord de la cabine rouge ont d\u00e9j\u00e0 coch\u00e9 la date dans leur agenda\u00a0: \u00ab On prendra le bus\u00a0!\u00bb.<\/p>\n<p>Dernier contr\u00f4le des c\u00e2bles il y a quinze jours<\/p>\n<p class=\"fig-paragraph\">Des inspections r\u00e9guli\u00e8res sont en plus r\u00e9alis\u00e9es par le Service technique des remont\u00e9es m\u00e9caniques et des transports guid\u00e9s (STRMTG), un organisme du minist\u00e8re des transports. \u00abLes derni\u00e8res inspections par organisme agr\u00e9\u00e9 des c\u00e2bles des funiculaires de Lyon remontent au 20 ao\u00fbt 2025\u00bb pr\u00e9cise RATP Dev qui exploite les deux lignes. Quant \u00e0 la visite d\u00e9cennale, longue de plusieurs mois, qui permet le remplacement des c\u00e2bles, elle est intervenue en 2018 et 2019 avec en prime un changement de cabine.<\/p>\n<p class=\"fig-paragraph\">\u00abL\u2019ensemble des contr\u00f4les et inspections p\u00e9riodiques impos\u00e9s par la r\u00e9glementation fran\u00e7aise sp\u00e9cifique aux transports par c\u00e2ble est strictement appliqu\u00e9 sur les funiculaires de Lyon, insiste l\u2019exploitant. En particulier sur les organes essentiels de s\u00e9curit\u00e9 que sont les c\u00e2bles, leurs attaches et les dispositifs de freinage\u00bb.<\/p>\n<p>                                    <a class=\"fig-a11y-skip a11y-hidden\" href=\"#fig-a11y-skip-main-inarticle_mtf\"><br \/>\n        Passer la publicit\u00e9<br \/>\n    <\/a><\/p>\n<p class=\"fig-paragraph\">Pas tout \u00e0 fait suffisant pour \u00e9vacuer la peur de quelques usagers qui se rem\u00e9morent le risque au moment de poser le pied dans la cabine. \u00abJ\u2019y ai pens\u00e9 en montant, reconna\u00eet cette quadrag\u00e9naire qui travaille \u00e0 Fourvi\u00e8re. Mais on a rapidement bascul\u00e9 dans notre conversation avec ma coll\u00e8gue\u00bb.<\/p>\n<p class=\"fig-paragraph\">En d\u00e9pit d\u2019accident dramatique, comme \u00e0 Kaprun en Autriche en 2000, le funiculaire est en r\u00e9alit\u00e9 un des moyens de transport les plus s\u00fbrs. Les touristes sortant de la bouche de la station Fourvi\u00e8re \u00e9taient en tout cas aussi nombreux qu\u2019\u00e0 l\u2019accoutum\u00e9e ce jeudi matin.<\/p>\n","protected":false},"excerpt":{"rendered":"Les sp\u00e9cificit\u00e9s des \u00abficelles\u00bb lyonnaises les pr\u00e9servent de l\u2019usure et facilitent les contr\u00f4les des c\u00e2bles qui tractent les&hellip;\n","protected":false},"author":2,"featured_media":365958,"comment_status":"","ping_status":"","sticky":false,"template":"","format":"standard","meta":{"footnotes":""},"categories":[1889],"tags":[119,1111,11,2430,1777,674,1011,27,2428,12,25,2216],"class_list":{"0":"post-365957","1":"post","2":"type-post","3":"status-publish","4":"format-standard","5":"has-post-thumbnail","7":"category-lyon","8":"tag-accident","9":"tag-actu","10":"tag-actualites","11":"tag-auvergne-rhone-alpes","12":"tag-eu","13":"tag-europe","14":"tag-fr","15":"tag-france","16":"tag-lyon","17":"tag-news","18":"tag-republique-francaise","19":"tag-transports-en-commun"},"share_on_mastodon":{"url":"https:\/\/pubeurope.com\/@fr\/115146703764779552","error":""},"_links":{"self":[{"href":"https:\/\/www.europesays.com\/fr\/wp-json\/wp\/v2\/posts\/365957","targetHints":{"allow":["GET"]}}],"collection":[{"href":"https:\/\/www.europesays.com\/fr\/wp-json\/wp\/v2\/posts"}],"about":[{"href":"https:\/\/www.europesays.com\/fr\/wp-json\/wp\/v2\/types\/post"}],"author":[{"embeddable":true,"href":"https:\/\/www.europesays.com\/fr\/wp-json\/wp\/v2\/users\/2"}],"replies":[{"embeddable":true,"href":"https:\/\/www.europesays.com\/fr\/wp-json\/wp\/v2\/comments?post=365957"}],"version-history":[{"count":0,"href":"https:\/\/www.europesays.com\/fr\/wp-json\/wp\/v2\/posts\/365957\/revisions"}],"wp:featuredmedia":[{"embeddable":true,"href":"https:\/\/www.europesays.com\/fr\/wp-json\/wp\/v2\/media\/365958"}],"wp:attachment":[{"href":"https:\/\/www.europesays.com\/fr\/wp-json\/wp\/v2\/media?parent=365957"}],"wp:term":[{"taxonomy":"category","embeddable":true,"href":"https:\/\/www.europesays.com\/fr\/wp-json\/wp\/v2\/categories?post=365957"},{"taxonomy":"post_tag","embeddable":true,"href":"https:\/\/www.europesays.com\/fr\/wp-json\/wp\/v2\/tags?post=365957"}],"curies":[{"name":"wp","href":"https:\/\/api.w.org\/{rel}","templated":true}]}}