{"id":365959,"date":"2025-09-04T15:20:13","date_gmt":"2025-09-04T15:20:13","guid":{"rendered":"https:\/\/www.europesays.com\/fr\/365959\/"},"modified":"2025-09-04T15:20:13","modified_gmt":"2025-09-04T15:20:13","slug":"inquietudes-sur-lavenir-des-manuels-scolaires-en-ile-de-france-02-09-2025-a-1831","status":"publish","type":"post","link":"https:\/\/www.europesays.com\/fr\/365959\/","title":{"rendered":"Inqui\u00e9tudes sur l&rsquo;avenir des manuels scolaires en Ile-de-France &#8211; 02\/09\/2025 \u00e0 18:31"},"content":{"rendered":"<p>        <img fetchpriority=\"high\" decoding=\"async\" src=\"https:\/\/www.europesays.com\/fr\/wp-content\/uploads\/2025\/09\/c427be6b00c04e3a0522c41c12245917-760x507.jpg\" alt=\"Plus de 500 professeurs, \u00e9crivains et \u00e9diteurs s'alarment du remplacement progressif en Ile-de-France des manuels scolaires par une plateforme num\u00e9rique ( AFP \/ Miguel MEDINA )\" loading=\"eager\" width=\"760\" height=\"507\" style=\"max-width: 100%!important; height: auto;\"\/><\/p>\n<p class=\"c-image-news__legend\">Plus de 500 professeurs, \u00e9crivains et \u00e9diteurs s&rsquo;alarment du remplacement progressif en Ile-de-France des manuels scolaires par une plateforme num\u00e9rique ( AFP \/ Miguel MEDINA )<\/p>\n<p>\n Ecrivains, \u00e9diteurs et nombre d&rsquo;enseignants redoutent une disparition progressive des manuels scolaires en Ile-de-France au profit de cours num\u00e9riques agr\u00e9g\u00e9s sur une plateforme unique, une accusation rejet\u00e9e par la r\u00e9gion dirig\u00e9e par Val\u00e9rie P\u00e9cresse.\n<\/p>\n<p>\n Plus de 500 signataires s&rsquo;alarment dans une tribune publi\u00e9e mardi par Le Monde d&rsquo;un remplacement des manuels scolaires en format papier ou num\u00e9rique par des cours en ligne accessibles sur une plateforme unique, Pearltrees.\n<\/p>\n<p>\n C&rsquo;est l&rsquo;\u00e9cole \u00ab\u00a0du scroll\u00a0\u00bb, \u00ab\u00a0un puzzle \u00e9clat\u00e9 o\u00f9 chaque \u00e9l\u00e8ve est livr\u00e9 \u00e0 lui-m\u00eame\u00a0\u00bb, argumente la p\u00e9tition, d\u00e9criant l&rsquo;absence de consultation des enseignants, parents et \u00e9l\u00e8ves.\n<\/p>\n<p>\n \u00ab\u00a0Nous ne sommes ni nostalgiques, ni technophobes. Mais nous affirmons que l&rsquo;\u00e9radication du manuel scolaire comme rep\u00e8re partag\u00e9 est une erreur\u00a0\u00bb, pr\u00e9cisent les signataires, parmi lesquels les \u00e9crivains Aur\u00e9lie Valognes et Sorj Chalandon ou l&rsquo;animateur St\u00e9phane Bern.\n<\/p>\n<p>\n Leur mobilisation fait suite \u00e0 l&rsquo;annonce par la pr\u00e9sidente de la r\u00e9gion Ile-de-France Val\u00e9rie P\u00e9cresse (LR) la semaine derni\u00e8re d&rsquo;un doublement du nombre de manuels num\u00e9riques dit \u00ab\u00a0libres\u00a0\u00bb, con\u00e7us par des responsables acad\u00e9miques franciliens.\n<\/p>\n<p>\n Ils sont d\u00e9sormais 50 \u00e0 \u00eatre accessibles gratuitement via Pearltrees.\n<\/p>\n<p>\n Mme P\u00e9cresse avait affirm\u00e9, lors de sa conf\u00e9rence de presse de rentr\u00e9e, que \u00ab\u00a0deux tiers des enseignants\u00a0\u00bb \u00e9taient \u00ab\u00a0aujourd&rsquo;hui utilisateurs de manuels libres\u00a0\u00bb.\n<\/p>\n<p>\n \u00ab\u00a0Trois-quarts des manuels offerts par la r\u00e9gion ne sont pas ouverts par les \u00e9l\u00e8ves\u00a0\u00bb, avait-elle aussi fait valoir.\n<\/p>\n<p>\n Elle a rappel\u00e9 que le choix avait \u00e9t\u00e9 donn\u00e9 en 2019 aux \u00e9tablissements de garder le papier, ou de passer au \u00ab\u00a0tout num\u00e9rique\u00a0\u00bb, \u00e0 la faveur d&rsquo;un changement des programmes qui impliquait l&rsquo;achat de nouveaux manuels. Les moiti\u00e9 des \u00e9tablissements avaient alors choisi de garder des manuels scolaires papier &#8211; tout en ayant acc\u00e8s aux manuels libres sur Pearltrees.\n<\/p>\n<p>\n \u00ab\u00a0Nous ne sommes pas dans la d\u00e9marche d&rsquo;aller vers le tout num\u00e9rique\u00a0\u00bb, assure \u00e0 l&rsquo;AFP le vice-pr\u00e9sident de la r\u00e9gion en charge des lyc\u00e9es, James Ch\u00e9ron.\n<\/p>\n<p> &#8211; Les \u00e9l\u00e8ves partag\u00e9s  &#8211;<\/p>\n<p>\n Mais une fois le choix du num\u00e9rique act\u00e9, plus de retour en arri\u00e8re possible pour les \u00e9tablissements avant le prochain renouvellement des programmes.\n<\/p>\n<p>\n En outre, pour cette nouvelle ann\u00e9e scolaire, m\u00eame les lyc\u00e9es franciliens qui n&rsquo;ont pas fait le choix du tout num\u00e9rique n&rsquo;ont pas re\u00e7u de dotation de la r\u00e9gion pour acheter de nouveaux manuels.\n<\/p>\n<p>\n \u00ab\u00a0Seuls les manuels num\u00e9riques seront financ\u00e9s et encore de mani\u00e8re tr\u00e8s imparfaite\u00a0\u00bb, d\u00e9plore Sophie V\u00e9n\u00e9titay, secr\u00e9taire g\u00e9n\u00e9rale du SNES-FSU, premier syndicat du secondaire.\n<\/p>\n<p>\n Le groupe d&rsquo;opposition communiste et \u00e9cologiste d&rsquo;Ile-de-France a fait part de ses craintes quant \u00e0 une \u00ab\u00a0remise en cause de la libert\u00e9 p\u00e9dagogique\u00a0\u00bb, affirmant que \u00ab\u00a0le cahier des charges du march\u00e9 public relatif \u00e0 cette plateforme permet \u00e0 la r\u00e9gion et \u00e0 son prestataire Pearltrees d&rsquo;en contr\u00f4ler les contenus en s&rsquo;octroyant le pouvoir de retirer un contenu\u00a0\u00bb.\n<\/p>\n<p>\n Patrice Lamothe, PDG de Pearltrees, soutient \u00e0 l&rsquo;inverse que les manuels disponibles sur sa plateforme \u00ab\u00a0ne sont pas seulement granulaires mais peuvent \u00eatre r\u00e9organis\u00e9s en parcours, \u00e0 l&rsquo;infini\u00a0\u00bb selon les souhaits p\u00e9dagogiques des enseignants.\n<\/p>\n<p>\n Joint par l&rsquo;AFP, il dit \u00ab\u00a0comprendre les craintes des \u00e9diteurs dont l&rsquo;industrie est en mutation\u00a0\u00bb et face aux pressions g\u00e9n\u00e9r\u00e9es par le passage au num\u00e9rique pour \u00ab\u00a0baisser leurs prix\u00a0\u00bb.\n<\/p>\n<p>\n Caroline Maitrot, fondatrice de Nomad Education, une autre plateforme de cours en ligne, pointe aussi une tentative des \u00e9diteurs de livres scolaires de maintenir une \u00ab\u00a0position dominante\u00a0\u00bb au lieu de s&rsquo;adapter aux usages num\u00e9riques des \u00e9l\u00e8ves.\n<\/p>\n<p>\n Sophie Venetitay \u00e9pingle des contradictions entre une volont\u00e9 de r\u00e9duire le temps d&rsquo;\u00e9cran des \u00e9l\u00e8ves mise en avant par l&rsquo;Education nationale, et le d\u00e9ploiement d&rsquo;outils d\u00e9mat\u00e9rialis\u00e9s.\n<\/p>\n<p>\n Le minist\u00e8re de l&rsquo;Education n&rsquo;a pas r\u00e9pondu \u00e0 la question de savoir si ces manuels num\u00e9riques libres \u00e9taient promus \u00e9galement dans d&rsquo;autres r\u00e9gions.\n<\/p>\n<p>\n Les \u00e9l\u00e8ves, eux, sont partag\u00e9s. Lila, en premi\u00e8re, dit \u00e0 l&rsquo;AFP pr\u00e9f\u00e8rer les manuels papier aux versions num\u00e9riques, mais les juge un peu vieillots et se tourne fr\u00e9quemment vers des professeurs youtubers.\n<\/p>\n<p>\n Un \u00e9l\u00e8ve qui entre en terminale \u00e0 Vincennes \u00e9tudie de son c\u00f4t\u00e9 dans un lyc\u00e9e pass\u00e9 aux manuels num\u00e9riques, mais ne les a jamais utilis\u00e9s l&rsquo;an dernier: trop compliqu\u00e9s \u00e0 trouver.\n<\/p>\n<p>\n Sybille, en terminale \u00e0 Paris, trouve pour sa part que les livres num\u00e9riques all\u00e8gent les sacs &#8230; et qu&rsquo;on ne risque pas de les oublier.<\/p>\n","protected":false},"excerpt":{"rendered":"Plus de 500 professeurs, \u00e9crivains et \u00e9diteurs s&rsquo;alarment du remplacement progressif en Ile-de-France des manuels scolaires par une&hellip;\n","protected":false},"author":2,"featured_media":365960,"comment_status":"","ping_status":"","sticky":false,"template":"","format":"standard","meta":{"footnotes":""},"categories":[1592],"tags":[400,1111,11,398,408,405,1777,674,1011,27,662,403,402,399,404,12,626,25,401,406,407],"class_list":{"0":"post-365959","1":"post","2":"type-post","3":"status-publish","4":"format-standard","5":"has-post-thumbnail","7":"category-ile-de-france","8":"tag-action-cac-40","9":"tag-actu","10":"tag-actualites","11":"tag-bourse-de-paris","12":"tag-boursorama","13":"tag-cotations","14":"tag-eu","15":"tag-europe","16":"tag-fr","17":"tag-france","18":"tag-ile-de-france","19":"tag-indices-devises","20":"tag-investir","21":"tag-investissement","22":"tag-marche-boursier","23":"tag-news","24":"tag-paris","25":"tag-republique-francaise","26":"tag-sicav","27":"tag-trackers","28":"tag-warrants"},"share_on_mastodon":{"url":"https:\/\/pubeurope.com\/@fr\/115146707763503786","error":""},"_links":{"self":[{"href":"https:\/\/www.europesays.com\/fr\/wp-json\/wp\/v2\/posts\/365959","targetHints":{"allow":["GET"]}}],"collection":[{"href":"https:\/\/www.europesays.com\/fr\/wp-json\/wp\/v2\/posts"}],"about":[{"href":"https:\/\/www.europesays.com\/fr\/wp-json\/wp\/v2\/types\/post"}],"author":[{"embeddable":true,"href":"https:\/\/www.europesays.com\/fr\/wp-json\/wp\/v2\/users\/2"}],"replies":[{"embeddable":true,"href":"https:\/\/www.europesays.com\/fr\/wp-json\/wp\/v2\/comments?post=365959"}],"version-history":[{"count":0,"href":"https:\/\/www.europesays.com\/fr\/wp-json\/wp\/v2\/posts\/365959\/revisions"}],"wp:featuredmedia":[{"embeddable":true,"href":"https:\/\/www.europesays.com\/fr\/wp-json\/wp\/v2\/media\/365960"}],"wp:attachment":[{"href":"https:\/\/www.europesays.com\/fr\/wp-json\/wp\/v2\/media?parent=365959"}],"wp:term":[{"taxonomy":"category","embeddable":true,"href":"https:\/\/www.europesays.com\/fr\/wp-json\/wp\/v2\/categories?post=365959"},{"taxonomy":"post_tag","embeddable":true,"href":"https:\/\/www.europesays.com\/fr\/wp-json\/wp\/v2\/tags?post=365959"}],"curies":[{"name":"wp","href":"https:\/\/api.w.org\/{rel}","templated":true}]}}