{"id":365963,"date":"2025-09-04T15:22:09","date_gmt":"2025-09-04T15:22:09","guid":{"rendered":"https:\/\/www.europesays.com\/fr\/365963\/"},"modified":"2025-09-04T15:22:09","modified_gmt":"2025-09-04T15:22:09","slug":"en-tournee-dans-des-salles-intimistes-ed-sheeran-annonce-une-date-surprise-au-zenith-de-paris","status":"publish","type":"post","link":"https:\/\/www.europesays.com\/fr\/365963\/","title":{"rendered":"En tourn\u00e9e dans des \u00ab\u202fsalles intimistes\u202f\u00bb, Ed Sheeran annonce une date surprise au Z\u00e9nith de Paris"},"content":{"rendered":"<p>            Par<br \/>\n        <strong><br \/>\n            <a href=\"https:\/\/actu.fr\/auteur\/redaction-paris\" title=\"Consulter tous les articles de R\u00e9daction Paris\" rel=\"nofollow noopener\" target=\"_blank\">R\u00e9daction Paris<\/a><br \/>\n        <\/strong><\/p>\n<p>        Publi\u00e9 le<\/p>\n<p>            4 sept. 2025 \u00e0 16h02        <\/p>\n<p>Apr\u00e8s avoir rempli le stade V\u00e9lodrome \u00e0 Marseille et le stade Pierre-Mauroy \u00e0 Lille en juin 2025, Ed Sheeran vient d\u2019annoncer une <strong>nouvelle tourn\u00e9e<\/strong> dans des salles \u00ab\u202fplus intimistes\u202f\u00bb. Cinq dates sont pr\u00e9vues en Europe, dont une au <a href=\"https:\/\/actu.fr\/ile-de-france\/paris_75056\/un-ogre-de-la-vie-un-bouffeur-d-horizon-le-zenith-de-paris-rend-hommage-a-son-fondateur-daniel-colling_62177844.html\" rel=\"nofollow noopener\" target=\"_blank\">Z\u00e9nith de Paris<\/a>.<\/p>\n<p>\u00ab\u00a0J\u2019adore jouer dans ce genre de salles\u00a0\u00bb<\/p>\n<p class=\" wall-content\">\u00ab Je viens faire des concerts en Europe. Ces shows seront plus intimistes que dans un stade, \u00e9videmment, mais quand m\u00eame incroyables. J\u2019adore jouer dans ce genre de salles \u00bb, a-t-il \u00e9crit sur Instagram.\u00a0Une tourn\u00e9e europ\u00e9ennes de <strong>cinq dates <\/strong>qui d\u00e9butera \u00e0 Paris le lundi 1er d\u00e9cembre 2025.\u00a0<\/p>\n<p class=\" wall-content\"><a href=\"https:\/\/www.instagram.com\/p\/DOImAsvgo9t\/embed\" title=\"Ouvrir le lien sur Instagram\" rel=\"nofollow noopener\" target=\"_blank\">Visualiser le contenu sur Instagram<\/a><\/p>\n<p class=\" wall-content\">L\u2019artiste aux quatre Grammys s\u2019appr\u00eate \u00e0 sortir <strong>un nouvel album<\/strong>, Play, le 12 septembre prochain, avant de repartir en janvier 2026 pour une nouvelle tourn\u00e9e mondiale dans les stades.<\/p>\n<p class=\" wall-content\">La billetterie ouvrira le <strong>11 septembre 2025<\/strong> et les pr\u00e9ventes deux jours plus t\u00f4t, le 9, sur <a href=\"https:\/\/www.aegpresents.fr\/event\/ed-sheeran\/\" rel=\"nofollow noopener\" target=\"_blank\">aegpresents.fr<\/a> ou <a href=\"https:\/\/www.ticketmaster.fr\/fr\/manifestation\/ed-sheeran-billet\/idmanif\/634310\/idtier\/28958271\" rel=\"nofollow noopener\" target=\"_blank\">ticketmaster.fr<\/a>.<\/p>\n<p class=\" wall-content\">Personnalisez votre actualit\u00e9 en ajoutant vos villes et m\u00e9dias en favori avec <a href=\"https:\/\/moncompte.actu.fr\" title=\"D\u00e9couvez Mon Actu\" rel=\"nofollow noopener\" data-trk=\"{&quot;cta&quot;:{&quot;action&quot;:&quot;https:\\\/\\\/moncompte.actu.fr&quot;,&quot;category&quot;:&quot;mon compte&quot;,&quot;from&quot;:&quot;article footer&quot;,&quot;name&quot;:&quot;Mon actu&quot;,&quot;type&quot;:&quot;cta&quot;}}\" target=\"_blank\">Mon Actu<\/a>.<\/p>\n<p>                    <script async src=\"\/\/www.instagram.com\/embed.js\"><\/script><\/p>\n","protected":false},"excerpt":{"rendered":"Par R\u00e9daction Paris Publi\u00e9 le 4 sept. 2025 \u00e0 16h02 Apr\u00e8s avoir rempli le stade V\u00e9lodrome \u00e0 Marseille&hellip;\n","protected":false},"author":2,"featured_media":365964,"comment_status":"","ping_status":"","sticky":false,"template":"","format":"standard","meta":{"footnotes":""},"categories":[1888],"tags":[1111,1928,11,1927,1697,1777,674,1011,27,1652,12,1926,626,1925,25],"class_list":{"0":"post-365963","1":"post","2":"type-post","3":"status-publish","4":"format-standard","5":"has-post-thumbnail","7":"category-paris","8":"tag-actu","9":"tag-actu-paris","10":"tag-actualites","11":"tag-actualites-paris","12":"tag-concert","13":"tag-eu","14":"tag-europe","15":"tag-fr","16":"tag-france","17":"tag-loisirs-culture","18":"tag-news","19":"tag-news-paris","20":"tag-paris","21":"tag-paris-news","22":"tag-republique-francaise"},"share_on_mastodon":{"url":"https:\/\/pubeurope.com\/@fr\/115146715614225905","error":""},"_links":{"self":[{"href":"https:\/\/www.europesays.com\/fr\/wp-json\/wp\/v2\/posts\/365963","targetHints":{"allow":["GET"]}}],"collection":[{"href":"https:\/\/www.europesays.com\/fr\/wp-json\/wp\/v2\/posts"}],"about":[{"href":"https:\/\/www.europesays.com\/fr\/wp-json\/wp\/v2\/types\/post"}],"author":[{"embeddable":true,"href":"https:\/\/www.europesays.com\/fr\/wp-json\/wp\/v2\/users\/2"}],"replies":[{"embeddable":true,"href":"https:\/\/www.europesays.com\/fr\/wp-json\/wp\/v2\/comments?post=365963"}],"version-history":[{"count":0,"href":"https:\/\/www.europesays.com\/fr\/wp-json\/wp\/v2\/posts\/365963\/revisions"}],"wp:featuredmedia":[{"embeddable":true,"href":"https:\/\/www.europesays.com\/fr\/wp-json\/wp\/v2\/media\/365964"}],"wp:attachment":[{"href":"https:\/\/www.europesays.com\/fr\/wp-json\/wp\/v2\/media?parent=365963"}],"wp:term":[{"taxonomy":"category","embeddable":true,"href":"https:\/\/www.europesays.com\/fr\/wp-json\/wp\/v2\/categories?post=365963"},{"taxonomy":"post_tag","embeddable":true,"href":"https:\/\/www.europesays.com\/fr\/wp-json\/wp\/v2\/tags?post=365963"}],"curies":[{"name":"wp","href":"https:\/\/api.w.org\/{rel}","templated":true}]}}