{"id":365965,"date":"2025-09-04T15:23:13","date_gmt":"2025-09-04T15:23:13","guid":{"rendered":"https:\/\/www.europesays.com\/fr\/365965\/"},"modified":"2025-09-04T15:23:13","modified_gmt":"2025-09-04T15:23:13","slug":"halsey-en-concert-a-paris-lamericaine-doublera-a-lolympia-les-26-et-27-janvier-2026","status":"publish","type":"post","link":"https:\/\/www.europesays.com\/fr\/365965\/","title":{"rendered":"Halsey en concert \u00e0 Paris ! L&rsquo;am\u00e9ricaine doublera \u00e0 L&rsquo;Olympia les 26 et 27 janvier 2026"},"content":{"rendered":"<p>                                <a href=\"https:\/\/www.infoconcert.com\/artiste\/halsey-142683\/concerts.html\" rel=\"nofollow noopener\" target=\"_blank\"><img decoding=\"async\" style=\"max-width: 100%;\" src=\"https:\/\/www.europesays.com\/fr\/wp-content\/uploads\/2025\/09\/hasley_back-to-badlands_concert-olympia_visunews0925.jpg\" alt=\"\"\/><\/a><\/p>\n<p><strong>L&rsquo;am\u00e9ricaine Halsey sera en concert \u00e0 L&rsquo;Olympia les 26 et 27 janvier 2026.<\/strong> Des dates qui font partie de sa <strong>tourn\u00e9e<\/strong> <strong>Back To Badlands<\/strong> qui a pour but de f\u00eater le dixi\u00e8me anniversaire de la sortie de son premier album \u00ab\u00a0<strong>Badlands<\/strong>\u00ab\u00a0, devenu culte depuis.\u00a0<br \/><strong><br \/><a href=\"https:\/\/www.infoconcert.com\/artiste\/halsey-142683\/concerts.html\" rel=\"nofollow noopener\" target=\"_blank\">Halsey en concert \u00e0 L&rsquo;Olympia : activer l&rsquo;alerte r\u00e9servation<\/a><\/strong><a href=\"https:\/\/www.infoconcert.com\/artiste\/halsey-142683\/concerts.html\" rel=\"nofollow noopener\" target=\"_blank\"><br \/><\/a>Mise en vente des billets le vendredi 5\/09 \u00e0 10h00<\/p>\n<\/p>\n<p>Si vous demandez aux fans de l&rsquo;am\u00e9ricaine Halsey de citer un seul des cinq albums qu&rsquo;elle a publi\u00e9, ils vous diront sans h\u00e9siter \u00ab\u00a0Badlands\u00a0\u00bb. Il s&rsquo;agit l\u00e0 de son premier album sorti il y a 10 ans et qui a marqu\u00e9 tout une g\u00e9n\u00e9ration avec des titres comme Colors ou Gasoline. Sa tourn\u00e9e Back To Badlands va donc permettre au public de plonger dans son univers bien \u00e0 elle, sombre et onirique. Pour certains ce sera nostalgique, pour d&rsquo;autres une d\u00e9couverte.\u00a0<\/p>\n<p><\/p>\n","protected":false},"excerpt":{"rendered":"L&rsquo;am\u00e9ricaine Halsey sera en concert \u00e0 L&rsquo;Olympia les 26 et 27 janvier 2026. Des dates qui font partie&hellip;\n","protected":false},"author":2,"featured_media":365966,"comment_status":"","ping_status":"","sticky":false,"template":"","format":"standard","meta":{"footnotes":""},"categories":[1888],"tags":[1111,1928,11,1927,1777,674,1011,27,12,1926,626,1925,25],"class_list":{"0":"post-365965","1":"post","2":"type-post","3":"status-publish","4":"format-standard","5":"has-post-thumbnail","7":"category-paris","8":"tag-actu","9":"tag-actu-paris","10":"tag-actualites","11":"tag-actualites-paris","12":"tag-eu","13":"tag-europe","14":"tag-fr","15":"tag-france","16":"tag-news","17":"tag-news-paris","18":"tag-paris","19":"tag-paris-news","20":"tag-republique-francaise"},"share_on_mastodon":{"url":"https:\/\/pubeurope.com\/@fr\/115146719609257616","error":""},"_links":{"self":[{"href":"https:\/\/www.europesays.com\/fr\/wp-json\/wp\/v2\/posts\/365965","targetHints":{"allow":["GET"]}}],"collection":[{"href":"https:\/\/www.europesays.com\/fr\/wp-json\/wp\/v2\/posts"}],"about":[{"href":"https:\/\/www.europesays.com\/fr\/wp-json\/wp\/v2\/types\/post"}],"author":[{"embeddable":true,"href":"https:\/\/www.europesays.com\/fr\/wp-json\/wp\/v2\/users\/2"}],"replies":[{"embeddable":true,"href":"https:\/\/www.europesays.com\/fr\/wp-json\/wp\/v2\/comments?post=365965"}],"version-history":[{"count":0,"href":"https:\/\/www.europesays.com\/fr\/wp-json\/wp\/v2\/posts\/365965\/revisions"}],"wp:featuredmedia":[{"embeddable":true,"href":"https:\/\/www.europesays.com\/fr\/wp-json\/wp\/v2\/media\/365966"}],"wp:attachment":[{"href":"https:\/\/www.europesays.com\/fr\/wp-json\/wp\/v2\/media?parent=365965"}],"wp:term":[{"taxonomy":"category","embeddable":true,"href":"https:\/\/www.europesays.com\/fr\/wp-json\/wp\/v2\/categories?post=365965"},{"taxonomy":"post_tag","embeddable":true,"href":"https:\/\/www.europesays.com\/fr\/wp-json\/wp\/v2\/tags?post=365965"}],"curies":[{"name":"wp","href":"https:\/\/api.w.org\/{rel}","templated":true}]}}