{"id":365971,"date":"2025-09-04T15:26:13","date_gmt":"2025-09-04T15:26:13","guid":{"rendered":"https:\/\/www.europesays.com\/fr\/365971\/"},"modified":"2025-09-04T15:26:13","modified_gmt":"2025-09-04T15:26:13","slug":"macron-menace-la-russie-de-nouvelles-sanctions-en-lien-avec-les-etats-unis","status":"publish","type":"post","link":"https:\/\/www.europesays.com\/fr\/365971\/","title":{"rendered":"Macron menace la Russie de nouvelles sanctions en lien avec les \u00c9tats-Unis"},"content":{"rendered":"<p>                <img decoding=\"async\" alt=\"\" class=\"media-item\" src=\"https:\/\/www.europesays.com\/fr\/wp-content\/uploads\/2025\/09\/1775184-ursula-von-der-leyen-keir-starmer-alexander-stubb-volodymyr-zelensky-donald-trump-emmanuel-m.jpeg\"\/><\/p>\n<p>\n                    Ursula von der Leyen, Keir Starmer, Alexander Stubb, Volodymyr Zelensky, Donald Trump, Emmanuel Macron, Giorgia Meloni, Friedrich Merz et le secr\u00e9taire g\u00e9n\u00e9ral de l&rsquo;OTAN Mark Rutte<\/p>\n<p>Cr\u00e9dit : ANDREW CABALLERO-REYNOLDS \/ AFP<\/p>\n<p class=\"article-p mdl\">Une trentaine de <strong>repr\u00e9sentants europ\u00e9ens<\/strong> se sont retrouv\u00e9s \u00e0 l&rsquo;\u00c9lys\u00e9e ce jeudi 4 septembre. Le pr\u00e9sident de la R\u00e9publique <strong>Emmanuel Macron <\/strong>pr\u00e9side une r\u00e9union de la \u00ab\u00a0Coalition des volontaires\u00a0\u00bb, afin d&rsquo;aborder le sujet d&rsquo;un <strong>cessez-le-feu en Ukraine.\u00a0<\/strong><\/p>\n<p class=\"article-p mdl\">Vingt-six pays, essentiellement\u00a0<a class=\"link\" href=\"https:\/\/www.rtl.fr\/sujet\/europe\" target=\"_blank\" rel=\"nofollow noopener\">europ\u00e9ens<\/a>, se sont \u00ab\u00a0engag\u00e9s\u00a0\u00bb \u00e0 participer \u00e0 une <strong>\u00ab\u00a0force de r\u00e9assurance\u00a0\u00bb<\/strong> dans le cadre d&rsquo;un futur cessez-le-feu\u00a0<a class=\"link\" href=\"https:\/\/www.rtl.fr\/sujet\/guerre-en-ukraine\" target=\"_blank\" rel=\"nofollow noopener\">russo-ukrainien.<\/a>\u00a0D&rsquo;apr\u00e8s\u00a0<a class=\"link\" href=\"https:\/\/www.rtl.fr\/sujet\/emmanuel-macron\" target=\"_blank\" rel=\"nofollow noopener\">Emmanuel Macron<\/a>, ces alli\u00e9s se disent <strong>pr\u00eats \u00e0 d\u00e9ployer des troupes en Ukraine. <\/strong>Certains pourraient aussi \u00eatre<strong> <\/strong>\u00ab\u00a0<strong>pr\u00e9sents sur le sol<\/strong>, en mer ou dans les airs\u00a0\u00bb. Un engagement salu\u00e9 par Volodymyr Zelensky : \u00ab\u00a0Je pense qu&rsquo;aujourd&rsquo;hui, pour la premi\u00e8re fois depuis un long moment, <strong>c&rsquo;est la premi\u00e8re avanc\u00e9e concr\u00e8te aussi s\u00e9rieuse<\/strong>\u00ab\u00a0, a d\u00e9clar\u00e9 le pr\u00e9sident ukrainien depuis Paris, aux c\u00f4t\u00e9s de son homologue fran\u00e7ais Emmanuel Macron.<\/p>\n<p class=\"article-p mdl\">\u00ab\u00a0Cette force n&rsquo;a pas pour volont\u00e9 ou pour objectif de mener quelque guerre contre la\u00a0<a class=\"link\" href=\"https:\/\/www.rtl.fr\/sujet\/russie\" target=\"_blank\" rel=\"nofollow noopener\">Russie<\/a>\u00ab\u00a0, a dit le pr\u00e9sident fran\u00e7ais devant la presse \u00e0 Paris. Apr\u00e8s un \u00e9change en visioconf\u00e9rence avec\u00a0<a class=\"link\" href=\"https:\/\/www.rtl.fr\/sujet\/donald-trump\" target=\"_blank\" rel=\"nofollow noopener\">Donald Trump<\/a>, il a assur\u00e9 que le \u00ab\u00a0soutien am\u00e9ricain\u00a0\u00bb \u00e0 ces \u00ab\u00a0garanties de s\u00e9curit\u00e9\u00a0\u00bb pour Kiev serait finalis\u00e9<strong> \u00ab\u00a0dans les prochains jours\u00a0\u00bb.\u00a0<\/strong><\/p>\n<p>            Nouvelles menaces<\/p>\n<p class=\"article-p mdl\">Emmanuel Macron a aussi d\u00e9clar\u00e9 que les Europ\u00e9ens prendraient de nouvelles sanctions <strong>\u00ab\u00a0en lien avec les \u00c9tats-Unis\u00a0\u00bb <\/strong>si Moscou continue de refuser la paix. D&rsquo;apr\u00e8s le pr\u00e9sident fran\u00e7ais, les Am\u00e9ricains \u00ab\u00a0ont \u00e9t\u00e9 tr\u00e8s clairs\u00a0\u00bb sur leur participation aux garanties de s\u00e9curit\u00e9. Il a \u00e9galement appel\u00e9 les forces\u00a0<a class=\"link\" href=\"https:\/\/www.rtl.fr\/actu\/politique\" target=\"_blank\" rel=\"nofollow noopener\">politiques\u00a0<\/a>\u00e0 faire preuve de<strong> \u00ab\u00a0responsabilit\u00e9\u00a0\u00bb et assurer la \u00ab\u00a0stabilit\u00e9\u00a0\u00bb\u00a0<\/strong>alors que\u00a0<a class=\"link\" href=\"https:\/\/www.rtl.fr\/actu\/politique\/7-jours-du-vote-de-confiance-que-va-faire-francois-bayrou-de-son-hypothetique-derniere-semaine-a-matignon-7900536072\" title=\"\u00c0 7 jours du vote de confiance, que va faire Fran\u00e7ois Bayrou de son hypoth\u00e9tique derni\u00e8re semaine \u00e0 Matignon ?\" rel=\"nofollow noopener\" target=\"_blank\">le gouvernement de Fran\u00e7ois Bayrou pourrait tomber<\/a>\u00a0lundi.<\/p>\n<p class=\"article-p mdl\">\u00ab\u00a0La recomposition du monde change beaucoup de choses pour notre Europe. Dans ce contexte, la France doit continuer d&rsquo;avancer et c&rsquo;est avec<strong> une volont\u00e9 d&rsquo;ambition, de responsabilit\u00e9, de stabilit\u00e9 et de respect<\/strong> pour la diversit\u00e9 des formations politiques que nous devons aborder tous ces d\u00e9bats\u00a0\u00bb, a affirm\u00e9 le pr\u00e9sident de la R\u00e9publique apr\u00e8s une r\u00e9union \u00e0 Paris sur l&rsquo;Ukraine. \u00ab\u00a0Et j&rsquo;esp\u00e8re que c&rsquo;est avec cet esprit et en poursuivant ces principes que les jours et semaines \u00e0 venir seront abord\u00e9s.\u00a0\u00bb<\/p>\n<p>    La r\u00e9daction vous recommande<\/p>\n<p class=\"s-newsletter__title\">\n                L\u2019actualit\u00e9 par la r\u00e9daction de RTL dans votre bo\u00eete mail.\n            <\/p>\n<p class=\"s-newsletter__subtitle\">\n                Gr\u00e2ce \u00e0 votre compte RTL abonnez-vous \u00e0 la newsletter RTL info pour suivre toute l&rsquo;actualit\u00e9 au quotidien\n            <\/p>\n<p>\n                                    Lire la suite\n                                <\/p>\n","protected":false},"excerpt":{"rendered":"Ursula von der Leyen, Keir Starmer, Alexander Stubb, Volodymyr Zelensky, Donald Trump, Emmanuel Macron, Giorgia Meloni, Friedrich Merz&hellip;\n","protected":false},"author":2,"featured_media":365972,"comment_status":"","ping_status":"","sticky":false,"template":"","format":"standard","meta":{"footnotes":""},"categories":[1591],"tags":[11,1073,73,674,1887,107,131,12,316,1885,1886,132],"class_list":{"0":"post-365971","1":"post","2":"type-post","3":"status-publish","4":"format-standard","5":"has-post-thumbnail","7":"category-russie","8":"tag-actualites","9":"tag-emmanuel-macron","10":"tag-etats-unis","11":"tag-europe","12":"tag-federation-de-russie","13":"tag-fil-info","14":"tag-guerre-en-ukraine","15":"tag-news","16":"tag-politique","17":"tag-russia","18":"tag-russian-federation","19":"tag-russie"},"share_on_mastodon":{"url":"https:\/\/pubeurope.com\/@fr\/115146731406191275","error":""},"_links":{"self":[{"href":"https:\/\/www.europesays.com\/fr\/wp-json\/wp\/v2\/posts\/365971","targetHints":{"allow":["GET"]}}],"collection":[{"href":"https:\/\/www.europesays.com\/fr\/wp-json\/wp\/v2\/posts"}],"about":[{"href":"https:\/\/www.europesays.com\/fr\/wp-json\/wp\/v2\/types\/post"}],"author":[{"embeddable":true,"href":"https:\/\/www.europesays.com\/fr\/wp-json\/wp\/v2\/users\/2"}],"replies":[{"embeddable":true,"href":"https:\/\/www.europesays.com\/fr\/wp-json\/wp\/v2\/comments?post=365971"}],"version-history":[{"count":0,"href":"https:\/\/www.europesays.com\/fr\/wp-json\/wp\/v2\/posts\/365971\/revisions"}],"wp:featuredmedia":[{"embeddable":true,"href":"https:\/\/www.europesays.com\/fr\/wp-json\/wp\/v2\/media\/365972"}],"wp:attachment":[{"href":"https:\/\/www.europesays.com\/fr\/wp-json\/wp\/v2\/media?parent=365971"}],"wp:term":[{"taxonomy":"category","embeddable":true,"href":"https:\/\/www.europesays.com\/fr\/wp-json\/wp\/v2\/categories?post=365971"},{"taxonomy":"post_tag","embeddable":true,"href":"https:\/\/www.europesays.com\/fr\/wp-json\/wp\/v2\/tags?post=365971"}],"curies":[{"name":"wp","href":"https:\/\/api.w.org\/{rel}","templated":true}]}}