{"id":365973,"date":"2025-09-04T15:27:11","date_gmt":"2025-09-04T15:27:11","guid":{"rendered":"https:\/\/www.europesays.com\/fr\/365973\/"},"modified":"2025-09-04T15:27:11","modified_gmt":"2025-09-04T15:27:11","slug":"sur-le-front-de-la-guerre-ces-jeunes-ukrainiens-retrouvent-une-ambiance-de-liberte-en-loire-atlantique","status":"publish","type":"post","link":"https:\/\/www.europesays.com\/fr\/365973\/","title":{"rendered":"Sur le front de la guerre, ces jeunes Ukrainiens retrouvent \u00ab une ambiance de libert\u00e9 \u00bb en Loire-Atlantique"},"content":{"rendered":"<p>            Par<br \/>\n        <strong><br \/>\n            <a href=\"https:\/\/actu.fr\/auteur\/laurent-fortin\" title=\"Consulter tous les articles de Laurent Fortin\" rel=\"nofollow noopener\" target=\"_blank\">Laurent Fortin<\/a><br \/>\n        <\/strong><\/p>\n<p>        Publi\u00e9 le<\/p>\n<p>            4 sept. 2025 \u00e0 17h15        <\/p>\n<p><a href=\"https:\/\/www.google.com\/maps\/place\/Kherson,+Ukraine,+73000\/@46.6497773,32.5253577,20721m\/data=!3m1!1e3!4m6!3m5!1s0x40c41aa25d9bf967:0xf3a5478c8e3121fe!8m2!3d46.635417!4d32.616867!16zL20vMDNfZGZ5?entry=ttu&amp;g_ep=EgoyMDI1MDgzMC4wIKXMDSoASAFQAw%3D%3D\" rel=\"nofollow noopener\" target=\"_blank\">Kherson.<\/a> Aux portes de la Mer noire, au fond de l\u2019estuaire du Dniepr. Tant\u00f4t occup\u00e9e par les Russes, tant\u00f4t lib\u00e9r\u00e9e, la <b>ville ukrainienne de 66\u2009000\u00a0habitants vit au rythme des alertes<\/b>, des menaces <b>d\u2019attaques de drones<\/b>, des<b> hommes de Poutine<\/b> et des <b>couvre-feux nocturnes.<\/b> Ses habitants sont en premi\u00e8re ligne des combats. Parmi eux, les adolescents. Une <b>trentaine \u00e9taient en Loire-Atlantique <\/b>pendant une dizaine de jours.<\/p>\n<p>\u00ab\u2009Beaucoup d\u2019attention \u00e0 notre \u00e9gard\u2009\u00bb<\/p>\n<p class=\" wall-content\">Accueillis par l\u2019association <a href=\"https:\/\/www.volya-asso.fr\/\" rel=\"nofollow noopener\" target=\"_blank\">Volya<\/a>, cr\u00e9\u00e9e au lendemain de la guerre en 2022, \u00e0 Nantes, pour <b>accompagner d\u2019\u00e9ventuels r\u00e9fugi\u00e9s et organiser des convois humanitaires<\/b>. Un s\u00e9jour qui ressemblait \u00e0 \u00ab\u2009une<b> bouff\u00e9e d\u2019oxyg\u00e8ne<\/b>\u2009\u00bb.<\/p>\n<blockquote class=\"ac-article-quote wall-content\">\n<p>On retrouve une ambiance de libert\u00e9. On est accueillis chaleureusement. Il y a beaucoup d\u2019attention \u00e0 notre \u00e9gard. C\u2019est un \u00e9pisode positif dans notre vie qui n\u2019en compte plus beaucoup.<\/p>\n<p>Illya et Artem<\/p><\/blockquote>\n<p class=\" wall-content\">Respectivement \u00e2g\u00e9s de 17 et 15\u00a0ans, <b>ces deux jeunes gar\u00e7ons ont parl\u00e9 avec plein de franchise<\/b>, de leurs sentiments,<b> lors de leur venue \u00e0 <a href=\"https:\/\/actu.fr\/pays-de-la-loire\/clisson_44043\" rel=\"nofollow noopener\" target=\"_blank\">Clisson<\/a><\/b><a href=\"https:\/\/actu.fr\/pays-de-la-loire\/clisson_44043\" rel=\"nofollow noopener\" target=\"_blank\"> <\/a>pour visiter la ville (le centre historique, le site du Hellfest\u2026).<\/p>\n<blockquote class=\"ac-article-quote wall-content\">\n<p>Depuis trois ans, il n\u2019y a plus d\u2019\u00e9cole. Les cours sont suivis en ligne. Nous avons perdu de vue tous nos copains. Avec le couvre-feu \u00e0 partir de 21\u2009h (20\u2009h l\u2019hiver), nous ne pouvons plus sortir le soir.<\/p>\n<p>Le duo<\/p><\/blockquote>\n<p>Vid\u00e9os : en ce moment sur Actu<\/p>\n<p class=\" wall-content\">Les deux adolescents ont profit\u00e9, m\u00eame si\u2009:<\/p>\n<blockquote class=\"ac-article-quote wall-content\">\n<p>Dans un coin de notre t\u00eate, on pense toujours \u00e0 ce qui se passe chez nous, o\u00f9 sont nos familles, car le danger est permanent.<\/p>\n<\/blockquote>\n<p>Votre r\u00e9gion, votre actu !<\/p>\n<p>Recevez chaque jour les infos qui comptent pour vous.<\/p>\n<p>\t<a href=\"https:\/\/actu.fr\/newsletter\" class=\"ac-btn ac-btn--corner ac-btn--medium ac-btn--blue800\" rel=\"nofollow noopener\" target=\"_blank\">S&rsquo;incrire<\/a><\/p>\n<blockquote class=\"ac-article-quote wall-content\">\n<p>A voir l\u2019inqui\u00e9tude dans leurs yeux \u00e0 chaque passage d\u2019avion dans le ciel, ils sont tr\u00e8s marqu\u00e9s.<\/p>\n<p>Anna, leur interpr\u00e8te<\/p><\/blockquote>\n<p class=\" wall-content\">Cette Nantaise est \u00e9galement une r\u00e9cente t\u00e9moin de la<b> d\u00e9gradation de la situation dans son pays d\u2019origine<\/b>. Elle a pu s\u2019en rendre compte en juillet dernier en allant voir sa famille \u00e0 Kiev.<\/p>\n<blockquote class=\"ac-article-quote wall-content\">\n<p>Les Russes pratiquent la peur. Chaque nuit, il y a la menace d\u2019explosions. De nombreuses familles pr\u00e9f\u00e8rent s\u2019installer dans le m\u00e9tro et y dormir<\/p>\n<\/blockquote>\n<p>Animaje et Volya main dans la main<\/p>\n<p class=\" wall-content\">Cette parenth\u00e8se a \u00e9t\u00e9 rendue possible par<a href=\"https:\/\/www.animaje.fr\/\" rel=\"nofollow noopener\" target=\"_blank\"> l\u2019association d\u2019animation jeunesse Animaje<\/a>. Son directeur, Yannick Chanson, est aux c\u00f4t\u00e9s de Volya depuis sa mise en place avec Natalya et Youssef. <b>Une solidarit\u00e9 qui fait partie de son ADN<\/b>, lui qui avait lanc\u00e9 des chantiers franco-bosniaques au lendemain de la guerre dans l\u2019ex-Yougoslavie dans les ann\u00e9es 90.<\/p>\n<blockquote class=\"ac-article-quote wall-content\">\n<p>Ils ont frapp\u00e9 \u00e0 la porte car les b\u00e9n\u00e9voles de cette association cherchaient \u00e0 trouver des activit\u00e9s pendant leur s\u00e9jour. On a bien \u00e9videmment accept\u00e9 de les accueillir pour la journ\u00e9e.<\/p>\n<\/blockquote>\n<p class=\" wall-content\">Il les a \u00e9galement <b>d\u00e9pann\u00e9s en fournissant les sacs de couchage manquants <\/b>et en trouvant <b>une pi\u00e8ce pour r\u00e9parer le bus en panne<\/b>. Animaje a aussi fourni le repas du midi\u2009: des galettes saucisses qui ont fait craquer la d\u00e9l\u00e9gation.<\/p>\n<blockquote class=\"ac-article-quote wall-content\">\n<p>Les jeunes ont \u00e9galement particip\u00e9 \u00e0 diff\u00e9rentes animations. Un festival Urban \u00e0 la Chapelle-sur-Erdre, une journ\u00e9e \u00e0 Saint-Nazaire, une d\u00e9couverte des Machines de l\u2019\u00eele, une r\u00e9ception \u00e0 la mairie de Nantes\u2026 et surtout la F\u00eate de l\u2019Ind\u00e9pendance dimanche dernier, charg\u00e9e d\u2019\u00e9motions.<\/p>\n<p>Killian Masson-Vourch<\/p><\/blockquote>\n<p class=\" wall-content\">Un membre de Volya totalement investi depuis qu\u2019il a commenc\u00e9 \u00e0 c\u00f4toyer l\u2019association et surtout \u00eatre all\u00e9 \u00e0 trois reprises en Ukraine.<\/p>\n<blockquote class=\"ac-article-quote wall-content\">\n<p>J\u2019y ai des amis. Que je quitte avec beaucoup de culpabilit\u00e9 et de remords.<\/p>\n<\/blockquote>\n<p class=\" wall-content\">Il est ravi que des collectivit\u00e9s viennent en soutien de Kherson. <a href=\"https:\/\/metropole.nantes.fr\/actualites\/ukraine-nantes-et-saint-nazaire-signent-un-partenariat-avec-kherson\" rel=\"nofollow noopener\" target=\"_blank\">Une signature entre Nantes-Saint-Nazaire et la ville proche d\u2019Odessa<\/a> a eu lieu ici en mai dernier et \u00e0 Kiev en juin dernier avec une \u00e9lue nantaise face \u00e0 Volodymyr Zelensky.<\/p>\n<p>    <img   decoding=\"async\" loading=\"lazy\" class=\"size-large\" src=\"https:\/\/www.europesays.com\/fr\/wp-content\/uploads\/2025\/09\/db606b2654b86ef606b2654b8d3706v-960x640.jpg\" alt=\"Ukrainiens et Fran\u00e7ais se sont distraits sur le moment du midi dans la cour des Cordeliers en jouant au basket.\" width=\"960\" height=\"640\"\/><br \/>\n    Ukrainiens et Fran\u00e7ais se sont distraits sur le moment du midi dans la cour des Cordeliers en jouant au basket. \u00a9Hebdo de S\u00e8vre et MaineUn partenariat avec Nantes et St-Nazaire<\/p>\n<p class=\" wall-content\">Ce sont ces <b>partenariats qui ont aussi permis la venue de cette jeune d\u00e9l\u00e9gation<\/b>.<\/p>\n<blockquote class=\"ac-article-quote wall-content\">\n<p>C\u2019est une premi\u00e8re.<\/p>\n<p>Youssef et Natalya, co-pr\u00e9sidents de Volya<\/p><\/blockquote>\n<p class=\" wall-content\">Ils se sont d\u00e9men\u00e9s pour mettre en place <b>cette cha\u00eene de solidarit\u00e9<\/b> apr\u00e8s avoir eu le feu vert en juin dernier.<\/p>\n<blockquote class=\"ac-article-quote wall-content\">\n<p>Car pour que ce voyage soit possible, il faut beaucoup d\u2019administratif, mais aussi beaucoup de pers\u00e9v\u00e9rance et de r\u00e9activit\u00e9. Notamment pour les finances. Plusieurs m\u00e9c\u00e8nes ont jou\u00e9 le jeu. On les en remercie. Nantes m\u00e9tropole \u00e0 travers la Tan accessible gratuitement et des billets pour des activit\u00e9s. L\u2019association Accoord nous met \u00e0 disposition l\u2019h\u00e9bergement.<\/p>\n<\/blockquote>\n<p class=\" wall-content\">Mais jusqu\u2019\u00e0 l\u2019arriv\u00e9e de bus, les b\u00e9n\u00e9voles de Volya croisaient les doigts pour que ce s\u00e9jour soit r\u00e9el. Il l\u2019a \u00e9t\u00e9.<\/p>\n<blockquote class=\"ac-article-quote wall-content\">\n<p>Il faut bien imaginer qu\u2019\u00e0 tout moment sur le trajet, tout pouvait s\u2019arr\u00eater.<\/p>\n<p>Killian Masson-Vourch.<\/p><\/blockquote>\n<p class=\" wall-content\">La d\u00e9l\u00e9gation ukrainienne a pu <b>repartir avec l\u2019espoir qu\u2019un \u00ab\u2009monde meilleur les attendait un jour\u2009\u00bb.<\/b><\/p>\n<p class=\" wall-content\">Personnalisez votre actualit\u00e9 en ajoutant vos villes et m\u00e9dias en favori avec <a href=\"https:\/\/moncompte.actu.fr\" title=\"D\u00e9couvez Mon Actu\" rel=\"nofollow noopener\" data-trk=\"{&quot;cta&quot;:{&quot;action&quot;:&quot;https:\\\/\\\/moncompte.actu.fr&quot;,&quot;category&quot;:&quot;mon compte&quot;,&quot;from&quot;:&quot;article footer&quot;,&quot;name&quot;:&quot;Mon actu&quot;,&quot;type&quot;:&quot;cta&quot;}}\" target=\"_blank\">Mon Actu<\/a>.<\/p>\n","protected":false},"excerpt":{"rendered":"Par Laurent Fortin Publi\u00e9 le 4 sept. 2025 \u00e0 17h15 Kherson. Aux portes de la Mer noire, au&hellip;\n","protected":false},"author":2,"featured_media":365974,"comment_status":"","ping_status":"","sticky":false,"template":"","format":"standard","meta":{"footnotes":""},"categories":[1590],"tags":[11,1777,674,131,12,104,3400,220,2900],"class_list":{"0":"post-365973","1":"post","2":"type-post","3":"status-publish","4":"format-standard","5":"has-post-thumbnail","7":"category-ukraine","8":"tag-actualites","9":"tag-eu","10":"tag-europe","11":"tag-guerre-en-ukraine","12":"tag-news","13":"tag-societe","14":"tag-solidarite","15":"tag-ukraine","16":"tag-vignoble-nantais"},"share_on_mastodon":{"url":"https:\/\/pubeurope.com\/@fr\/115146735308075315","error":""},"_links":{"self":[{"href":"https:\/\/www.europesays.com\/fr\/wp-json\/wp\/v2\/posts\/365973","targetHints":{"allow":["GET"]}}],"collection":[{"href":"https:\/\/www.europesays.com\/fr\/wp-json\/wp\/v2\/posts"}],"about":[{"href":"https:\/\/www.europesays.com\/fr\/wp-json\/wp\/v2\/types\/post"}],"author":[{"embeddable":true,"href":"https:\/\/www.europesays.com\/fr\/wp-json\/wp\/v2\/users\/2"}],"replies":[{"embeddable":true,"href":"https:\/\/www.europesays.com\/fr\/wp-json\/wp\/v2\/comments?post=365973"}],"version-history":[{"count":0,"href":"https:\/\/www.europesays.com\/fr\/wp-json\/wp\/v2\/posts\/365973\/revisions"}],"wp:featuredmedia":[{"embeddable":true,"href":"https:\/\/www.europesays.com\/fr\/wp-json\/wp\/v2\/media\/365974"}],"wp:attachment":[{"href":"https:\/\/www.europesays.com\/fr\/wp-json\/wp\/v2\/media?parent=365973"}],"wp:term":[{"taxonomy":"category","embeddable":true,"href":"https:\/\/www.europesays.com\/fr\/wp-json\/wp\/v2\/categories?post=365973"},{"taxonomy":"post_tag","embeddable":true,"href":"https:\/\/www.europesays.com\/fr\/wp-json\/wp\/v2\/tags?post=365973"}],"curies":[{"name":"wp","href":"https:\/\/api.w.org\/{rel}","templated":true}]}}