{"id":365975,"date":"2025-09-04T15:28:12","date_gmt":"2025-09-04T15:28:12","guid":{"rendered":"https:\/\/www.europesays.com\/fr\/365975\/"},"modified":"2025-09-04T15:28:12","modified_gmt":"2025-09-04T15:28:12","slug":"chicago-est-elle-vraiment-la-ville-la-plus-dangereuse-du-monde-comme-laffirme-donald-trump-lexpress","status":"publish","type":"post","link":"https:\/\/www.europesays.com\/fr\/365975\/","title":{"rendered":"Chicago est-elle vraiment \u00ab\u00a0la ville la plus dangereuse du monde\u00a0\u00bb comme l\u2019affirme Donald Trump\u00a0? \u2013 L&rsquo;Express"},"content":{"rendered":"<p class=\"paragraph article-body-paragraph article__item   article-body-paragraph--first \">\u00ab\u00a0Trou \u00e0 rat\u00a0\u00bb, \u00ab\u00a0capitale mondiale du meurtre\u00a0\u00bb\u2026 <a href=\"https:\/\/www.lexpress.fr\/monde\/amerique\/chicago-nouveau-front-de-la-guerre-de-donald-trump-contre-les-villes-democrates-KYX3KDKF7VHPBOK6U52QTMXHXA\/\" target=\"_blank\" rel=\"noreferrer noopener\" title=\"https:\/\/www.lexpress.fr\/monde\/amerique\/chicago-nouveau-front-de-la-guerre-de-donald-trump-contre-les-villes-democrates-KYX3KDKF7VHPBOK6U52QTMXHXA\/\">Donald Trump ne manque pas d\u2019inspiration pour qualifier Chicago<\/a> sur sa plateforme Truth social. Jugeant que l\u2019ins\u00e9curit\u00e9 a atteint son paroxysme, le pr\u00e9sident a promis, ce mardi 1er septembre, de d\u00e9ployer ses forces arm\u00e9es dans la ville de l\u2019Illinois. Certain de pouvoir \u00ab\u00a0r\u00e9gler rapidement le probl\u00e8me\u00a0\u00bb, Donald Trump a interpell\u00e9 le gouverneur d\u00e9mocrate de l\u2019Etat : \u00ab\u00a0Pritzker a d\u00e9sesp\u00e9r\u00e9ment besoin d\u2019aide, il ne le sait juste pas encore\u00a0\u00bb.<\/p>\n<p class=\"paragraph article-body-paragraph article__item   \">Une annonce qui n\u2019a pas manqu\u00e9 de faire bondir J.B. Pritzker, qui analyse dans la d\u00e9marche du pr\u00e9sident une volont\u00e9 de \u00ab\u00a0cr\u00e9er du spectacle politique pour dissimuler sa corruption\u00a0\u00bb. Et l\u2019\u00e9lu d\u2019abonder, \u00ab\u00a0il n\u2019y a aucune urgence qui justifie le d\u00e9ploiement de militaires\u00a0\u00bb.<\/p>\n<p>48 % de meurtres en moins qu\u2019il y a 4 ans<\/p>\n<p class=\"paragraph article-body-paragraph article__item   \">\u00ab\u00a0Oui, Chicago a un probl\u00e8me de criminalit\u00e9\u00a0\u00bb, a pourtant tranch\u00e9 la Maison-Blanche sur son site Internet. Dans un article publi\u00e9 le 25 ao\u00fbt, l\u2019institution dresse une s\u00e9rie de constats sur la ville, appuy\u00e9s sur des donn\u00e9es parfois contestables.<\/p>\n<p class=\"paragraph article-body-paragraph article__item   \">Donald Trump joue avec les chiffres. Parmi ceux qu\u2019il mobilise, certains sont av\u00e9r\u00e9s, frappants, voire choquants, et permettent de soutenir sa campagne martiale. Par exemple, on peut y lire que \u00ab\u00a0depuis 13 ann\u00e9es cons\u00e9cutives, Chicago est la ville qui compte le plus de meurtres aux Etats-Unis\u00a0\u00bb, c\u2019est vrai. Mais la Maison-Blanche omet de pr\u00e9ciser que les chiffres du crime sont en chute libre dans la ville venteuse.<\/p>\n<p class=\"paragraph article-body-paragraph article__item   \">Le d\u00e9partement de police de Chicago recense 278 plaintes pour meurtre depuis le d\u00e9but de l\u2019ann\u00e9e 2025, contre 410 en 2024, soit 31 % de moins. Une tendance qui se confirme au fil des ann\u00e9es. En 2023, l\u2019autorit\u00e9 recensait 433 plaintes pour meurtre, 464 et 2022, et 534 en 2021. En quatre ans, il y a donc 48 % moins d\u2019homicides \u00e0 Chicago.<\/p>\n<\/p>\n<p class=\"paragraph article-body-paragraph article__item   \">Dans leur ensemble, les statistiques du crime ont \u00e9galement chut\u00e9 dans la ville depuis 2023. Seuls les vols relevant du d\u00e9lit ont accru cette ann\u00e9e\u2026 de 1 %.<\/p>\n<p>Des donn\u00e9es mensong\u00e8res<\/p>\n<p class=\"paragraph article-body-paragraph article__item   \">D\u2019autres chiffres, quant \u00e0 eux, rel\u00e8vent de l\u2019affabulation. Entre autres, le billet pr\u00e9sidentiel pr\u00e9tend que \u00ab\u00a0depuis sept ann\u00e9es cons\u00e9cutives, Chicago compte le plus grand nombre de meurtres par habitant\u00a0\u00bb. Une affirmation tout simplement fausse : la m\u00e9gapole de l\u2019Illinois se positionne bien plus loin dans le classement. Si les statistiques de la criminalit\u00e9 peuvent para\u00eetre vertigineuses \u00e0 Chicago, cela s\u2019explique, en partie, par le fait que la ville est la troisi\u00e8me plus peupl\u00e9e du pays. Une fois rapport\u00e9s \u00e0 la population, les chiffres sont en r\u00e9alit\u00e9 plut\u00f4t bas en comparaison avec ceux d\u2019autres grandes villes am\u00e9ricaines.<\/p>\n<p><strong class=\"article-body-link-list__item text-gray-800 article-body-link-list__item--one-item\">LIRE AUSSI : <a class=\"article-body-link-list__item-link\" href=\"https:\/\/www.lexpress.fr\/monde\/amerique\/steven-levitsky-la-constitution-ne-sauvera-pas-la-democratie-americaine-BY7FXGDIX5C7ZBDSQKSKPCS4HQ\/\" target=\"_blank\" rel=\"noreferrer noopener\">\u00ab\u00a0Les Etats-Unis, \u00e0 cet instant, ne sont plus une d\u00e9mocratie\u00a0\u00bb : le cri d&rsquo;alarme de Steven Levitsky (Harvard)<\/a><\/strong><\/p>\n<p class=\"paragraph article-body-paragraph article__item   \">Contrairement aux affirmations de Donald Trump, c\u2019est St. Louis, ville r\u00e9publicaine du Missouri avoisinant les 300 000 r\u00e9sidents, qui enregistre le plus de crimes par habitant.<\/p>\n<p class=\"paragraph article-body-paragraph article__item   \">En 2022, 7 838 actes de criminalit\u00e9 ont \u00e9t\u00e9 recens\u00e9s pour 100 000 habitants \u00e0 St. Louis. Un chiffre sup\u00e9rieur de pr\u00e8s de 2 000 par rapport \u00e0 Chicago, qui comptabilisait 5 496 crimes pour 100 00 habitants. En 2023, alors que la tendance nationale \u00e9tait \u00e0 la baisse en mati\u00e8re de criminalit\u00e9, St. Louis maintenait sa position sur le podium : 6 945 crimes pour<b> <\/b>100 000 habitants, contre 6 441 \u00e0 Chicago.<\/p>\n<\/p>\n<p class=\"paragraph article-body-paragraph article__item   \">Les conclusions sont similaires pour la ville de <a href=\"https:\/\/www.lexpress.fr\/monde\/amerique\/deploiement-de-la-garde-nationale-le-bras-de-fer-entre-donald-trump-et-les-democrates-continue-DLNMS67FQNF77CCZ4QAFSRWELQ\/\" target=\"_blank\" rel=\"noreferrer noopener\" title=\"https:\/\/www.lexpress.fr\/monde\/amerique\/deploiement-de-la-garde-nationale-le-bras-de-fer-entre-donald-trump-et-les-democrates-continue-DLNMS67FQNF77CCZ4QAFSRWELQ\/\">Washington, o\u00f9 Donald Trump a d\u00e9ploy\u00e9 ses troupes<\/a>. Contrairement aux affirmations de la Maison-Blanche, la ville n\u2019est pas \u00ab\u00a0hors de contr\u00f4le\u00a0\u00bb. Comme \u00e0 Chicago, le taux de crime par habitant de la capitale des Etats-Unis est largement inf\u00e9rieur \u00e0 d\u2019autres villes et la criminalit\u00e9 est en chute libre.<\/p>\n<p>Des campagnes politiques ?<\/p>\n<p class=\"paragraph article-body-paragraph article__item   \">Si Chicago est la derni\u00e8re m\u00e9tropole \u00e0 s\u2019\u00eatre retrouv\u00e9e dans le collimateur du pr\u00e9sident, elle suit une longue liste.<\/p>\n<p class=\"paragraph article-body-paragraph article__item   \"><a href=\"https:\/\/www.lexpress.fr\/monde\/trump-ordonne-de-nouvelles-operations-antimigrants-a-los-angeles-chicago-et-new-york-XN2T5IKCQ5HSHB3F6YM3RFJZKQ\/\" target=\"_blank\" rel=\"noreferrer noopener\" title=\"https:\/\/www.lexpress.fr\/monde\/trump-ordonne-de-nouvelles-operations-antimigrants-a-los-angeles-chicago-et-new-york-XN2T5IKCQ5HSHB3F6YM3RFJZKQ\/\">700 Marines et 4 000 militaires de la Garde nationale d\u00e9ploy\u00e9s \u00e0 Los Angeles, 1 761-arrestations \u00e0 Washington<\/a>, des menaces faites \u00e0 l\u2019encontre de Baltimore, de New York et de La Nouvelle-Orl\u00e9ans\u2026 Tant d\u2019op\u00e9rations dont se targue Donald Trump sur son r\u00e9seau social.<\/p>\n<p class=\"paragraph article-body-paragraph article__item   \">Pourtant, les villes les plus affect\u00e9es par la criminalit\u00e9 pr\u00e9c\u00e9demment \u00e9voqu\u00e9es n\u2019ont pas su attirer l\u2019attention du pr\u00e9sident. Leur particularit\u00e9 ? Avoir un gouverneur r\u00e9publicain. Un traitement de faveur qui n\u2019a pas \u00e9chapp\u00e9 aux \u00e9lus des municipalit\u00e9s vis\u00e9es par Donald Trump. Dans une lettre ouverte, l\u2019Association des Gouverneurs D\u00e9mocrates (Democratic Governors Association), condamne les agissements du chef de l\u2019Etat : \u00ab\u00a0Plut\u00f4t que d\u2019aborder v\u00e9ritablement le probl\u00e8me de la criminalit\u00e9, le pr\u00e9sident Trump a r\u00e9duit le budget f\u00e9d\u00e9ral des forces de l\u2019ordre sur lequel nos Etats reposent, et continue de politiser notre arm\u00e9e en essayant de saper l\u2019autorit\u00e9 des gouverneurs\u00a0\u00bb.<\/p>\n<\/p>\n<p class=\"paragraph article-body-paragraph article__item   \">Une prise de position r\u00e9affirm\u00e9e par le gouverneur de l\u2019Illinois, J.B. Pritzker, et son homologue Wes Moore, \u00e0 la t\u00eate du Maryland, qui accusent Donald Trump de \u00ab\u00a0fabriquer des crises\u00a0\u00bb pour justifier l\u2019envoi de forces f\u00e9d\u00e9rales dans des Etats d\u00e9mocrates.<\/p>\n<p class=\"paragraph article-body-paragraph article__item   \">Des critiques balay\u00e9es par Abigail Jackson, porte-parole de la Maison-Blanche, qui y per\u00e7oit une \u00ab\u00a0man\u0153uvre publicitaire\u00a0\u00bb.<\/p>\n<p class=\"paragraph article-body-paragraph article__item   \">M\u00eame son de cloche du c\u00f4t\u00e9 du pr\u00e9sident qui ne prend pas grand soin de dissimuler son hostilit\u00e9 aux d\u00e9mocrates sur Truth Social, publiant une citation de son conseiller \u00e0 la Maison-Blanche : \u00ab\u00a0Eux (les criminels dans les villes g\u00e9r\u00e9es par les d\u00e9mocrates) ne restent jamais en prison\u00a0\u00bb.<\/p>\n<p>Une bataille juridique<\/p>\n<p class=\"paragraph article-body-paragraph article__item   \">Malgr\u00e9 l\u2019indiff\u00e9rence de Donald Trump \u00e0 ces protestations, le maire de Chicago, Brandon Johnson, a pris un arr\u00eat\u00e9 visant \u00e0 limiter l\u2019autorit\u00e9 d\u2019\u00e9ventuelles forces de l\u2019ordre f\u00e9d\u00e9rales dans sa ville. \u00ab\u00a0Nous allons mener ce combat \u00e0 travers toute l\u2019Am\u00e9rique, mais nous devons d\u2019abord nous d\u00e9fendre chez nous\u00a0\u00bb, avait lanc\u00e9 l\u2019\u00e9dile au cours d\u2019une manifestation ce 1er septembre.<\/p>\n<p class=\"paragraph article-body-paragraph article__item   \">Une bataille juridique qui s\u2019est d\u00e9j\u00e0 engag\u00e9e sur d\u2019autres fronts : le d\u00e9ploiement des forces arm\u00e9es \u00e0 Los Angeles \u00e9tait ill\u00e9gal, a tranch\u00e9 un juge f\u00e9d\u00e9ral de Californie. Cette d\u00e9cision, qui pourrait freiner l\u2019\u00e9lan martial du pr\u00e9sident entrera en vigueur le 12 septembre. Selon la BBC, Il reste n\u00e9anmoins probable que l\u2019administration Trump fasse appel.<\/p>\n","protected":false},"excerpt":{"rendered":"\u00ab\u00a0Trou \u00e0 rat\u00a0\u00bb, \u00ab\u00a0capitale mondiale du meurtre\u00a0\u00bb\u2026 Donald Trump ne manque pas d\u2019inspiration pour qualifier Chicago sur sa&hellip;\n","protected":false},"author":2,"featured_media":365976,"comment_status":"","ping_status":"","sticky":false,"template":"","format":"standard","meta":{"footnotes":""},"categories":[1589],"tags":[11,782,73,1866,74,12,1864,1865,1863,308],"class_list":{"0":"post-365975","1":"post","2":"type-post","3":"status-publish","4":"format-standard","5":"has-post-thumbnail","7":"category-etats-unis","8":"tag-actualites","9":"tag-ameriques","10":"tag-etats-unis","11":"tag-etats-unis-damerique","12":"tag-monde","13":"tag-news","14":"tag-united-states","15":"tag-united-states-of-america","16":"tag-us","17":"tag-usa"},"share_on_mastodon":{"url":"https:\/\/pubeurope.com\/@fr\/115146739192543409","error":""},"_links":{"self":[{"href":"https:\/\/www.europesays.com\/fr\/wp-json\/wp\/v2\/posts\/365975","targetHints":{"allow":["GET"]}}],"collection":[{"href":"https:\/\/www.europesays.com\/fr\/wp-json\/wp\/v2\/posts"}],"about":[{"href":"https:\/\/www.europesays.com\/fr\/wp-json\/wp\/v2\/types\/post"}],"author":[{"embeddable":true,"href":"https:\/\/www.europesays.com\/fr\/wp-json\/wp\/v2\/users\/2"}],"replies":[{"embeddable":true,"href":"https:\/\/www.europesays.com\/fr\/wp-json\/wp\/v2\/comments?post=365975"}],"version-history":[{"count":0,"href":"https:\/\/www.europesays.com\/fr\/wp-json\/wp\/v2\/posts\/365975\/revisions"}],"wp:featuredmedia":[{"embeddable":true,"href":"https:\/\/www.europesays.com\/fr\/wp-json\/wp\/v2\/media\/365976"}],"wp:attachment":[{"href":"https:\/\/www.europesays.com\/fr\/wp-json\/wp\/v2\/media?parent=365975"}],"wp:term":[{"taxonomy":"category","embeddable":true,"href":"https:\/\/www.europesays.com\/fr\/wp-json\/wp\/v2\/categories?post=365975"},{"taxonomy":"post_tag","embeddable":true,"href":"https:\/\/www.europesays.com\/fr\/wp-json\/wp\/v2\/tags?post=365975"}],"curies":[{"name":"wp","href":"https:\/\/api.w.org\/{rel}","templated":true}]}}