{"id":365979,"date":"2025-09-04T15:30:16","date_gmt":"2025-09-04T15:30:16","guid":{"rendered":"https:\/\/www.europesays.com\/fr\/365979\/"},"modified":"2025-09-04T15:30:16","modified_gmt":"2025-09-04T15:30:16","slug":"comment-le-deces-de-plusieurs-candidats-de-lafd-alimente-les-theories-du-complot-en-allemagne","status":"publish","type":"post","link":"https:\/\/www.europesays.com\/fr\/365979\/","title":{"rendered":"Comment le d\u00e9c\u00e8s de plusieurs candidats de l&rsquo;AfD alimente les th\u00e9ories du complot en Allemagne"},"content":{"rendered":"<ul class=\"jsx-862013697 ArticleChapo__List\">\n<li class=\"jsx-862013697 ArticleChapo__List_Item flex\">\u00c0 l&rsquo;approche des \u00e9lections municipales en Rh\u00e9nanie-du-Nord-Westphalie, plusieurs candidats du parti d&rsquo;extr\u00eame droite AfD sont d\u00e9c\u00e9d\u00e9s en l&rsquo;espace de quelques jours.<\/li>\n<li class=\"jsx-862013697 ArticleChapo__List_Item flex\">Si le timing peut faire tiquer, les premiers \u00e9l\u00e9ments d&rsquo;enqu\u00eate laissent \u00e0 penser qu&rsquo;il s&rsquo;agit de morts naturelles.<\/li>\n<li class=\"jsx-862013697 ArticleChapo__List_Item flex\">Cela fait tout de m\u00eame beaucoup parler outre-Rhin.<\/li>\n<\/ul>\n<p><a href=\"https:\/\/www.tf1info.fr\/actualite\/elections-en-allemagne-2025-resultat-victoire-des-conservateurs-l-afd-a-un-niveau-record-13882\/\" rel=\"noopener\" class=\"jsx-484472199 Link jsx-1428418400 jsx-554215408\" target=\"_blank\"><\/p>\n<p style=\"font-weight:400\" class=\"jsx-1837267516\">Suivez la couverture compl\u00e8te<\/p>\n<p style=\"font-weight:800\" class=\"jsx-1837267516\">\u00c9lections en Allemagne : les conservateurs en t\u00eate, l&rsquo;AfD \u00e0 un niveau record<\/p>\n<p><\/a><\/p>\n<p data-module=\"article-paragraph\" class=\"jsx-3046738180 Paragraph\">Comme dans plusieurs pays en Europe, l&rsquo;extr\u00eame droite fait une pouss\u00e9e en Allemagne. Et les prochaines \u00e9lections locales ne risquent pas de d\u00e9mentir cette dynamique, au vu des derniers sondages gratifiant l&rsquo;Alternative pour l&rsquo;Allemagne (AfD) d&rsquo;une popularit\u00e9 sans pr\u00e9c\u00e9dent. Dans ce contexte, alors que les municipales de Rh\u00e9nanie-du-Nord-Westphalie sont pr\u00e9vues le 14 septembre prochain, le d\u00e9c\u00e8s de plusieurs candidats de<a href=\"https:\/\/www.tf1info.fr\/politique\/allemagne-extreme-droite-l-afd-classe-extremiste-de-droite-avere-qu-est-ce-que-ca-signifie-pour-le-parti-alternative-pour-l-allemagne-2368580.html\" target=\"_blank\" rel=\"noopener\"> l&rsquo;AfD <\/a>pour ce scrutin &#8211; sept selon les derniers rapports &#8211; interpelle. Dans le d\u00e9tail, cinq candidats (Stefan Berendes, Wolfgang Seitz, Wolfgang Klinger, Ralph Lange et <a href=\"http:\/\/welt.de\/politik\/deutschland\/article68b815f046b61b4dcb0b7dac\/kommunalwahl-in-nrw-zahl-der-verstorbenen-afd-kandidaten-steigt-auf-sieben.html\" rel=\"nofollow noopener\" target=\"_blank\">derni\u00e8rement Hans-Joachim Kind<\/a>) et deux suppl\u00e9ants (Ren\u00e9 Herford, Patrick Tietze) sont morts en l&rsquo;espace de quelques jours.<\/p>\n<p data-module=\"article-paragraph\" class=\"jsx-3046738180 Paragraph Paragraph__End\">La police a indiqu\u00e9 \u00e0 l&rsquo;agence de presse DPA qu&rsquo;il n&rsquo;y avait, dans chaque cas, aucune preuve d\u2019acte criminel, et m\u00eame qu&rsquo;aucun de ces d\u00e9c\u00e8s n&rsquo;est suspect. Des enqu\u00eates sont en cours pour d\u00e9terminer avec exactitude les circonstances dans lesquels ces repr\u00e9sentants ont perdu la vie. Mais, en l&rsquo;\u00e9tat, les autorit\u00e9s \u00e9voquent des \u00ab\u00a0morts naturelles\u00a0\u00bb &#8211; notamment de vieillesse ou en raison de maladies chroniques &#8211; et un suicide, rapporte la presse allemande.\u00a0<\/p>\n<p>Des d\u00e9c\u00e8s dans d&rsquo;autres partis<\/p>\n<p data-module=\"article-paragraph\" class=\"jsx-3046738180 Paragraph\">La direction r\u00e9gionale charg\u00e9e de l\u2019organisation des \u00e9lections a imm\u00e9diatement tent\u00e9 de dissiper d&rsquo;\u00e9ventuels malentendus, affirmant, dans des propos rapport\u00e9s par <a href=\"https:\/\/www.leparisien.fr\/international\/allemagne\/nous-allons-tout-de-meme-examiner-tous-ces-cas-de-pres-le-deces-de-six-candidats-dextreme-droite-enflamme-lallemagne-03-09-2025-ATYXKKUSTJFMFK3HRWYJZMIDYU.php?ts=1756982230176\" rel=\"nofollow noopener\" target=\"_blank\">Le Parisien<\/a>, que \u00ab\u00a0nous d\u00e9plorons aussi six cas de d\u00e9c\u00e8s dans d\u2019autres formations politiques, chez le Parti de d\u00e9fense des animaux, les \u00c9lecteurs libres, le Parti lib\u00e9ral et les Verts\u00a0\u00bb. \u00ab\u00a0De tels d\u00e9c\u00e8s se produisent \u00e0 chaque \u00e9lection, ind\u00e9pendamment des partis\u00a0\u00bb, a-t-elle encore rappel\u00e9.\u00a0<\/p>\n<p data-module=\"article-paragraph\" class=\"jsx-3046738180 Paragraph Paragraph__End\">Toutefois, les soup\u00e7ons restent de mise, en particulier du c\u00f4t\u00e9 d&rsquo;une c\u00f4t\u00e9 d&rsquo;une extr\u00eame droite qui n&rsquo;h\u00e9site pas \u00e0 attiser les braises du complotisme. La cheffe de file du parti, <a href=\"https:\/\/www.tf1info.fr\/international\/portrait-le-nouveau-visage-de-l-extreme-droite-identitaire-qui-est-alice-weidel-la-candidate-de-l-afd-pour-les-legislatives-allemandes-2352050.html\" target=\"_blank\" rel=\"noopener\">Alice Weidel<\/a>, s&rsquo;est content\u00e9e d&rsquo;un commentaire laconique sur X, mais en repostant le message de Stefan Homburg, l&rsquo;ancien directeur de l&rsquo;Institut des finances publiques de l&rsquo;Universit\u00e9 de Hanovre, mentionnant un sc\u00e9nario \u00ab\u00a0statistiquement presque impossible\u00a0\u00bb.<\/p>\n<blockquote data-testid=\"EmbedTwitter\" id=\"tweet-1962207184076358137-:R9dcmj9n79m:\" class=\"jsx-aeff1a1c40f54d7a twitter-tweet flex justify-center items-center\"><p>Vier AfD-Kandidaten gestorben.  https:\/\/t.co\/i9is9Dnya5 \u2014 Alice Weidel (@Alice_Weidel)  August 31, 2025<\/p><\/blockquote>\n<p>\u00ab\u00a0Statistiquement difficile \u00e0 expliquer\u00a0\u00bb<\/p>\n<p data-module=\"article-paragraph\" class=\"jsx-3046738180 Paragraph\">M\u00eame son de cloche du c\u00f4t\u00e9 de Stephan Brandner, l&rsquo;un des vice-pr\u00e9sidents de l&rsquo;AfD Rh\u00e9nanie-du-Nord-Westphalie, qui doute qu&rsquo;il s&rsquo;agisse d&rsquo;une co\u00efncidence. \u00ab\u00a0\u00c0 mon avis, c&rsquo;est statistiquement frappant et difficile \u00e0 expliquer actuellement. Je n&rsquo;ai jamais entendu parler d&rsquo;un nombre aussi important de d\u00e9c\u00e8s de politiciens d&rsquo;un parti en si peu de temps avant une \u00e9lection\u00a0\u00bb, affirme le d\u00e9put\u00e9 dans les colonnes de <a href=\"https:\/\/www.welt.de\/politik\/deutschland\/article68b5a2005d3e123a945b2bc6\/kommunalwahl-afd-in-nrw-verzeichnet-nun-sechs-tote-politiker.html\" rel=\"nofollow noopener\" target=\"_blank\">Die Welt<\/a>.\u00a0<\/p>\n<p data-module=\"article-paragraph\" class=\"jsx-3046738180 Paragraph Paragraph__End\">D&rsquo;autres responsables du parti ont, eux, bott\u00e9 en touche. \u00ab\u00a0Ce que j&rsquo;ai sous les yeux &#8211; mais ce ne sont que des informations partielles &#8211; ne confirme pas les soup\u00e7ons pour le moment\u00a0\u00bb, reconna\u00eet ainsi Kay Gottschalk le num\u00e9ro deux de la formation d&rsquo;extr\u00eame droite dans le L\u00e4nd. Il a tout de m\u00eame d\u00e9clar\u00e9 au podcast Berlin Playbook de Politico que son parti souhaitait que ces affaires soient examin\u00e9es \u00ab\u00a0sans tomber imm\u00e9diatement dans le complotisme\u00a0\u00bb. \u00ab\u00a0Nous enqu\u00eaterons bien s\u00fbr sur ces cas avec la sensibilit\u00e9 et le soin n\u00e9cessaires\u00a0\u00bb, ajoute-t-il aupr\u00e8s du <a href=\"https:\/\/www.spiegel.de\/politik\/deutschland\/afd-in-nordrhein-westfalen-bestaetigt-zwei-weitere-todesfaelle-von-politikern-vor-kommunalwahl-a-408b417a-f112-4a82-83f7-6b5d9c0072c6\" rel=\"nofollow noopener\" target=\"_blank\">Spiegel<\/a>, \u00ab\u00a0je dis toujours : la confiance, c&rsquo;est bien, le contr\u00f4le, c&rsquo;est mieux\u00a0\u00bb.<\/p>\n<p><a href=\"https:\/\/www.tf1info.fr\/international\/interview-80-e-anniversaire-8-mai-1945-seconde-guerre-mondiale-de-jour-passe-sous-silence-a-jour-de-la-liberation-comment-le-8-mai-est-vu-en-allemagne-2367897.html\" rel=\"noopener\" class=\"jsx-3308031228 Link flex\" target=\"_blank\"><img decoding=\"async\" src=\"https:\/\/www.europesays.com\/fr\/wp-content\/uploads\/2025\/09\/la-porte-de-brandebourg-le-8-mai-2020-pour-les-commemorations-du-75e-anniversaire-de-la-fin-des-comb.jpeg\" alt=\"La porte de Brandebourg, le 8 mai 2020, pour les comm\u00e9morations du 75e anniversaire de la fin des combats en Europe. \" loading=\"lazy\" importance=\"low\" fetchpriority=\"low\" class=\"\" aria-hidden=\"true\"\/><\/p>\n<p class=\"jsx-3657663356 ReadMoreArticle__Title\">Lire aussi<\/p>\n<p class=\"jsx-3657663356\">Comm\u00e9moration de la Victoire du 8-mai 1945 : de \u00ab\u00a0jour pass\u00e9 sous silence\u00a0\u00bb \u00e0 \u00ab\u00a0jour de lib\u00e9ration\u00a0\u00bb, comment cet \u00e9v\u00e9nement est vu en Allemagne<\/p>\n<p><\/a><\/p>\n<p data-module=\"article-paragraph\" class=\"jsx-3046738180 Paragraph Paragraph__End\">Les municipales en Rh\u00e9nanie-du-Nord-Westphaliee constituent un test important pour l&rsquo;AfD, qui s&rsquo;est impos\u00e9e comme la deuxi\u00e8me force politique du pays lors des l\u00e9gislatives de f\u00e9vrier dernier. Longtemps ancr\u00e9 dans l&rsquo;est du pays, le parti esp\u00e8re tirer son \u00e9pingle du jeu dans cette r\u00e9gion frontali\u00e8re de la Belgique et des Pays-Bas.\u00a0En attendant, dans les communes concern\u00e9es, de nouveaux bulletins de vote doivent \u00eatre r\u00e9imprim\u00e9s dans les plus brefs d\u00e9lais.\u00a0<\/p>\n<p>Maxence GEVIN<\/p>\n","protected":false},"excerpt":{"rendered":"\u00c0 l&rsquo;approche des \u00e9lections municipales en Rh\u00e9nanie-du-Nord-Westphalie, plusieurs candidats du parti d&rsquo;extr\u00eame droite AfD sont d\u00e9c\u00e9d\u00e9s en l&rsquo;espace&hellip;\n","protected":false},"author":2,"featured_media":365980,"comment_status":"","ping_status":"","sticky":false,"template":"","format":"standard","meta":{"footnotes":""},"categories":[1587],"tags":[1111,11,672,1921,1804,1805,1803,5949,50047,1777,674,1801,1922,50048,47720,12,1802,133,1920],"class_list":{"0":"post-365979","1":"post","2":"type-post","3":"status-publish","4":"format-standard","5":"has-post-thumbnail","7":"category-allemagne","8":"tag-actu","9":"tag-actualites","10":"tag-allemagne","11":"tag-article-video","12":"tag-bundesrepublik-deutschland","13":"tag-de","14":"tag-deutschland","15":"tag-elections","16":"tag-elections-en-allemagne-les-conservateurs-en-tete","17":"tag-eu","18":"tag-europe","19":"tag-germany","20":"tag-info","21":"tag-lafd-a-un-niveau-record","22":"tag-la-politique","23":"tag-news","24":"tag-republique-federale-dallemagne","25":"tag-video","26":"tag-video-international"},"share_on_mastodon":{"url":"https:\/\/pubeurope.com\/@fr\/115146747073939259","error":""},"_links":{"self":[{"href":"https:\/\/www.europesays.com\/fr\/wp-json\/wp\/v2\/posts\/365979","targetHints":{"allow":["GET"]}}],"collection":[{"href":"https:\/\/www.europesays.com\/fr\/wp-json\/wp\/v2\/posts"}],"about":[{"href":"https:\/\/www.europesays.com\/fr\/wp-json\/wp\/v2\/types\/post"}],"author":[{"embeddable":true,"href":"https:\/\/www.europesays.com\/fr\/wp-json\/wp\/v2\/users\/2"}],"replies":[{"embeddable":true,"href":"https:\/\/www.europesays.com\/fr\/wp-json\/wp\/v2\/comments?post=365979"}],"version-history":[{"count":0,"href":"https:\/\/www.europesays.com\/fr\/wp-json\/wp\/v2\/posts\/365979\/revisions"}],"wp:featuredmedia":[{"embeddable":true,"href":"https:\/\/www.europesays.com\/fr\/wp-json\/wp\/v2\/media\/365980"}],"wp:attachment":[{"href":"https:\/\/www.europesays.com\/fr\/wp-json\/wp\/v2\/media?parent=365979"}],"wp:term":[{"taxonomy":"category","embeddable":true,"href":"https:\/\/www.europesays.com\/fr\/wp-json\/wp\/v2\/categories?post=365979"},{"taxonomy":"post_tag","embeddable":true,"href":"https:\/\/www.europesays.com\/fr\/wp-json\/wp\/v2\/tags?post=365979"}],"curies":[{"name":"wp","href":"https:\/\/api.w.org\/{rel}","templated":true}]}}