{"id":365981,"date":"2025-09-04T15:31:12","date_gmt":"2025-09-04T15:31:12","guid":{"rendered":"https:\/\/www.europesays.com\/fr\/365981\/"},"modified":"2025-09-04T15:31:12","modified_gmt":"2025-09-04T15:31:12","slug":"le-conseil-de-leurope-met-en-garde-contre-les-expulsions-vers-des-pays-tiers","status":"publish","type":"post","link":"https:\/\/www.europesays.com\/fr\/365981\/","title":{"rendered":"le Conseil de l&rsquo;Europe met en garde contre les expulsions vers des pays tiers"},"content":{"rendered":"\n<p class=\"c-chapo \">\n  \u00ab\u00a0Les politiques d&rsquo;externalisation pourraient soumettre des personnes \u00e0 la torture ou \u00e0 d&rsquo;autres mauvais traitements\u00a0\u00bb, a alert\u00e9 jeudi Michael O&rsquo;Flaherty, commissaire aux droits de l&rsquo;homme du Conseil de l&rsquo;Europe.\n<\/p>\n<p>            lire plus tard<\/p>\n<p id=\"dialog__title\" class=\"dialog__title\">Pour sauvegarder cet article, connectez-vous ou cr\u00e9ez un compte franceinfo<\/p>\n<p class=\"dialog__description\">Sans paiement. Sans abonnement.<\/p>\n<p>        Fermer la fen\u00eatre d\u2019activation des notifications France Info<\/p>\n<p>            cr\u00e9er votre compte<\/p>\n<p>            se connecter<\/p>\n<p>        Fermer la fen\u00eatre de pr\u00e9sentation<\/p>\n<p>    <img loading=\"lazy\" decoding=\"async\" class=\"signature__image lazyload\" width=\"100\" height=\"100\" data- alt=\"\" src=\"https:\/\/www.europesays.com\/fr\/wp-content\/uploads\/2025\/05\/64a68815cd1a7_placeholder-36b69ec8.png\"\/><\/p>\n<p>    Publi\u00e9 le 04\/09\/2025 17:08<\/p>\n<p>      Mis \u00e0 jour le 04\/09\/2025 17:08<\/p>\n<p>        Temps de lecture : 1min<\/p>\n<p>    <img decoding=\"async\"  alt=\"Des exil\u00e9s auparavant d\u00e9tenus en Italie dans le port de Shengjin (Albanie), le 11 avril 2025. (ADNAN BECI \/ AFP)\" width=\"432\" height=\"243\" src=\"https:\/\/www.europesays.com\/fr\/wp-content\/uploads\/2025\/09\/000-422n6uy-68b9aad10ea95122445375.jpg\" fetchpriority=\"high\"\/><\/p>\n<p>      Des exil\u00e9s auparavant d\u00e9tenus en Italie dans le port de Shengjin (Albanie), le 11 avril 2025. (ADNAN BECI \/ AFP)<\/p>\n<p>Le <a href=\"https:\/\/www.coe.int\/en\/web\/commissioner\/view\/-\/asset_publisher\/ugj3i6qSEkhZ\/content\/id\/289262604?_com_liferay_asset_publisher_web_portlet_AssetPublisherPortlet_INSTANCE_ugj3i6qSEkhZ_languageId=fr_FR#p_com_liferay_asset_publisher_web_portlet_AssetPublisherPortlet_INSTANCE_ugj3i6qSEkhZ\" target=\"_blank\" rel=\"noopener nofollow\">Conseil de l&rsquo;Europe<\/a> a mis en garde ses 46 Etats-membres contre les expulsions de migrants vers des pays tiers, jeudi 4\u00a0septembre, \u00e9voquant un risque de torture et de mort pour les personnes concern\u00e9es. \u00ab\u00a0De telles politiques peuvent exposer des femmes, des hommes et des enfants \u00e0 un risque significatif d&rsquo;atteintes graves et de souffrance prolong\u00e9e\u00a0\u00bb, pr\u00e9vient le commissaire aux droits de l&rsquo;homme du Conseil de l&rsquo;Europe, Michael O&rsquo;Flaherty, dans un communiqu\u00e9.<\/p>\n<p>Plusieurs pays ont commenc\u00e9 \u00e0 <a href=\"https:\/\/www.franceinfo.fr\/monde\/europe\/migrants\/elections-europeennes-2024-controler-les-migrants-hors-des-frontieres-de-l-ue-une-idee-controversee-qui-seduit-de-plus-en-plus_6576512.html\" rel=\"nofollow noopener\" target=\"_blank\">externaliser leurs politiques migratoires<\/a>, \u00e0 l&rsquo;instar de l&rsquo;Italie, qui a ouvert l&rsquo;an dernier en Albanie des centres d&rsquo;accueil transform\u00e9s en sites de rapatriement. Pour le Conseil de l&rsquo;Europe, vigie des droits de l&rsquo;homme et de la d\u00e9mocratie sur le continent, ces mesures posent \u00ab\u00a0des d\u00e9fis\u00a0\u00bb. \u00ab\u00a0Les politiques d&rsquo;externalisation pourraient soumettre des personnes \u00e0 la torture ou \u00e0 d&rsquo;autres mauvais traitements, \u00e0 des expulsions collectives et \u00e0 des d\u00e9tentions arbitraires ou pourraient mettre leur vie en danger\u00a0\u00bb, alerte Michael O&rsquo;Flaherty. Ces mesures risquent aussi \u00ab\u00a0d&rsquo;entraver l&rsquo;acc\u00e8s \u00e0 l&rsquo;asile et de priver des personnes de recours l\u00e9gaux\u00a0\u00bb.<\/p>\n<p>Le mois dernier, la Cour de justice de l&rsquo;Union europ\u00e9enne (CJUE) <a href=\"https:\/\/www.franceinfo.fr\/replay-radio\/d-un-monde-a-l-autre\/en-italie-la-politique-migratoire-au-c-ur-de-l-affrontement-entre-giorgia-meloni-et-la-justice_7014329.html\" rel=\"nofollow noopener\" target=\"_blank\">a donn\u00e9 raison \u00e0 des magistrats italiens<\/a>, qui ont ordonn\u00e9 le rapatriement en Italie de migrants expuls\u00e9s vers l&rsquo;Albanie par le gouvernement de Giorgia Meloni. De son c\u00f4t\u00e9, la Cour europ\u00e9enne des droits de l&rsquo;homme (CEDH), qui d\u00e9pend du Conseil de l&rsquo;Europe, avait bloqu\u00e9 en 2022 un <a href=\"https:\/\/www.franceinfo.fr\/replay-radio\/le-club-des-correspondants\/la-loi-controversee-qui-permet-au-royaume-uni-d-expulser-des-migrants-vers-le-rwanda-cree-des-tensions-entre-londres-et-dublin_6486683.html\" rel=\"nofollow noopener\" target=\"_blank\">transfert de migrants par le Royaume-Uni en direction du Rwanda<\/a>.<\/p>\n","protected":false},"excerpt":{"rendered":"\u00ab\u00a0Les politiques d&rsquo;externalisation pourraient soumettre des personnes \u00e0 la torture ou \u00e0 d&rsquo;autres mauvais traitements\u00a0\u00bb, a alert\u00e9 jeudi&hellip;\n","protected":false},"author":2,"featured_media":365982,"comment_status":"","ping_status":"","sticky":false,"template":"","format":"standard","meta":{"footnotes":""},"categories":[1586],"tags":[11,1777,674,1011,27,12,25],"class_list":{"0":"post-365981","1":"post","2":"type-post","3":"status-publish","4":"format-standard","5":"has-post-thumbnail","7":"category-europe","8":"tag-actualites","9":"tag-eu","10":"tag-europe","11":"tag-fr","12":"tag-france","13":"tag-news","14":"tag-republique-francaise"},"share_on_mastodon":{"url":"https:\/\/pubeurope.com\/@fr\/115146751097820926","error":""},"_links":{"self":[{"href":"https:\/\/www.europesays.com\/fr\/wp-json\/wp\/v2\/posts\/365981","targetHints":{"allow":["GET"]}}],"collection":[{"href":"https:\/\/www.europesays.com\/fr\/wp-json\/wp\/v2\/posts"}],"about":[{"href":"https:\/\/www.europesays.com\/fr\/wp-json\/wp\/v2\/types\/post"}],"author":[{"embeddable":true,"href":"https:\/\/www.europesays.com\/fr\/wp-json\/wp\/v2\/users\/2"}],"replies":[{"embeddable":true,"href":"https:\/\/www.europesays.com\/fr\/wp-json\/wp\/v2\/comments?post=365981"}],"version-history":[{"count":0,"href":"https:\/\/www.europesays.com\/fr\/wp-json\/wp\/v2\/posts\/365981\/revisions"}],"wp:featuredmedia":[{"embeddable":true,"href":"https:\/\/www.europesays.com\/fr\/wp-json\/wp\/v2\/media\/365982"}],"wp:attachment":[{"href":"https:\/\/www.europesays.com\/fr\/wp-json\/wp\/v2\/media?parent=365981"}],"wp:term":[{"taxonomy":"category","embeddable":true,"href":"https:\/\/www.europesays.com\/fr\/wp-json\/wp\/v2\/categories?post=365981"},{"taxonomy":"post_tag","embeddable":true,"href":"https:\/\/www.europesays.com\/fr\/wp-json\/wp\/v2\/tags?post=365981"}],"curies":[{"name":"wp","href":"https:\/\/api.w.org\/{rel}","templated":true}]}}