{"id":365989,"date":"2025-09-04T15:35:10","date_gmt":"2025-09-04T15:35:10","guid":{"rendered":"https:\/\/www.europesays.com\/fr\/365989\/"},"modified":"2025-09-04T15:35:10","modified_gmt":"2025-09-04T15:35:10","slug":"edito-la-france-touchee-mais-pas-coulee","status":"publish","type":"post","link":"https:\/\/www.europesays.com\/fr\/365989\/","title":{"rendered":"[\u00c9dito] La France touch\u00e9e mais pas coul\u00e9e"},"content":{"rendered":"<p>Notre incurie financi\u00e8re peut-elle d\u00e9stabiliser la zone euro, telle la grave crise de 2011-2012, n\u00e9e de la faillite de la Gr\u00e8ce\u00a0? Poser ainsi la question, c\u2019est y r\u00e9pondre. Puissance \u00e9conomique, dimension strat\u00e9gique, diplomatie, patrimoine, influence, bilan..: France et Gr\u00e8ce n\u2019ont rien de commun. La chienlit politique, la chute du gouvernement Bayrou apr\u00e8s celui de Barnier, sera de nouveau n\u00e9faste pour la croissance, le d\u00e9ficit, les taux d\u2019int\u00e9r\u00eat.. Les spreads, l\u2019\u00e9cart de taux entre la France et l\u2019Allemagne, augmentent. La croissance flageole. Faute de budget, le d\u00e9ficit r\u00e9duit \u00e0 4,6\u00a0% est mort et enterr\u00e9. Par nature, la chute de gouvernements \u00e9tablis pr\u00e9occupe les investisseurs\u00a0: ceux qui pr\u00eatent n\u2019aiment pas l\u2019instabilit\u00e9. Notre pays les inqui\u00e8te-t-il\u00a0? Aussi mal g\u00e9r\u00e9e soit-elle, la France reste un risque raisonnable, peu susceptible \u00e0 ce stade de d\u00e9clencher un remake de la crise des dettes souveraines. Nous pouvons payer et c\u2019est bien ce qui compte. \u00c0 pr\u00e8s de 66 milliards, puis 80, voire 100 \u00e0 terme, les seuls int\u00e9r\u00eats de la dette nous co\u00fbtent une fortune. Ce probl\u00e8me est grave. Mais c\u2019est le n\u00f4tre. Pas celui des march\u00e9s qui, aujourd\u2019hui, s\u2019en tiennent \u00e0 notre \u00e9pargne record et surabondante de plus de 6\u00a0500 milliards. Au fait que, malgr\u00e9 la grogne, nos imp\u00f4ts continuent, bon an mal an, de rentrer. Que, m\u00eame si l\u2019agence Fitch s\u2019appr\u00eate \u00e0 nous d\u00e9grader, notre note financi\u00e8re reste praticable. Enfin, que si le commerce ext\u00e9rieur est dans le rouge, notre balance des paiements courants reste dans le vert. Le solde entre l\u2019argent qui sort et entre dans le pays est positif gr\u00e2ce aux services &#8211; banques, assurances, conseils etc. Ce crit\u00e8re est central pour la confiance des cr\u00e9anciers, convaincus que, d\u00e9mon\u00e9tis\u00e9 par des d\u00e9cennies de n\u00e9gligence, l\u2019\u00c9tat fran\u00e7ais est pauvre. Mais la France, un pays riche.<\/p>\n","protected":false},"excerpt":{"rendered":"Notre incurie financi\u00e8re peut-elle d\u00e9stabiliser la zone euro, telle la grave crise de 2011-2012, n\u00e9e de la faillite&hellip;\n","protected":false},"author":2,"featured_media":365990,"comment_status":"","ping_status":"","sticky":false,"template":"","format":"standard","meta":{"footnotes":""},"categories":[4],"tags":[11,33,1011,27,12,1427,25],"class_list":{"0":"post-365989","1":"post","2":"type-post","3":"status-publish","4":"format-standard","5":"has-post-thumbnail","7":"category-france","8":"tag-actualites","9":"tag-economie","10":"tag-fr","11":"tag-france","12":"tag-news","13":"tag-opinions","14":"tag-republique-francaise"},"share_on_mastodon":{"url":"https:\/\/pubeurope.com\/@fr\/115146766689029054","error":""},"_links":{"self":[{"href":"https:\/\/www.europesays.com\/fr\/wp-json\/wp\/v2\/posts\/365989","targetHints":{"allow":["GET"]}}],"collection":[{"href":"https:\/\/www.europesays.com\/fr\/wp-json\/wp\/v2\/posts"}],"about":[{"href":"https:\/\/www.europesays.com\/fr\/wp-json\/wp\/v2\/types\/post"}],"author":[{"embeddable":true,"href":"https:\/\/www.europesays.com\/fr\/wp-json\/wp\/v2\/users\/2"}],"replies":[{"embeddable":true,"href":"https:\/\/www.europesays.com\/fr\/wp-json\/wp\/v2\/comments?post=365989"}],"version-history":[{"count":0,"href":"https:\/\/www.europesays.com\/fr\/wp-json\/wp\/v2\/posts\/365989\/revisions"}],"wp:featuredmedia":[{"embeddable":true,"href":"https:\/\/www.europesays.com\/fr\/wp-json\/wp\/v2\/media\/365990"}],"wp:attachment":[{"href":"https:\/\/www.europesays.com\/fr\/wp-json\/wp\/v2\/media?parent=365989"}],"wp:term":[{"taxonomy":"category","embeddable":true,"href":"https:\/\/www.europesays.com\/fr\/wp-json\/wp\/v2\/categories?post=365989"},{"taxonomy":"post_tag","embeddable":true,"href":"https:\/\/www.europesays.com\/fr\/wp-json\/wp\/v2\/tags?post=365989"}],"curies":[{"name":"wp","href":"https:\/\/api.w.org\/{rel}","templated":true}]}}