{"id":365996,"date":"2025-09-04T15:41:09","date_gmt":"2025-09-04T15:41:09","guid":{"rendered":"https:\/\/www.europesays.com\/fr\/365996\/"},"modified":"2025-09-04T15:41:09","modified_gmt":"2025-09-04T15:41:09","slug":"tout-ce-quil-faut-retenir-de-ce-jeudi-a-barcelone","status":"publish","type":"post","link":"https:\/\/www.europesays.com\/fr\/365996\/","title":{"rendered":"Tout ce qu&rsquo;il faut retenir de ce jeudi \u00e0 Barcelone"},"content":{"rendered":"<p>Apr\u00e8s une semaine de repos bien m\u00e9rit\u00e9, les pilotes MotoGP\u2122 reprennent du service ce week-end \u00e0 l&rsquo;occasion de la 15e manche du Championnat du Monde. Jorge Mart\u00edn (Aprilia Racing), Marc M\u00e1rquez (Ducati Lenovo Team) et Pedro Acosta (Red Bull KTM Factory Racing) \u00e9taient les invit\u00e9s de la conf\u00e9rence de presse de ce jeudi \u00e0 Barcelone en amont du Grand Prix Monster Energy de Catalogne. Comme toujours, revenons sur les points les plus importants de la journ\u00e9e.<\/p>\n<p>On commence cette revue du jeudi en \u00e9voquant le march\u00e9 des pilotes. Cette semaine, on a eu droit \u00e0 pas mal de nouvelles, \u00e0 commencer par les prolongations de contrat de Johann Zarco (LCR Honda Castrol) et Luca Marini (Honda HRC Castrol), respectivement chez LCR Honda et Honda HRC. Cet apr\u00e8s-midi, les deux hommes \u00e9taient \u00e0 notre micro pour nous en dire davantage.<\/p>\n<p><a href=\"https:\/\/www.motogp.com\/fr\/videos\/2025\/09\/04\/marini-et-zarco-conserves-par-honda-pour-2026-leurs-reactions\/758057?playlistId=17859\" rel=\"nofollow noopener\" target=\"_blank\">Vid\u00e9o \u2013 Marini et Zarco conserv\u00e9s par Honda pour 2026 : leurs r\u00e9actions<\/a><\/p>\n<p><a href=\"https:\/\/www.motogp.com\/fr\/news\/2025\/09\/01\/zarco-confirmed-with-lcr-for-2026-and-2027\/757853\" rel=\"nofollow noopener\" target=\"_blank\">Article \u2013 Zarco prolonge chez LCR jusqu&rsquo;en 2027<\/a><\/p>\n<p><a href=\"https:\/\/www.motogp.com\/fr\/news\/2025\/09\/01\/honda-racing-corporation-and-luca-marini-extend-contract-to-2026\/757852\" rel=\"nofollow noopener\" target=\"_blank\">Article \u2013 Marini poursuit avec Honda Racing Corporation en 2026<\/a><\/p>\n<p>Mardi, c&rsquo;est VR46 qui a officiellement compl\u00e9t\u00e9 sa line-up 2026 en annon\u00e7ant la prolongation de contrat de Franco Morbidelli (Pertamina Enduro VR46 Racing Team). Mont\u00e9 deux fois sur le podium d&rsquo;un Grand Prix cette saison, le n\u00b021 est revenu sur cette bonne nouvelle cet apr\u00e8s-midi.<\/p>\n<p><a href=\"https:\/\/www.motogp.com\/fr\/videos\/2025\/09\/04\/morbidelli-avoir-mon-futur-assure-un-extra-boost-pour-la-suite\/758053?playlistId=17859\" rel=\"nofollow noopener\" target=\"_blank\">Vid\u00e9o \u2013 Morbidelli\u00a0: \u00ab\u00a0Avoir mon futur assur\u00e9\u00a0? Un \u2018extra boost\u2019 pour la suite\u00a0\u00bb<\/a><\/p>\n<p><a href=\"https:\/\/www.motogp.com\/fr\/news\/2025\/09\/02\/morbidelli-renews-for-2026-with-pertamina-enduro-vr46-racing-team\/757887\" rel=\"nofollow noopener\" target=\"_blank\">Article \u2013 Morbidelli continue l&rsquo;aventure chez Pertamina Enduro VR46 Racing Team<\/a><\/p>\n<p>Ces annonces \u00e9taient plus ou moins attendues mais aujourd&rsquo;hui, on a eu droit au d\u00e9nouement tr\u00e8s attendu du \u00ab\u00a0dilemme de Pramac\u00a0\u00bb. Apr\u00e8s des semaines de rumeur et une sortie m\u00e9diatique remarqu\u00e9e de Jack Miller (Prima Pramac Yamaha MotoGP\u2122) en Hongrie, l&rsquo;Australien a finalement \u00e9t\u00e9 reconduit pour 2026, saison au cours de laquelle il roulera aux c\u00f4t\u00e9s de Toprak Razgatl\u0131o\u011flu.<\/p>\n<p><a href=\"https:\/\/www.motogp.com\/fr\/news\/2025\/09\/04\/miller-confirmed-with-prima-pramac-yamaha-motogp-for-2026\/757992\" rel=\"nofollow noopener\" target=\"_blank\">Article \u2013 Miller reste chez Prima Pramac Yamaha MotoGP\u2122<\/a><\/p>\n<p><a href=\"https:\/\/www.motogp.com\/fr\/videos\/2025\/09\/04\/miller-reconduit-chez-prima-pramac-yamaha-je-voulais-vraiment-faire-partie-de-ce-projet\/758050?playlistId=17859\" rel=\"nofollow noopener\" target=\"_blank\">Vid\u00e9o \u2013 Miller reconduit chez Prima Pramac Yamaha\u00a0: \u00ab\u00a0Je voulais vraiment faire partie de ce projet\u00a0\u00bb<\/a><\/p>\n<p>Qui dit prolongation pour Jack Miller dit forc\u00e9ment porte de sortie pour Miguel Oliveira (Prima Pramac Yamaha MotoGP\u2122). Titulaire en cat\u00e9gorie reine depuis 2019, le Portugais se retrouve donc sur la carreau et se dit surpris de cette d\u00e9cision.<\/p>\n<p><a href=\"https:\/\/www.motogp.com\/fr\/videos\/2025\/09\/04\/oliveira-sans-guidon-pour-2026-ca-a-ete-un-peu-une-surprise-\/758023?playlistId=17859\" rel=\"nofollow noopener\" target=\"_blank\">Vid\u00e9o \u2013 Oliveira sans guidon pour 2026\u00a0: \u00ab\u00a0\u00c7a a \u00e9t\u00e9 un peu une surprise\u00a0\u00bb<\/a><\/p>\n<p>Revenons \u00e0 la piste\u00a0! Le paddock retrouve ce week-end le circuit de Barcelona-Catalunya, th\u00e9\u00e2tre du Grand Prix de la solidarit\u00e9 en novembre dernier qui a vu Jorge Mart\u00edn s&rsquo;adjuger la couronne mondiale. Le Champion du Monde en titre est heureux de retrouver cette piste mais ne veut pas vivre dans le pass\u00e9.<\/p>\n<p><a href=\"https:\/\/www.motogp.com\/fr\/videos\/2025\/09\/04\/martin-les-souvenirs-sont-les-souvenirs-place-au-present-\/758055?playlistId=17859\" rel=\"nofollow noopener\" target=\"_blank\">Vid\u00e9o \u2013 Mart\u00edn\u00a0: \u00ab\u00a0Les souvenirs sont les souvenirs\u00a0: place au pr\u00e9sent\u00a0!\u00a0\u00bb<\/a><\/p>\n<p>Est-ce que le retour au sommet de Marc M\u00e1rquez apr\u00e8s ses nombreuses blessures est le plus grand comeback de l&rsquo;histoire\u00a0? Jorge Mart\u00edn et Pedro Acosta ont abord\u00e9 le sujet en conf\u00e9rence de presse et n&rsquo;ont pas tari d&rsquo;\u00e9loges au sujet de leur compatriote.<\/p>\n<p><a href=\"https:\/\/www.motogp.com\/fr\/videos\/2025\/09\/04\/mmarquez-le-plus-grand-comeback-de-lhistoire-du-sport\/758064?playlistId=17859\" rel=\"nofollow noopener\" target=\"_blank\">Vid\u00e9o \u2013 M.M\u00e1rquez\u00a0? \u00ab\u00a0Le plus grand comeback de l\u2019histoire du sport\u00a0\u00bb<\/a><\/p>\n<p>Actuellement sur une s\u00e9rie folle de sept doubl\u00e9s cons\u00e9cutifs, le sextuple Champion du Monde MotoGP\u2122 esp\u00e8re en ajouter un \u00e0 son palmar\u00e8s ce week-end mais il est conscient du niveau de ses adversaires sur cette piste. Face aux KTM, aux Aprilia, \u00e0 son co\u00e9quipier et m\u00eame \u00e0 son propre fr\u00e8re, va-t-il parvenir \u00e0 mettre la barre encore plus haute ?<\/p>\n<p><a href=\"https:\/\/www.motogp.com\/fr\/videos\/2025\/09\/04\/mmarquez-cest-peut-etre-le-moment-ou-la-serie-va-se-terminer\/758059?playlistId=17859\" rel=\"nofollow noopener\" target=\"_blank\">Vid\u00e9o \u2013 M.M\u00e1rquez\u00a0: \u00ab\u00a0C\u2019est peut-\u00eatre le moment o\u00f9 la s\u00e9rie va se terminer\u00a0\u00bb<\/a><\/p>\n<p>Rendez-vous vendredi \u00e0 9h00 pour les premi\u00e8res s\u00e9ances d\u2019essais libres de ce GP\u00a0!<\/p>\n","protected":false},"excerpt":{"rendered":"Apr\u00e8s une semaine de repos bien m\u00e9rit\u00e9, les pilotes MotoGP\u2122 reprennent du service ce week-end \u00e0 l&rsquo;occasion de&hellip;\n","protected":false},"author":2,"featured_media":365997,"comment_status":"","ping_status":"","sticky":false,"template":"","format":"standard","meta":{"footnotes":""},"categories":[1413],"tags":[1011,27,1457,1456,60,2032],"class_list":{"0":"post-365996","1":"post","2":"type-post","3":"status-publish","4":"format-standard","5":"has-post-thumbnail","7":"category-moto","8":"tag-fr","9":"tag-france","10":"tag-moto","11":"tag-motocycle","12":"tag-sports","13":"tag-text"},"share_on_mastodon":{"url":"https:\/\/pubeurope.com\/@fr\/115146790249108425","error":""},"_links":{"self":[{"href":"https:\/\/www.europesays.com\/fr\/wp-json\/wp\/v2\/posts\/365996","targetHints":{"allow":["GET"]}}],"collection":[{"href":"https:\/\/www.europesays.com\/fr\/wp-json\/wp\/v2\/posts"}],"about":[{"href":"https:\/\/www.europesays.com\/fr\/wp-json\/wp\/v2\/types\/post"}],"author":[{"embeddable":true,"href":"https:\/\/www.europesays.com\/fr\/wp-json\/wp\/v2\/users\/2"}],"replies":[{"embeddable":true,"href":"https:\/\/www.europesays.com\/fr\/wp-json\/wp\/v2\/comments?post=365996"}],"version-history":[{"count":0,"href":"https:\/\/www.europesays.com\/fr\/wp-json\/wp\/v2\/posts\/365996\/revisions"}],"wp:featuredmedia":[{"embeddable":true,"href":"https:\/\/www.europesays.com\/fr\/wp-json\/wp\/v2\/media\/365997"}],"wp:attachment":[{"href":"https:\/\/www.europesays.com\/fr\/wp-json\/wp\/v2\/media?parent=365996"}],"wp:term":[{"taxonomy":"category","embeddable":true,"href":"https:\/\/www.europesays.com\/fr\/wp-json\/wp\/v2\/categories?post=365996"},{"taxonomy":"post_tag","embeddable":true,"href":"https:\/\/www.europesays.com\/fr\/wp-json\/wp\/v2\/tags?post=365996"}],"curies":[{"name":"wp","href":"https:\/\/api.w.org\/{rel}","templated":true}]}}