{"id":365998,"date":"2025-09-04T15:42:12","date_gmt":"2025-09-04T15:42:12","guid":{"rendered":"https:\/\/www.europesays.com\/fr\/365998\/"},"modified":"2025-09-04T15:42:12","modified_gmt":"2025-09-04T15:42:12","slug":"verstappen-et-lerreur-de-juste-vouloir-piloter-pour-ferrari","status":"publish","type":"post","link":"https:\/\/www.europesays.com\/fr\/365998\/","title":{"rendered":"Verstappen et \u00ab\u00a0l&rsquo;erreur de juste vouloir piloter pour Ferrari\u00a0\u00bb"},"content":{"rendered":"<p>Jusqu&rsquo;\u00e0 ce qu&rsquo;il ne mette fin lui-m\u00eame aux rumeurs, avant la pause estivale, <a href=\"https:\/\/fr.motorsport.com\/driver\/max-verstappen\/93029\/\" target=\"_blank\" rel=\"noopener\">Max Verstappen<\/a> avait un avenir largement comment\u00e9. Sous contrat chez <a href=\"https:\/\/fr.motorsport.com\/team\/red-bull\/553\/\" target=\"_blank\" rel=\"noopener\">Red Bull<\/a> jusqu&rsquo;en 2028, il y restera l&rsquo;ann\u00e9e prochaine, c&rsquo;est une certitude. N\u00e9anmoins, son futur sera probablement \u00e0 nouveau discut\u00e9 si, en 2026, le tournant r\u00e9glementaire est mal n\u00e9goci\u00e9 par l&rsquo;\u00e9curie de Milton Keynes.<\/p>\n<p>Depuis plus d&rsquo;un an, les sp\u00e9culations sont all\u00e9es bon train sur ce que pourrait \u00eatre la future \u00e9curie du quadruple champion du monde, mais jamais le nom de <a href=\"https:\/\/fr.motorsport.com\/team\/ferrari\/615\/\" target=\"_blank\" rel=\"noopener\">Ferrari<\/a> n&rsquo;est sorti du chapeau. Il faut dire que la Scuderia avait sign\u00e9 d\u00e8s f\u00e9vrier 2024 le \u00ab\u00a0transfert du si\u00e8cle\u00a0\u00bb en mettant le grapin sur <a href=\"https:\/\/fr.motorsport.com\/driver\/lewis-hamilton\/76878\/\" target=\"_blank\" rel=\"noopener\">Lewis Hamilton<\/a>, pour une histoire d&rsquo;amour qui demande encore \u00e0 s&rsquo;enflammer. Est-ce \u00e0 dire que la Scuderia n&rsquo;est pas une destination de choix pour Max Verstappen\u00a0?<\/p>\n<p>\u00ab\u00a0Je ne sais pas\u00a0\u00bb, a-t-il r\u00e9pondu dans le paddock de Monza, jeudi, restant fid\u00e8le \u00e0 sa volont\u00e9 de ne pas insulter l&rsquo;avenir.\u00a0\u00ab\u00a0Ils ont deux pilotes sous contrat pour l&rsquo;ann\u00e9e prochaine de toute mani\u00e8re, donc il n&rsquo;y a aucune discussion. Maintenant, est-ce qu&rsquo;il existe une chance\u00a0? Oui, il y a \u00e9norm\u00e9ment de chances dans la vie, pour tout type de d\u00e9cisions. Ce n&rsquo;est \u00e9videmment pas \u00e0 l&rsquo;horizon pour le moment, mais qui sait ? Je ne sais m\u00eame pas combien de temps je vais rester en Formule\u00a01, donc il reste beaucoup d&rsquo;inconnues pour moi.\u00a0\u00bb<\/p>\n<blockquote>\n<p>Si jamais je voulais y aller un jour, je n&rsquo;irais pas juste pour dire que je pilote pour Ferrari, j&rsquo;irais parce que je vois une opportunit\u00e9 de gagner.<\/p>\n<\/blockquote>\n<p>   <img decoding=\"async\" draggable=\"false\" src=\"https:\/\/www.europesays.com\/fr\/wp-content\/uploads\/2025\/09\/max-verstappen-red-bull-racing.jpg\" alt=\"Max Verstappen et Fr\u00e9d\u00e9ric Vasseur.\" width=\"1200\" height=\"800\" loading=\"lazy\"\/> <\/p>\n<p class=\"title\">Max Verstappen et Fr\u00e9d\u00e9ric Vasseur.<\/p>\n<p class=\"photographer\">Photo de: Red Bull Content Pool<\/p>\n<p>Interrog\u00e9 sur les difficult\u00e9s que vit Lewis Hamilton depuis son arriv\u00e9e \u00e0 Maranello, Max Verstappen reste mesur\u00e9. Les d\u00e9tails qui peuvent faire pencher la balance du c\u00f4t\u00e9 de l&rsquo;\u00e9chec ou de la r\u00e9ussite sont selon lui trop nombreux et impossibles \u00e0 analyser.\u00a0<\/p>\n<p>\u00ab\u00a0Je ne peux pas me projeter sur la fa\u00e7on dont il fonctionnait chez <a href=\"https:\/\/fr.motorsport.com\/team\/mercedes\/611\/\" target=\"_blank\" rel=\"noopener\">Mercedes<\/a>, sur ce qu&rsquo;il ressent personnellement, ni sur ce qui se passe actuellement dans l&rsquo;\u00e9quipe\u00a0\u00bb, r\u00e9pond le N\u00e9erlandais.\u00a0\u00ab\u00a0Je n&rsquo;ai aucune information l\u00e0-dessus.\u00a0\u00bb <\/p>\n<p>\u00ab\u00a0Le fait est qu&rsquo;il a bien s\u00fbr rejoint une \u00e9quipe qui avait d\u00e9j\u00e0 un tr\u00e8s bon pilote avec Charles [Leclerc], donc ce n&rsquo;est jamais facile d&rsquo;arriver et de battre imm\u00e9diatement un co\u00e9quipier qui est bien int\u00e9gr\u00e9, qui conna\u00eet tr\u00e8s bien l&rsquo;\u00e9quipe, qui parle la langue. Mais ces voitures peuvent parfois \u00eatre assez compliqu\u00e9es pour comprendre totalement pourquoi on est rapide ou pas.\u00a0\u00bb<\/p>\n<p>\u00c0 titre personnel, s&rsquo;il comprend la passion que suscite Ferrari, Max Verstappen n&rsquo;en fait ni un r\u00eave, ni un objectif.\u00a0\u00c9voquant ce qu&rsquo;il semble consid\u00e9rer comme un pi\u00e8ge, il rappelle la seule raison qui pourrait l&rsquo;amener \u00e0 rejoindre une autre \u00e9curie que Red Bull, qu&rsquo;il s&rsquo;agisse de la Scuderia ou d&rsquo;une autre\u00a0: disposer du meilleur mat\u00e9riel possible.<\/p>\n<p>\u00ab\u00a0Ferrari est une tr\u00e8s grande marque, et bien s\u00fbr tous les pilotes se disent, s&rsquo;imaginent : &lsquo;J&rsquo;aimerais piloter pour Ferrari'\u00a0\u00bb, observe-t-il. \u00ab\u00a0Mais je pense que c&rsquo;est aussi l\u00e0 que se situe l&rsquo;erreur, de juste vouloir piloter pour Ferrari. Si tu veux piloter pour Ferrari, tu veux gagner. Donc si jamais je voulais y aller un jour, je n&rsquo;irais pas juste pour dire que je pilote pour Ferrari, j&rsquo;irais parce que je vois une opportunit\u00e9 de gagner. Et si tu gagnes avec Ferrari, c&rsquo;est encore mieux.\u00a0\u00bb <\/p>\n<p>\u00ab\u00a0Je pense qu&rsquo;il ne faut pas se laisser guider uniquement par l&rsquo;\u00e9motion et la passion d&rsquo;une marque, il faut y aller parce que tu sens que c&rsquo;est le bon endroit. Et puis, qui sait si c&rsquo;est vraiment le bon endroit\u00a0? Je n&rsquo;en sais rien. On verra bien l&rsquo;an prochain, avec le nouveau r\u00e8glement, \u00e7a peut encore rebattre toutes les cartes sur la grille.\u00a0\u00bb<\/p>\n<p style=\"text-align: right;\">Propos recueillis par Roberto Chinchero<\/p>\n<p>Lire aussi :<\/p>\n<p>Dans cet article<\/p>\n<p>Soyez le premier inform\u00e9 et souscrivez aux alertes mails pour recevoir les infos en temps r\u00e9el<\/p>\n<p>    S&rsquo;abonner aux alertes de news<\/p>\n","protected":false},"excerpt":{"rendered":"Jusqu&rsquo;\u00e0 ce qu&rsquo;il ne mette fin lui-m\u00eame aux rumeurs, avant la pause estivale, Max Verstappen avait un avenir&hellip;\n","protected":false},"author":2,"featured_media":365999,"comment_status":"","ping_status":"","sticky":false,"template":"","format":"standard","meta":{"footnotes":""},"categories":[1412],"tags":[50050,1451,2251,1452,1453,1454,1455,1011,27,31123,2236,2255,60,50049],"class_list":{"0":"post-365998","1":"post","2":"type-post","3":"status-publish","4":"format-standard","5":"has-post-thumbnail","7":"category-f1","8":"tag-autodromo-nazionale-monza","9":"tag-f1","10":"tag-ferrari","11":"tag-formula-1","12":"tag-formula1","13":"tag-formule-1","14":"tag-formule1","15":"tag-fr","16":"tag-france","17":"tag-gp-ditalie","18":"tag-max-verstappen","19":"tag-red-bull","20":"tag-sports","21":"tag-verstappen-et-lerreur-de-juste-vouloir-piloter-pour-ferrari"},"share_on_mastodon":{"url":"https:\/\/pubeurope.com\/@fr\/115146794529292703","error":""},"_links":{"self":[{"href":"https:\/\/www.europesays.com\/fr\/wp-json\/wp\/v2\/posts\/365998","targetHints":{"allow":["GET"]}}],"collection":[{"href":"https:\/\/www.europesays.com\/fr\/wp-json\/wp\/v2\/posts"}],"about":[{"href":"https:\/\/www.europesays.com\/fr\/wp-json\/wp\/v2\/types\/post"}],"author":[{"embeddable":true,"href":"https:\/\/www.europesays.com\/fr\/wp-json\/wp\/v2\/users\/2"}],"replies":[{"embeddable":true,"href":"https:\/\/www.europesays.com\/fr\/wp-json\/wp\/v2\/comments?post=365998"}],"version-history":[{"count":0,"href":"https:\/\/www.europesays.com\/fr\/wp-json\/wp\/v2\/posts\/365998\/revisions"}],"wp:featuredmedia":[{"embeddable":true,"href":"https:\/\/www.europesays.com\/fr\/wp-json\/wp\/v2\/media\/365999"}],"wp:attachment":[{"href":"https:\/\/www.europesays.com\/fr\/wp-json\/wp\/v2\/media?parent=365998"}],"wp:term":[{"taxonomy":"category","embeddable":true,"href":"https:\/\/www.europesays.com\/fr\/wp-json\/wp\/v2\/categories?post=365998"},{"taxonomy":"post_tag","embeddable":true,"href":"https:\/\/www.europesays.com\/fr\/wp-json\/wp\/v2\/tags?post=365998"}],"curies":[{"name":"wp","href":"https:\/\/api.w.org\/{rel}","templated":true}]}}