{"id":366004,"date":"2025-09-04T15:45:14","date_gmt":"2025-09-04T15:45:14","guid":{"rendered":"https:\/\/www.europesays.com\/fr\/366004\/"},"modified":"2025-09-04T15:45:14","modified_gmt":"2025-09-04T15:45:14","slug":"selfie-en-amoureux-avec-isabelle","status":"publish","type":"post","link":"https:\/\/www.europesays.com\/fr\/366004\/","title":{"rendered":"selfie en amoureux avec Isabelle"},"content":{"rendered":"<p class=\"intro\">En passionn\u00e9 de cin\u00e9ma, Christian Clavier s\u2019est rendu \u00e0 la 82e \u00e9dition de la Mostra de Venise. Non pas pour pr\u00e9senter un film, mais pour en d\u00e9couvrir. Pour l\u2019accompagner, sa compagne Isabelle de Araujo, avec qui il s\u2019est offert des balades romantiques en vaporetto.<\/p>\n<p>De George Clooney <a href=\"https:\/\/www.parismatch.com\/People\/en-images-lapparition-etincelante-demma-stone-a-la-mostra-de-venise-256262\" rel=\"nofollow noopener\" target=\"_blank\">\u00e0 Emma Stone<\/a>, en passant par Julia Roberts, Jude Law ou Cate Blanchett, c\u2019est le casting (impressionnant) de la 82e \u00e9dition de la Mostra de Venise. Casting \u00e9tonnamment compl\u00e9t\u00e9 par Christian Clavier. L\u2019acteur fran\u00e7ais n\u2019a pas de film \u00e0 pr\u00e9senter, c\u2019est simplement en passionn\u00e9 de cin\u00e9ma qu\u2019il a d\u00e9cid\u00e9 de participer au festival v\u00e9nitien. \u00ab\u00a0Tellement heureux de revenir \u00e0 la Mostra de Venise, rendez-vous du cin\u00e9ma dans un pays que j\u2019adore\u00a0\u00bb, s\u2019est-il r\u00e9joui sur Instagram, en l\u00e9gende de plusieurs clich\u00e9s de la ville italienne.<\/p>\n<\/p>\n<p>\u00ab\u00a0J\u2019ai encore pu y d\u00e9couvrir de nouveaux films, y rencontrer plein de talents et y retrouver de vieilles connaissances\u00a0\u00bb, a confi\u00e9 Christian Clavier. Et d\u2019ajouter\u00a0: \u00ab\u00a0Et j\u2019ai m\u00eame eu le droit \u00e0 une surprise\u00a0!\u00a0\u00bb Dimanche 31\u00a0ao\u00fbt, il \u00e9tait invit\u00e9 \u00e0 la c\u00e9r\u00e9monie de remise de prix Filming Italy Venice, \u00e0 l\u2019H\u00f4tel Exelsior, sur le Lido, o\u00f9 l\u2019acteur <a href=\"https:\/\/www.parismatch.com\/culture\/cinema\/comiques-preferes-des-francais-christian-clavier-les-5-films-voir-245348\" rel=\"nofollow noopener\" target=\"_blank\">qui fait partie des personnalit\u00e9s pr\u00e9f\u00e9r\u00e9es des Fran\u00e7ais<\/a> a \u00e9t\u00e9 r\u00e9compens\u00e9 d\u2019un Venice Achievement Award, sous les yeux \u00e9mus de sa compagne, Isabelle de Araujo. Et, entre les s\u00e9ances de cin\u00e9 et les soir\u00e9es, Christian Clavier a aussi eu le temps de profiter en amoureux de la beaut\u00e9 v\u00e9nitienne.<\/p>\n<p>    La suite apr\u00e8s cette publicit\u00e9<\/p>\n<p>    <img decoding=\"async\" src=\"https:\/\/www.europesays.com\/fr\/wp-content\/uploads\/2025\/09\/bestimage_00720777_000027.jpg\" alt=\"Christian Clavier et Isabelle de Araujo \u00e0 Venise, \u00e0 la soir\u00e9e Filming Italy Venice, dimanche 31 ao\u00fbt 2025.\" loading=\"lazy\"\/><\/p>\n<p>\n      Christian Clavier et Isabelle de Araujo \u00e0 Venise, \u00e0 la soir\u00e9e Filming Italy Venice, dimanche 31 ao\u00fbt 2025. <\/p>\n<p>                Zuma Press \/ Bestimage<br \/>\n                      \/<br \/>\n                                \u00a9 Zuma Press \/ Bestimage<\/p>\n<p>Christian Clavier et Isabelle de Araujo, 21\u00a0ans d\u2019amour<\/p>\n<p>Toujours sur Instagram, mercredi 3 septembre 2025, il a partag\u00e9 un selfie, pris lors d\u2019une balade en vaporetto sur les canaux v\u00e9nitiens. Lunettes sur le nez et sourires sur les l\u00e8vres, Christian Clavier et Isabelle de Araujo, en couple depuis plus de 20\u00a0ans, ont affich\u00e9 leur complicit\u00e9 sous le soleil v\u00e9nitien.<\/p>\n<p>    La suite apr\u00e8s cette publicit\u00e9<\/p>\n<p>Christian Clavier et Isabelle de Araujo se sont rencontr\u00e9s en 2004, sur le tournage de la com\u00e9die \u00ab\u00a0L\u2019antidote\u00a0\u00bb\u00a0: il jouait, elle le maquillait. <a href=\"https:\/\/www.parismatch.com\/culture\/cinema\/1er-janvier-2006-les-bronzes-3-le-jeu-de-massacre-246664\" rel=\"nofollow noopener\" target=\"_blank\">L\u2019acteur du Splendid<\/a> \u2013 pr\u00e9c\u00e9demment en couple avec Marie-Anne Chazel, m\u00e8re de sa fille Margot \u2013 et la maquilleuse \u2013 ex-\u00e9pouse de Richard Gotainer \u2013 ont d\u2019abord gard\u00e9 leur relation secr\u00e8te. Jusqu\u2019\u00e0 officialiser en 2011. Depuis, ils ne se cachent plus. Au contraire, ils affichent fi\u00e8rement leur amour.<\/p>\n","protected":false},"excerpt":{"rendered":"En passionn\u00e9 de cin\u00e9ma, Christian Clavier s\u2019est rendu \u00e0 la 82e \u00e9dition de la Mostra de Venise. Non&hellip;\n","protected":false},"author":2,"featured_media":366005,"comment_status":"","ping_status":"","sticky":false,"template":"","format":"standard","meta":{"footnotes":""},"categories":[1359],"tags":[58,59,1011,27,973],"class_list":{"0":"post-366004","1":"post","2":"type-post","3":"status-publish","4":"format-standard","5":"has-post-thumbnail","7":"category-people","8":"tag-divertissement","9":"tag-entertainment","10":"tag-fr","11":"tag-france","12":"tag-people"},"share_on_mastodon":{"url":"https:\/\/pubeurope.com\/@fr\/115146806023164019","error":""},"_links":{"self":[{"href":"https:\/\/www.europesays.com\/fr\/wp-json\/wp\/v2\/posts\/366004","targetHints":{"allow":["GET"]}}],"collection":[{"href":"https:\/\/www.europesays.com\/fr\/wp-json\/wp\/v2\/posts"}],"about":[{"href":"https:\/\/www.europesays.com\/fr\/wp-json\/wp\/v2\/types\/post"}],"author":[{"embeddable":true,"href":"https:\/\/www.europesays.com\/fr\/wp-json\/wp\/v2\/users\/2"}],"replies":[{"embeddable":true,"href":"https:\/\/www.europesays.com\/fr\/wp-json\/wp\/v2\/comments?post=366004"}],"version-history":[{"count":0,"href":"https:\/\/www.europesays.com\/fr\/wp-json\/wp\/v2\/posts\/366004\/revisions"}],"wp:featuredmedia":[{"embeddable":true,"href":"https:\/\/www.europesays.com\/fr\/wp-json\/wp\/v2\/media\/366005"}],"wp:attachment":[{"href":"https:\/\/www.europesays.com\/fr\/wp-json\/wp\/v2\/media?parent=366004"}],"wp:term":[{"taxonomy":"category","embeddable":true,"href":"https:\/\/www.europesays.com\/fr\/wp-json\/wp\/v2\/categories?post=366004"},{"taxonomy":"post_tag","embeddable":true,"href":"https:\/\/www.europesays.com\/fr\/wp-json\/wp\/v2\/tags?post=366004"}],"curies":[{"name":"wp","href":"https:\/\/api.w.org\/{rel}","templated":true}]}}