{"id":366010,"date":"2025-09-04T15:48:10","date_gmt":"2025-09-04T15:48:10","guid":{"rendered":"https:\/\/www.europesays.com\/fr\/366010\/"},"modified":"2025-09-04T15:48:10","modified_gmt":"2025-09-04T15:48:10","slug":"interroge-sur-elle-en-direct-son-compagnon-r","status":"publish","type":"post","link":"https:\/\/www.europesays.com\/fr\/366010\/","title":{"rendered":"interrog\u00e9 sur elle en direct, son compagnon R &#8230;"},"content":{"rendered":"<p>EN BREF<\/p>\n<ul class=\"bloc_resume_post_list\">\n<li>Rapha\u00ebl Glucksmann, invit\u00e9 de France Info le 4 septembre,<br \/>\nparle des premiers pas de L\u00e9a Salam\u00e9 au JT de 20H de France<br \/>\n2.<\/li>\n<li>Il exprime son \u00e9motion et sa fiert\u00e9 pour la carri\u00e8re de<br \/>\nL\u00e9a Salam\u00e9, tout en \u00e9voquant leur ind\u00e9pendance<br \/>\nprofessionnelle.<\/li>\n<li>Les divergences d\u00a0\u00bbopinion au sein du couple sont<br \/>\nabord\u00e9es, soulignant l&rsquo;importance de l&rsquo;ind\u00e9pendance professionnelle<br \/>\nde L\u00e9a Salam\u00e9.<\/li>\n<\/ul>\n<p data-start=\"181\" data-end=\"654\">C\u2019\u00e9tait une<br \/>\n<strong>question<\/strong> inattendue sur <a href=\"https:\/\/www.telestar.fr\/actu_tv\/lea-salame-au-20h-elle-doit-encaisser-le-coup-gilles-bouleau-fait-largement-la-course-en-tete-1736902\" target=\"_blank\" rel=\"noopener\"><br \/>\nL\u00e9a Salam\u00e9<\/a>, mais Rapha\u00ebl Glucksmann a jou\u00e9 le jeu. Invit\u00e9 de la<br \/>\nmatinale de France Info ce jeudi 4 septembre, Rapha\u00ebl<br \/>\nGlucksmann devait surtout parler <strong>politique<\/strong> : le<br \/>\n<strong>vote de confiance<\/strong> de <a href=\"https:\/\/www.telestar.fr\/actu_tv\/journalistiquement-catastrophe-francois-bayrou-balance-un-mechant-tacle-a-apolline-de-malherbe-en-pleine-interview-1736843\" target=\"_blank\" rel=\"noopener\"><br \/>\nFran\u00e7ois Bayrou<\/a>, pr\u00e9vu la semaine prochaine, ou encore la<br \/>\nrentr\u00e9e parlementaire agit\u00e9e. Mais la journaliste Agathe Lambret a<br \/>\nfini par glisser un sujet beaucoup plus <strong>intime<\/strong> :<br \/>\nles <strong>premiers pas de sa compagne<\/strong> <a href=\"https:\/\/www.telestar.fr\/actu_tv\/lea-salame-au-20h-de-france-2-pas-de-quoi-casser-une-ancienne-star-de-la-chaine-vraiment-pas-tendre-avec-elle-1736887\" target=\"_blank\" rel=\"noopener\"><br \/>\nL\u00e9a Salam\u00e9 au JT de 20 Heure<\/a>s de France 2 le 1er septembre.<\/p>\n<p data-start=\"656\" data-end=\"900\">Pris de court, le d\u00e9put\u00e9<br \/>\neurop\u00e9en a d\u2019abord sembl\u00e9 un peu <strong>g\u00ean\u00e9<\/strong>. Mais tr\u00e8s<br \/>\nvite, le <a href=\"https:\/\/www.telestar.fr\/people\/lea-salame-employe-des-chaines-dinfo-son-compagnon-raphael-glucksmann-ferme-1708849\" target=\"_blank\" rel=\"noopener\"><br \/>\ncompagnon de L\u00e9a Salam\u00e9<\/a> a accept\u00e9 de r\u00e9pondre et n\u2019a pas cach\u00e9<br \/>\nson <strong>\u00e9motion<\/strong> face \u00e0 ce moment historique pour la<br \/>\ncarri\u00e8re de la journaliste L\u00e9a Salam\u00e9 qu\u2019il accompagne depuis une<br \/>\ndizaine d\u2019ann\u00e9es.<\/p>\n<p>Rapha\u00ebl Glucksmann se confie<br \/>\navec \u00e9motion : \u2018\u2018Un moment incroyable pour elle, ma<br \/>\nfiert\u00e9\u201d<\/p>\n<p data-start=\"960\" data-end=\"1344\">\u2018\u2018Moi j\u2019\u00e9tais extr\u00eamement<br \/>\n<strong>fier<\/strong>.\u201d a-t-il confi\u00e9, visiblement<br \/>\n<strong>touch\u00e9<\/strong> de parler de L\u00e9a Salam\u00e9. \u2018\u2018Je vais vous<br \/>\nparler de mani\u00e8re tr\u00e8s <strong>honn\u00eate<\/strong>, j\u2019ai trouv\u00e9 que<br \/>\nc\u2019\u00e9tait un moment <strong>incroyable<\/strong> pour elle. Donc c\u2019est<br \/>\n<strong>ma fiert\u00e9,<\/strong> pour ce qu\u2019elle<br \/>\n<strong>repr\u00e9sente<\/strong>, pour ce \u00e0 quoi elle<br \/>\n<strong>aspire<\/strong>. Je suis <strong>heureux<\/strong> de ce<br \/>\nqu\u2019elle fait, <strong>fier<\/strong> de ce qu\u2019elle fait.\u201d Un<br \/>\nhommage spontan\u00e9 qui a rapidement circul\u00e9 sur les r\u00e9seaux<br \/>\nsociaux.<\/p>\n<p data-start=\"1346\" data-end=\"1863\">Paul Larrouturou l\u2019a alors<br \/>\ninterrog\u00e9 sur l\u2019avenir : comment le couple g\u00e9rerait-il une<br \/>\n\u00e9ventuelle <strong>candidature<\/strong> de <a href=\"https:\/\/www.telestar.fr\/actu_tv\/votre-cl-raphael-glucksmann-dechaine-dans-les-4-verites-son-interlocuteur-lache-un-rire-gene-1736074\" target=\"_blank\" rel=\"noopener\"><br \/>\nRapha\u00ebl Glucksmann<\/a> \u00e0 la <strong>pr\u00e9sidentielle de 2027<\/strong><br \/>\nface \u00e0 la carri\u00e8re <strong>m\u00e9diatique<\/strong> de sa compagne ?<br \/>\nR\u00e9ponse directe de l\u2019int\u00e9ress\u00e9 : \u2018\u2018On a toujours su \u00eatre<br \/>\n<strong>compl\u00e8tement s\u00e9par\u00e9s dans nos carri\u00e8res.<\/strong> L\u00e0,<br \/>\neffectivement, c\u2019est \u00e9vident que \u00e7a poserait un<br \/>\n<strong>probl\u00e8me<\/strong> et une <strong>incompatibilit\u00e9<\/strong>\u2026<br \/>\nMais ce qui est certain, c\u2019est qu\u2019elle \u00e9tait une <strong>excellente<br \/>\njournaliste<\/strong> avant m\u00eame qu\u2019on se rencontre, et je suis<br \/>\n<strong>tr\u00e8s fier d\u2019elle<\/strong><strong>.\u201d<\/strong><\/p>\n<p>\u2018\u2018En 2025, une femme n\u2019a pas les opinions politiques de son<br \/>\nmari\u201d<\/p>\n<p data-start=\"1944\" data-end=\"2409\">Au-del\u00e0 des compliments,<br \/>\nRapha\u00ebl Glucksmann a tenu \u00e0 clarifier un point<br \/>\n<strong>crucial<\/strong> : les <strong>divergences<br \/>\nd\u2019opinions<\/strong> au sein de son couple. \u2018\u2018J\u2019aimerais<br \/>\nvraiment dire une chose. On est en <strong>2025 et une femme n\u2019a<br \/>\npas les opinions politiques de son mari.<\/strong>\u201d a-t-il<br \/>\naffirm\u00e9, avant de rappeler sa <strong>discr\u00e9tion<\/strong><br \/>\nhabituelle.<\/p>\n<p data-start=\"1944\" data-end=\"2409\">\u2018\u2018En r\u00e8gle g\u00e9n\u00e9rale, je<br \/>\nsuis extr\u00eamement <strong>discret<\/strong> sur les <strong>affaires<br \/>\npriv\u00e9es<\/strong> et je <strong>refuse<\/strong> d\u2019en parler. Mais je<br \/>\nvous dis, il n\u2019y aura <strong>pas de conflit<br \/>\nd\u2019int\u00e9r\u00eats<\/strong>.\u201d Une d\u00e9claration qui devrait couper court<br \/>\naux sp\u00e9culations. En m\u00ealant vie publique et vie priv\u00e9e malgr\u00e9 lui,<br \/>\nle d\u00e9put\u00e9 a montr\u00e9 une nouvelle facette : celle d\u2019un<br \/>\n<strong>compagnon admiratif,<\/strong> mais aussi d\u00e9termin\u00e9 \u00e0<br \/>\n<strong>pr\u00e9server l\u2019ind\u00e9pendance professionnelle de L\u00e9a<br \/>\nSalam\u00e9,<\/strong> d\u00e9sormais figure incontournable du 20H.<\/p>\n","protected":false},"excerpt":{"rendered":"EN BREF Rapha\u00ebl Glucksmann, invit\u00e9 de France Info le 4 septembre, parle des premiers pas de L\u00e9a Salam\u00e9&hellip;\n","protected":false},"author":2,"featured_media":366011,"comment_status":"","ping_status":"","sticky":false,"template":"","format":"standard","meta":{"footnotes":""},"categories":[1356],"tags":[548,58,59,1011,27,50052,3806,15923,252,1364],"class_list":{"0":"post-366010","1":"post","2":"type-post","3":"status-publish","4":"format-standard","5":"has-post-thumbnail","7":"category-television","8":"tag-article-simple","9":"tag-divertissement","10":"tag-entertainment","11":"tag-fr","12":"tag-france","13":"tag-jt-de-20h","14":"tag-lea-salame","15":"tag-raphael-glucksmann","16":"tag-television","17":"tag-tv"},"share_on_mastodon":{"url":"https:\/\/pubeurope.com\/@fr\/115146817869093048","error":""},"_links":{"self":[{"href":"https:\/\/www.europesays.com\/fr\/wp-json\/wp\/v2\/posts\/366010","targetHints":{"allow":["GET"]}}],"collection":[{"href":"https:\/\/www.europesays.com\/fr\/wp-json\/wp\/v2\/posts"}],"about":[{"href":"https:\/\/www.europesays.com\/fr\/wp-json\/wp\/v2\/types\/post"}],"author":[{"embeddable":true,"href":"https:\/\/www.europesays.com\/fr\/wp-json\/wp\/v2\/users\/2"}],"replies":[{"embeddable":true,"href":"https:\/\/www.europesays.com\/fr\/wp-json\/wp\/v2\/comments?post=366010"}],"version-history":[{"count":0,"href":"https:\/\/www.europesays.com\/fr\/wp-json\/wp\/v2\/posts\/366010\/revisions"}],"wp:featuredmedia":[{"embeddable":true,"href":"https:\/\/www.europesays.com\/fr\/wp-json\/wp\/v2\/media\/366011"}],"wp:attachment":[{"href":"https:\/\/www.europesays.com\/fr\/wp-json\/wp\/v2\/media?parent=366010"}],"wp:term":[{"taxonomy":"category","embeddable":true,"href":"https:\/\/www.europesays.com\/fr\/wp-json\/wp\/v2\/categories?post=366010"},{"taxonomy":"post_tag","embeddable":true,"href":"https:\/\/www.europesays.com\/fr\/wp-json\/wp\/v2\/tags?post=366010"}],"curies":[{"name":"wp","href":"https:\/\/api.w.org\/{rel}","templated":true}]}}