{"id":366012,"date":"2025-09-04T15:49:09","date_gmt":"2025-09-04T15:49:09","guid":{"rendered":"https:\/\/www.europesays.com\/fr\/366012\/"},"modified":"2025-09-04T15:49:09","modified_gmt":"2025-09-04T15:49:09","slug":"julien-lieb-annonce-un-duo-avec-ce-celebre-artiste-francais","status":"publish","type":"post","link":"https:\/\/www.europesays.com\/fr\/366012\/","title":{"rendered":"Julien Lieb annonce un duo avec ce c\u00e9l\u00e8bre artiste fran\u00e7ais"},"content":{"rendered":"<p><img decoding=\"async\" src=\"https:\/\/www.europesays.com\/fr\/wp-content\/uploads\/2025\/09\/photo_1756976341.jpg\" class=\"textcenter img-content\" loading=\"lazy\"\/>DR<br \/>\n<br \/>\nJulien Lieb est dans les starting-blocks. Le 26 septembre, le chanteur r\u00e9v\u00e9l\u00e9 en 2023 \u00e0 la \u00ab\u00a0Star Academy\u00a0\u00bb publiera enfin son premier album tr\u00e8s attendu, <a href=\"https:\/\/www.chartsinfrance.net\/actualite\/news-133120.html\" target=\"_blank\" class=\"spip_out\" rel=\"nofollow noopener\">\u00ab\u00a0Naufrag\u00e9\u00a0\u00bb<\/a>, presque deux ans apr\u00e8s sa premi\u00e8re rencontre avec les Fran\u00e7ais. \u00ab C&rsquo;est un album qui est tr\u00e8s \u00e9clectique parce que je suis amoureux de la musique depuis que je suis tout petit. J&rsquo;adore \u00e7a, j&rsquo;ai \u00e9cout\u00e9 \u00e9norm\u00e9ment de genres de musique diff\u00e9rents et, au d\u00e9but, \u00e7a me semblait impossible de faire des compromis. Si je devais mettre tous les genres de musique que je kiffe dans l&rsquo;album, il y aurait 50 titres ! Ce n&rsquo;\u00e9tait pas le but mais en gardant ma patte, on a quand m\u00eame voulu donner plusieurs couleurs \u00e0 l&rsquo;album \u00bb d\u00e9taille au <a href=\"https:\/\/tvmag.lefigaro.fr\/programme-tv\/tele-realite\/le-projet-de-mon-premier-album-est-boucle-que-devient-julien-lieb-depuis-star-academy-20250616\" target=\"_blank\" class=\"spip_out\" rel=\"nofollow noopener\">Figaro<\/a> le chanteur de 26 ans.<\/p>\n<p>Le player Dailymotion est en train de se charger&#8230;<\/p>\n<p>\u00ab\u00a0\u00c7a fait des semaines qu&rsquo;on pr\u00e9pare ce projet en secret\u00a0\u00bb<br \/>\nEt l&rsquo;artiste poss\u00e8de d\u00e9j\u00e0 un tube certifi\u00e9 or sur son disque : <a href=\"https:\/\/www.chartsinfrance.net\/actualite\/news-130665.html\" target=\"_blank\" class=\"spip_out\" rel=\"nofollow noopener\">\u00ab\u00a0Le jeu\u00a0\u00bb<\/a> ! \u00ab Je pense qu&rsquo;il y a un facteur chance, il y a un facteur humain, un facteur sinc\u00e9rit\u00e9&#8230; Ce morceau-l\u00e0, je l&rsquo;ai vraiment fait apr\u00e8s le bouleversement que j&rsquo;ai ressenti quand j&rsquo;ai rencontr\u00e9 le public. Je me suis dit que c&rsquo;\u00e9tait dingue de passer de rien \u00e0 tout. J&rsquo;ai ressenti ce besoin de parler du public \u00bb atteste le musicien originaire de Pau, qui a pu mesurer sa popularit\u00e9 durant une poign\u00e9e de concerts d&rsquo;\u00e9t\u00e9 visant \u00e0 l&rsquo;\u00e9chauffer avant sa propre tourn\u00e9e. Celle-ci d\u00e9marrera le 24 septembre, deux jours avant l&rsquo;arriv\u00e9e de cet album voulu \u00ab avec une assez forte intensit\u00e9 \u00bb, par une date \u00e0 Cigale, \u00e0 Paris, avant des apparitions \u00e0 Angers, Nantes, Lyon, Toulouse, Bordeaux, Bruxelles, Lille ou Aix-en-Provence jusqu&rsquo;au printemps 2026. L&rsquo;opportunit\u00e9 de d\u00e9couvrir pour la premi\u00e8re fois en live les compositions de Julien Lieb, y compris son duo avec&#8230; Soprano !<\/p>\n<blockquote class=\"quote\"><p><b>VIDEO &#8211;<\/b> <a href=\"https:\/\/www.chartsinfrance.net\/actualite\/news-132759.html\" target=\"_blank\" class=\"spip_out\" rel=\"nofollow noopener\">\u00ab\u00a0\u00c7a rend nostalgique\u00a0\u00bb : Pierre Garnier invite Julien Lieb sur sc\u00e8ne pour un duo symbolique<\/a><\/p><\/blockquote>\n<p>\nSur son compte Instagram, l&rsquo;interpr\u00e8te de <a href=\"https:\/\/www.chartsinfrance.net\/actualite\/news-132807.html\" target=\"_blank\" class=\"spip_out\" rel=\"nofollow noopener\">\u00ab\u00a0Autrement\u00a0\u00bb<\/a> est fier d&rsquo;annoncer cette collaboration avec le rappeur marseillais, qui officie actuellement comme <a href=\"https:\/\/www.chartsinfrance.net\/Santa\/news-133413.html\" target=\"_blank\" class=\"spip_out\" rel=\"nofollow noopener\">coach dans \u00ab\u00a0The Voice Kids\u00a0\u00bb<\/a> sur TF1. La chanson se nommera \u00ab\u00a0\u00c7a va (quand m\u00eame)\u00a0\u00bb. \u00ab \u00c7a fait des semaines qu&rsquo;on pr\u00e9pare ce projet en secret, d&rsquo;une belle rencontre qui s&rsquo;est transform\u00e9e en musique. Un titre qui parle d&rsquo;espoir, de lumi\u00e8re et de force quand tout semble sombre. On a h\u00e2te que vous l&rsquo;\u00e9coutiez, qu&rsquo;il vous touche comme il nous a touch\u00e9s en l&rsquo;\u00e9crivant \u00bb indique l&rsquo;ex-finaliste de la \u00ab\u00a0Star Academy\u00a0\u00bb, qui d\u00e9voile un premier extrait du morceau dans un making-of.<\/p>\n<blockquote class=\"instagram-media\" data-instgrm-captioned=\"\" data-instgrm-permalink=\"https:\/\/www.instagram.com\/reel\/DOJWEEZjG3a\/?utm_source=ig_embed&amp;utm_campaign=loading\" data-instgrm-version=\"14\" style=\" background:#FFF; border:0; border-radius:3px; box-shadow:0 0 1px 0 rgba(0,0,0,0.5),0 1px 10px 0 rgba(0,0,0,0.15); margin: 1px; max-width:540px; min-width:326px; padding:0; width:99.375%; width:-webkit-calc(100% - 2px); width:calc(100% - 2px);\"\/>\n<p>Dans la vid\u00e9o, on assiste \u00e0 la rencontre entre Julien Lieb et Soprano et \u00e0 la session d&rsquo;\u00e9criture de leur duo, qui est n\u00e9 petit \u00e0 petit, apr\u00e8s plusieurs peaufinages. \u00ab Ouais \u00e7a va, m\u00eame quand \u00e7a va pas, la lumi\u00e8re revient toujours apr\u00e8s \u00e7a \/ Tant qu&rsquo;il y a de la vie, on se rel\u00e8ve de tout \/ Tant qu&rsquo;il y a du feu, on s&rsquo;\u00e9teindra pas \u00bb y scandent les deux artistes, qui ont chacun connu un pass\u00e9 difficile. C&rsquo;est la raison pour laquelle ils ont voulu proposer \u00ab un hymne \u00e0 l&rsquo;espoir \u00bb qui sera le prochain single de Julien Lieb. Rendez-vous le 26 septembre pour d\u00e9couvrir \u00ab\u00a0\u00c7a va (quand m\u00eame)\u00a0\u00bb en int\u00e9gralit\u00e9 !<\/p>\n<p><script async src=\"\/\/www.instagram.com\/embed.js\"><\/script><\/p>\n","protected":false},"excerpt":{"rendered":"DR Julien Lieb est dans les starting-blocks. Le 26 septembre, le chanteur r\u00e9v\u00e9l\u00e9 en 2023 \u00e0 la \u00ab\u00a0Star&hellip;\n","protected":false},"author":2,"featured_media":366013,"comment_status":"","ping_status":"","sticky":false,"template":"","format":"standard","meta":{"footnotes":""},"categories":[1355],"tags":[58,59,1011,27,1361,873],"class_list":{"0":"post-366012","1":"post","2":"type-post","3":"status-publish","4":"format-standard","5":"has-post-thumbnail","7":"category-musique","8":"tag-divertissement","9":"tag-entertainment","10":"tag-fr","11":"tag-france","12":"tag-music","13":"tag-musique"},"share_on_mastodon":{"url":"https:\/\/pubeurope.com\/@fr\/115146822061967249","error":""},"_links":{"self":[{"href":"https:\/\/www.europesays.com\/fr\/wp-json\/wp\/v2\/posts\/366012","targetHints":{"allow":["GET"]}}],"collection":[{"href":"https:\/\/www.europesays.com\/fr\/wp-json\/wp\/v2\/posts"}],"about":[{"href":"https:\/\/www.europesays.com\/fr\/wp-json\/wp\/v2\/types\/post"}],"author":[{"embeddable":true,"href":"https:\/\/www.europesays.com\/fr\/wp-json\/wp\/v2\/users\/2"}],"replies":[{"embeddable":true,"href":"https:\/\/www.europesays.com\/fr\/wp-json\/wp\/v2\/comments?post=366012"}],"version-history":[{"count":0,"href":"https:\/\/www.europesays.com\/fr\/wp-json\/wp\/v2\/posts\/366012\/revisions"}],"wp:featuredmedia":[{"embeddable":true,"href":"https:\/\/www.europesays.com\/fr\/wp-json\/wp\/v2\/media\/366013"}],"wp:attachment":[{"href":"https:\/\/www.europesays.com\/fr\/wp-json\/wp\/v2\/media?parent=366012"}],"wp:term":[{"taxonomy":"category","embeddable":true,"href":"https:\/\/www.europesays.com\/fr\/wp-json\/wp\/v2\/categories?post=366012"},{"taxonomy":"post_tag","embeddable":true,"href":"https:\/\/www.europesays.com\/fr\/wp-json\/wp\/v2\/tags?post=366012"}],"curies":[{"name":"wp","href":"https:\/\/api.w.org\/{rel}","templated":true}]}}