{"id":366023,"date":"2025-09-04T15:55:12","date_gmt":"2025-09-04T15:55:12","guid":{"rendered":"https:\/\/www.europesays.com\/fr\/366023\/"},"modified":"2025-09-04T15:55:12","modified_gmt":"2025-09-04T15:55:12","slug":"deficit-commercial-qui-se-creuse-creations-demplois-divisees-par-deux-les-mauvais-chiffres-saccumulent-pour-donald-trump","status":"publish","type":"post","link":"https:\/\/www.europesays.com\/fr\/366023\/","title":{"rendered":"D\u00e9ficit commercial qui se creuse, cr\u00e9ations d&#8217;emplois divis\u00e9es par deux&#8230; Les mauvais chiffres s&rsquo;accumulent pour Donald Trump"},"content":{"rendered":"<p>La balance commerciale am\u00e9ricaine a vu son d\u00e9ficit s&rsquo;accro\u00eetre de 78 milliards de dollars en juillet mais ce sont surtout les cr\u00e9ations d&#8217;emplois qui inqui\u00e8tent. En ao\u00fbt, 54.000 emplois ont \u00e9t\u00e9 cr\u00e9\u00e9s dans le secteur priv\u00e9, contre 106.000 en juillet, selon l&rsquo;enqu\u00eate mensuelle ADP\/Stanford Lab.<\/p>\n<p>Les mauvaises nouvelles pleuvent pour Donald Trump. Ce jeudi, deux mauvais indicateurs sont venus ternir son bilan des six premiers mois de mandat. D&rsquo;abord sur le front de l&#8217;emploi. Les cr\u00e9ations ont nettement ralenti dans le secteur priv\u00e9 aux Etats-Unis en ao\u00fbt, selon une enqu\u00eate publi\u00e9e jeudi \u00e0 <a href=\"https:\/\/www.bfmtv.com\/economie\/international\/renvoyee-par-trump-qui-l-accuse-de-d-avoir-truque-les-chiffres-la-cheffe-des-statistiques-sur-l-emploi-sera-remplacee-dans-trois-a-quatre-jours_AD-202508040231.html\" title=\"Renvoy\u00e9e par Trump qui l&#039;accuse d&#039;avoir truqu\u00e9 les chiffres, la cheffe des statistiques sur l&#039;emploi sera remplac\u00e9e dans &quot;trois \u00e0 quatre jours&quot;\" class=\"internal_link\" rel=\"nofollow noopener\" target=\"_blank\">la veille de la publication des chiffres officiels sur le march\u00e9 du travail am\u00e9ricain<\/a>. La publication sur l&#8217;emploi priv\u00e9 est consid\u00e9r\u00e9e comme un barom\u00e8tre plus ou moins fiable des chiffres officiels, qui seront publi\u00e9s vendredi.<\/p>\n<p>Le mois dernier, 54.000 emplois ont \u00e9t\u00e9 cr\u00e9\u00e9s dans le secteur priv\u00e9, contre 106.000 en juillet, selon l&rsquo;enqu\u00eate mensuelle ADP\/Stanford Lab. Les march\u00e9s s&rsquo;attendaient \u00e0 environ 75.000 cr\u00e9ations d&#8217;emploi, selon le consensus publi\u00e9 par MarketWatch.<\/p>\n<blockquote class=\"embed embed_quote\"><p>\u00ab\u00a0L&rsquo;ann\u00e9e a d\u00e9marr\u00e9 avec une forte croissance de l&#8217;emploi, mais cette dynamique a \u00e9t\u00e9 frein\u00e9e par l&rsquo;incertitude\u00a0\u00bb, observe Nela Richardson, l&rsquo;\u00e9conomiste responsable de l&rsquo;enqu\u00eate, cit\u00e9e dans le communiqu\u00e9.<\/p><\/blockquote>\n<p>Ensuite, c&rsquo;est la balance commerciale de juillet qui a \u00e9t\u00e9 d\u00e9voil\u00e9e. Or le d\u00e9ficit des Etats-Unis s&rsquo;est de nouveau creus\u00e9 au mois de juillet, sous l&rsquo;effet d&rsquo;une hausse notable des importations, juste avant l&rsquo;entr\u00e9e en vigueur des droits de douane pr\u00e9sent\u00e9s improprement comme \u00ab\u00a0r\u00e9ciproques\u00a0\u00bb par le pr\u00e9sident am\u00e9ricain Donald Trump.<\/p>\n<p>Au mois de juillet, la balance commerciale am\u00e9ricaine des biens et services a vu son d\u00e9ficit progresser de 78,3 milliards de dollars, selon les donn\u00e9es publi\u00e9es jeudi par le d\u00e9partement du Commerce, soit une hausse de 32,5% par rapport au mois de juin.<\/p>\n<p>Importations en hausse<\/p>\n<p>Dans le d\u00e9tail, les importations ont progress\u00e9 de 5,9%, alors que les exportations n&rsquo;ont enregistr\u00e9 qu&rsquo;une l\u00e9g\u00e8re hausse, de 0,3%, sur la m\u00eame p\u00e9riode.<\/p>\n<p>La hausse se concentre principalement dans les \u00e9quipements pour les entreprises, qui concernent les ordinateurs, \u00e9quipements t\u00e9l\u00e9coms ou machines-outils, ainsi que dans les mati\u00e8res premi\u00e8res, l&rsquo;or en t\u00eate, un ph\u00e9nom\u00e8ne d\u00e9j\u00e0 observ\u00e9 lors de la pr\u00e9c\u00e9dente forte hausse des importations par anticipation avant les nouveaux droits de douane, en mars dernier.<\/p>\n<p>Si l&rsquo;on s&rsquo;attarde sur la r\u00e9partition g\u00e9ographique, le d\u00e9ficit commercial avec la Chine est reparti en hausse, \u00e0 14,7 milliards de dollars, mais n&rsquo;est plus le plus important. Cette tendance se confirme depuis plusieurs mois d\u00e9sormais et souligne le ralentissement des \u00e9changes entre les deux premi\u00e8res puissances \u00e9conomiques mondiales.<\/p>\n<p>Le Mexique (16,6 milliards de dollars) et surtout le Vietnam (16,1 milliards de dollars) paraissent les pays qui profitent le plus de la r\u00e9orientation des flux commerciaux vers les Etats-Unis, le d\u00e9ficit commercial avec l&rsquo;Union europ\u00e9enne continuant lui de se r\u00e9duire (8,6 milliards de dollars).<\/p>\n<p>A l&rsquo;\u00e9quilibre avec la France<\/p>\n<p>Concernant les pays europ\u00e9ens, le d\u00e9ficit continue de se concentrer sur les m\u00eames pays, d&rsquo;abord l&rsquo;Allemagne, l&rsquo;Irlande et l&rsquo;Italie, alors que les \u00e9changes avec la France sont dor\u00e9navant quasiment \u00e0 l&rsquo;\u00e9quilibre (300 millions de dollars de d\u00e9ficit commercial am\u00e9ricain).<\/p>\n<p>Si les chiffres de la balance commerciale concernent une p\u00e9riode ant\u00e9rieure \u00e0 l&rsquo;entr\u00e9e des droits de douanes, ce sont bien les chiffres de l&#8217;emploi qui vont inqui\u00e9ter Donald Trump.<\/p>\n<p>Selon Nela Richardson, \u00ab\u00a0plusieurs facteurs peuvent expliquer le ralentissement des embauches, notamment des p\u00e9nuries de main-d&rsquo;oeuvre, la frilosit\u00e9 des consommateurs ou les bouleversements li\u00e9s \u00e0 l&rsquo;IA\u00a0\u00bb (intelligence artificielle).<\/p>\n<p>Les donn\u00e9es de vendredi seront scrut\u00e9es de pr\u00e8s, <a href=\"https:\/\/www.bfmtv.com\/economie\/international\/renvoyee-par-trump-qui-l-accuse-de-d-avoir-truque-les-chiffres-la-cheffe-des-statistiques-sur-l-emploi-sera-remplacee-dans-trois-a-quatre-jours_AD-202508040231.html\" title=\"Renvoy\u00e9e par Trump qui l&#039;accuse d&#039;avoir truqu\u00e9 les chiffres, la cheffe des statistiques sur l&#039;emploi sera remplac\u00e9e dans &quot;trois \u00e0 quatre jours&quot;\" class=\"internal_link\" rel=\"nofollow noopener\" target=\"_blank\">le rapport pr\u00e9c\u00e9dent ayant bross\u00e9 un tableau n\u00e9gatif et mis en col\u00e8re le pr\u00e9sident Donald Trump<\/a>, qui a limog\u00e9 la responsable du service statistiques.<\/p>\n<p>Selon le rapport ADP, la plupart des cr\u00e9ations d&#8217;emploi sont rest\u00e9es concentr\u00e9es dans les secteurs des loisirs et de l&rsquo;h\u00f4tellerie en cette p\u00e9riode estivale (50.000).<\/p>\n<p>A l&rsquo;inverse, des emplois ont \u00e9t\u00e9 d\u00e9truits dans les secteurs de la logistique et de l&rsquo;industrie, chahut\u00e9s par l&rsquo;offensive protectionniste du pr\u00e9sident Donald Trump qui a significativement relev\u00e9 les droits de douane.<\/p>\n<p><img loading=\"lazy\" decoding=\"async\" width=\"75\" height=\"75\" src=\"https:\/\/www.europesays.com\/fr\/wp-content\/uploads\/2025\/05\/bianchi-frederic-16_3.jpg\" class=\"author_pic\" alt=\"Fr\u00e9d\u00e9ric Bianchi\" title=\"Fr\u00e9d\u00e9ric Bianchi\"\/><\/p>\n","protected":false},"excerpt":{"rendered":"La balance commerciale am\u00e9ricaine a vu son d\u00e9ficit s&rsquo;accro\u00eetre de 78 milliards de dollars en juillet mais ce&hellip;\n","protected":false},"author":2,"featured_media":366024,"comment_status":"","ping_status":"","sticky":false,"template":"","format":"standard","meta":{"footnotes":""},"categories":[6],"tags":[35,33,34,1011,27],"class_list":{"0":"post-366023","1":"post","2":"type-post","3":"status-publish","4":"format-standard","5":"has-post-thumbnail","7":"category-economie","8":"tag-business","9":"tag-economie","10":"tag-economy","11":"tag-fr","12":"tag-france"},"share_on_mastodon":{"url":"https:\/\/pubeurope.com\/@fr\/115146845479096679","error":""},"_links":{"self":[{"href":"https:\/\/www.europesays.com\/fr\/wp-json\/wp\/v2\/posts\/366023","targetHints":{"allow":["GET"]}}],"collection":[{"href":"https:\/\/www.europesays.com\/fr\/wp-json\/wp\/v2\/posts"}],"about":[{"href":"https:\/\/www.europesays.com\/fr\/wp-json\/wp\/v2\/types\/post"}],"author":[{"embeddable":true,"href":"https:\/\/www.europesays.com\/fr\/wp-json\/wp\/v2\/users\/2"}],"replies":[{"embeddable":true,"href":"https:\/\/www.europesays.com\/fr\/wp-json\/wp\/v2\/comments?post=366023"}],"version-history":[{"count":0,"href":"https:\/\/www.europesays.com\/fr\/wp-json\/wp\/v2\/posts\/366023\/revisions"}],"wp:featuredmedia":[{"embeddable":true,"href":"https:\/\/www.europesays.com\/fr\/wp-json\/wp\/v2\/media\/366024"}],"wp:attachment":[{"href":"https:\/\/www.europesays.com\/fr\/wp-json\/wp\/v2\/media?parent=366023"}],"wp:term":[{"taxonomy":"category","embeddable":true,"href":"https:\/\/www.europesays.com\/fr\/wp-json\/wp\/v2\/categories?post=366023"},{"taxonomy":"post_tag","embeddable":true,"href":"https:\/\/www.europesays.com\/fr\/wp-json\/wp\/v2\/tags?post=366023"}],"curies":[{"name":"wp","href":"https:\/\/api.w.org\/{rel}","templated":true}]}}