{"id":366025,"date":"2025-09-04T15:56:20","date_gmt":"2025-09-04T15:56:20","guid":{"rendered":"https:\/\/www.europesays.com\/fr\/366025\/"},"modified":"2025-09-04T15:56:20","modified_gmt":"2025-09-04T15:56:20","slug":"comment-la-mort-de-six-candidats-du-parti-lafd-alimente-les-conspirationnistes","status":"publish","type":"post","link":"https:\/\/www.europesays.com\/fr\/366025\/","title":{"rendered":"Comment la mort de six candidats du parti l\u2019AfD alimente les conspirationnistes"},"content":{"rendered":"<p>\u00c0 l\u2019approche des \u00e9lections municipales du 14\u00a0septembre en Rh\u00e9nanie-du-Nord-Westphalie, le Land le plus peupl\u00e9 <a href=\"https:\/\/www.20minutes.fr\/dossier\/allemagne\" class=\"c-link c-link--is-underlined\" target=\"_blank\" rel=\"noopener\">d\u2019Allemagne<\/a>, une s\u00e9rie de d\u00e9c\u00e8s au sein du parti d\u2019extr\u00eame droite Alternative f\u00fcr Deutschland (AfD) fait grand bruit. En effet, <a href=\"https:\/\/www.20minutes.fr\/monde\/allemagne\/4152939-20250512-allemagne-milliers-manifestants-reclament-interdiction-afd-plus-60-villes\" target=\"_blank\" class=\"c-link c-link--is-underlined\" rel=\"noopener\">six candidats<\/a> du parti <a href=\"https:\/\/www.20minutes.fr\/politique\/4151826-20250505-allemagne-parti-droite-afd-porte-plainte-apres-avoir-classe-extremiste\" target=\"_blank\" class=\"c-link c-link--is-underlined\" rel=\"noopener\">de l\u2019AfD<\/a>, qui se pr\u00e9sentaient, sont morts ces derni\u00e8res semaines, rapporte <a href=\"https:\/\/www.leparisien.fr\/international\/allemagne\/nous-allons-tout-de-meme-examiner-tous-ces-cas-de-pres-le-deces-de-six-candidats-dextreme-droite-enflamme-lallemagne-03-09-2025-ATYXKKUSTJFMFK3HRWYJZMIDYU.php\" rel=\"nofollow noopener\" target=\"_blank\" class=\"c-link c-link--is-underlined\">Le Parisien<\/a>.<\/p>\n<p>La police, qui enqu\u00eate syst\u00e9matiquement sur les d\u00e9c\u00e8s hors milieu m\u00e9dical, a conclu que cinq des candidats sont d\u00e9c\u00e9d\u00e9s \u00ab\u00a0de mort naturelle\u00a0\u00bb \u2013 plusieurs souffrant de maladies chroniques, notamment r\u00e9nales \u2013 et que le sixi\u00e8me s\u2019est suicid\u00e9. Malgr\u00e9 les rapports des forces de l\u2019ordre, ces d\u00e9c\u00e8s attisent la sph\u00e8re conspirationniste, notamment du c\u00f4t\u00e9 de l\u2019extr\u00eame droite allemande et internationale. La codirigeante de l\u2019AfD, Alice Weidel, a souffl\u00e9 sur les braises le 31\u00a0ao\u00fbt\u00a0! \u00ab\u00a0Autant de morts, c\u2019est impossible du point de vue statistique\u00a0!\u00a0\u00bb, a-t-elle \u00e9crit sur X, citant un \u00e9conomiste. <a href=\"https:\/\/www.20minutes.fr\/dossier\/elon_musk\" class=\"c-link c-link--is-underlined\" target=\"_blank\" rel=\"noopener\">Elon Musk<\/a>, propri\u00e9taire de X et soutien d\u00e9clar\u00e9 de l\u2019AfD, a relay\u00e9 ce message, amplifiant les th\u00e9ories du complot sur des \u00ab\u00a0assassinats d\u00e9guis\u00e9s\u00a0\u00bb.<\/p>\n<p>\u00ab\u00a0Une aubaine pour l\u2019AfD\u00a0\u00bb<\/p>\n<p>Le vice-pr\u00e9sident r\u00e9gional de l\u2019AfD, Kay Gottschalk, a tent\u00e9 tout de m\u00eame de calmer le jeu\u00a0: \u00ab\u00a0Pour l\u2019instant, rien ne permet de supposer qu\u2019il ne s\u2019agit pas d\u2019un hasard. Mais nous allons tout de m\u00eame examiner tous ces cas de pr\u00e8s\u00a0\u00bb, a-t-il assur\u00e9, selon <a href=\"https:\/\/www.spiegel.de\/politik\/deutschland\/afd-in-nordrhein-westfalen-bestaetigt-zwei-weitere-todesfaelle-von-politikern-vor-kommunalwahl-a-408b417a-f112-4a82-83f7-6b5d9c0072c6\" rel=\"nofollow noopener\" target=\"_blank\" class=\"c-link c-link--is-underlined\">Der Spiegel<\/a>. Cette prudence n\u2019a pas frein\u00e9 les sp\u00e9culations en ligne, aliment\u00e9es par la d\u00e9fiance de l\u2019\u00e9lectorat de l\u2019AfD envers les m\u00e9dias traditionnels.<\/p>\n<p><a href=\"http:\/\/www.20minutes.fr\/monde\/allemagne\" class=\"c-link c-btn c-btn--primary\" target=\"_blank\" rel=\"noopener\">Tous nos article sur l&rsquo;Allemagne<\/a><\/p>\n<p>Le quotidien conservateur <a href=\"https:\/\/www.faz.net\/aktuell\/politik\/inland\/afd-in-nrw-alice-weidel-und-die-toten-kandidaten-110666937.html\" rel=\"nofollow noopener\" target=\"_blank\" class=\"c-link c-link--is-underlined\">Frankfurter Allgemeine Zeitung<\/a> s\u2019indigne\u00a0: \u00ab\u00a0On sugg\u00e8re ici que quelque chose ne tourne pas rond. C\u2019est une aubaine pour les gens de l\u2019AfD et ses th\u00e9oriciens du complot.\u00a0\u00bb Ces d\u00e9c\u00e8s ne sont pourtant pas exclusifs \u00e0 l\u2019AfD. \u00ab\u00a0Nous d\u00e9plorons aussi six cas de d\u00e9c\u00e8s dans d\u2019autres formations politiques, notamment le Parti de d\u00e9fense des animaux, des \u00c9lecteurs libres, le Parti lib\u00e9ral et les Verts\u00a0\u00bb, pr\u00e9cise le porte-parole r\u00e9gional des \u00e9lections, soulignant que \u00ab\u00a0de tels d\u00e9c\u00e8s se produisent \u00e0 chaque \u00e9lection, ind\u00e9pendamment des partis\u00a0\u00bb, selon nos confr\u00e8res.<\/p>\n<\/p>\n<p>Malgr\u00e9 ces clarifications, la pol\u00e9mique a forc\u00e9 plusieurs villes \u00e0 r\u00e9imprimer des bulletins de vote et \u00e0 annuler des votes par correspondance. L\u2019AfD, arriv\u00e9e deuxi\u00e8me aux l\u00e9gislatives de f\u00e9vrier avec 20,1\u00a0% des voix, voit dans ces municipales un test crucial. <a href=\"https:\/\/www.forsa.de\/\" rel=\"nofollow noopener\" target=\"_blank\" class=\"c-link c-link--is-underlined\">L\u2019institut Forsa<\/a> la cr\u00e9dite de 14\u00a0% des voix, ce qui serait une perc\u00e9e dans cet ancien bastion social-d\u00e9mocrate.<\/p>\n","protected":false},"excerpt":{"rendered":"\u00c0 l\u2019approche des \u00e9lections municipales du 14\u00a0septembre en Rh\u00e9nanie-du-Nord-Westphalie, le Land le plus peupl\u00e9 d\u2019Allemagne, une s\u00e9rie de&hellip;\n","protected":false},"author":2,"featured_media":366026,"comment_status":"","ping_status":"","sticky":false,"template":"","format":"standard","meta":{"footnotes":""},"categories":[5],"tags":[47,11,672,3983,5949,46,1067,1076,1011,27,14,74,12,316,37274,28],"class_list":{"0":"post-366025","1":"post","2":"type-post","3":"status-publish","4":"format-standard","5":"has-post-thumbnail","7":"category-international","8":"tag-actualite","9":"tag-actualites","10":"tag-allemagne","11":"tag-deces","12":"tag-elections","13":"tag-elon-musk","14":"tag-enquete","15":"tag-extreme-droite","16":"tag-fr","17":"tag-france","18":"tag-international","19":"tag-monde","20":"tag-news","21":"tag-politique","22":"tag-theorie-du-complot","23":"tag-world"},"share_on_mastodon":{"url":"https:\/\/pubeurope.com\/@fr\/115146849225827848","error":""},"_links":{"self":[{"href":"https:\/\/www.europesays.com\/fr\/wp-json\/wp\/v2\/posts\/366025","targetHints":{"allow":["GET"]}}],"collection":[{"href":"https:\/\/www.europesays.com\/fr\/wp-json\/wp\/v2\/posts"}],"about":[{"href":"https:\/\/www.europesays.com\/fr\/wp-json\/wp\/v2\/types\/post"}],"author":[{"embeddable":true,"href":"https:\/\/www.europesays.com\/fr\/wp-json\/wp\/v2\/users\/2"}],"replies":[{"embeddable":true,"href":"https:\/\/www.europesays.com\/fr\/wp-json\/wp\/v2\/comments?post=366025"}],"version-history":[{"count":0,"href":"https:\/\/www.europesays.com\/fr\/wp-json\/wp\/v2\/posts\/366025\/revisions"}],"wp:featuredmedia":[{"embeddable":true,"href":"https:\/\/www.europesays.com\/fr\/wp-json\/wp\/v2\/media\/366026"}],"wp:attachment":[{"href":"https:\/\/www.europesays.com\/fr\/wp-json\/wp\/v2\/media?parent=366025"}],"wp:term":[{"taxonomy":"category","embeddable":true,"href":"https:\/\/www.europesays.com\/fr\/wp-json\/wp\/v2\/categories?post=366025"},{"taxonomy":"post_tag","embeddable":true,"href":"https:\/\/www.europesays.com\/fr\/wp-json\/wp\/v2\/tags?post=366025"}],"curies":[{"name":"wp","href":"https:\/\/api.w.org\/{rel}","templated":true}]}}