{"id":366027,"date":"2025-09-04T15:57:12","date_gmt":"2025-09-04T15:57:12","guid":{"rendered":"https:\/\/www.europesays.com\/fr\/366027\/"},"modified":"2025-09-04T15:57:12","modified_gmt":"2025-09-04T15:57:12","slug":"les-obseques-de-lenseignante-victime-dinsultes-homophobes-se-sont-tenues-ce-jeudi","status":"publish","type":"post","link":"https:\/\/www.europesays.com\/fr\/366027\/","title":{"rendered":"Les obs\u00e8ques de l&rsquo;enseignante victime d&rsquo;insultes homophobes se sont tenues ce jeudi"},"content":{"rendered":"<p>Le suicide de Caroline Grandjean, survenu le jour de la rentr\u00e9e, continue de bouleverser un monde enseignant qui reste en col\u00e8re contre l\u2019\u00c9ducation nationale.<\/p>\n<p class=\"fig-paragraph\">Les obs\u00e8ques de Caroline Grandjean, une\u00a0<a href=\"http:\/\/www.lefigaro.fr\/faits-divers\/cantal-victime-de-harcelement-une-directrice-d-ecole-se-suicide-20250902\" target=\"_blank\" data-fig-type=\"NewsFlash\" rel=\"noopener\" data-gtm-custom-categorie=\"navigation\" data-gtm-custom-action=\"crossclick\" data-gtm-custom-label=\"Contextuel\" data-gtm-event=\"customEventSPE\" data-fig-domain=\"LEFIGARO\">directrice d\u2019\u00e9cole qui s\u2019est donn\u00e9 la mort,<\/a>\u00a0ont eu lieu jeudi 4 septembre dans le\u00a0<a href=\"http:\/\/www.lefigaro.fr\/voyages\/inspiration\/le-cantal-un-pays-austere-mysterieux-et-doux-dans-l-immensite-de-l-hiver-20241221\" target=\"_blank\" data-fig-type=\"Article\" rel=\"noopener\" data-gtm-custom-categorie=\"navigation\" data-gtm-custom-action=\"crossclick\" data-gtm-custom-label=\"Contextuel\" data-gtm-event=\"customEventSPE\" data-fig-domain=\"LEFIGARO\">Cantal<\/a>. Victime de harc\u00e8lement homophobe, son d\u00e9c\u00e8s continue de bouleverser un monde enseignant en col\u00e8re contre\u00a0<a href=\"http:\/\/www.lefigaro.fr\/politique\/la-lumiere-doit-etre-faite-la-classe-politique-cible-l-education-nationale-apres-le-suicide-d-une-directrice-d-ecole-20250902\" target=\"_blank\" data-fig-type=\"NewsFlash\" rel=\"noopener\" data-gtm-custom-categorie=\"navigation\" data-gtm-custom-action=\"crossclick\" data-gtm-custom-label=\"Contextuel\" data-gtm-event=\"customEventSPE\" data-fig-domain=\"LEFIGARO\">l&rsquo;\u00c9ducation nationale<\/a>.<\/p>\n<p class=\"fig-paragraph\">Une trentaine de personnes ont assist\u00e9 \u00e0 une c\u00e9r\u00e9monie d&rsquo;environ une heure, qui s&rsquo;est d\u00e9roul\u00e9e dans le petit cr\u00e9matorium de ce village de 1000 habitants. Sous une pluie battante, proches et anonymes sont entr\u00e9s vers midi dans le b\u00e2timent pour lui rendre hommage, alors que la presse \u00e9tait tenue \u00e0 l&rsquo;\u00e9cart, selon les souhaits de la famille. \u00abJ&rsquo;ai voulu \u00eatre l\u00e0 (&#8230;) c&rsquo;est un \u00e9lan du c\u0153ur car je ne comprends pas le fonctionnement de ce monde plein de m\u00e9chancet\u00e9, d&rsquo;ignorance et de b\u00eatise qui conduit \u00e0 des \u00e9v\u00e9nements pareils\u00bb, a d\u00e9clar\u00e9 Christiane, \u00abanonyme\u00bb venue apporter son \u00absoutien\u00bb.<\/p>\n<p>                                    <a class=\"fig-a11y-skip a11y-hidden\" href=\"#fig-a11y-skip-main-inarticle\"><br \/>\n        Passer la publicit\u00e9<br \/>\n    <\/a><\/p>\n<p class=\"fig-paragraph\">Tous sont ressortis un peu avant 13 heures, certains visiblement tr\u00e8s \u00e9mus. Christine Paccoud, l&rsquo;\u00e9pouse de cette enseignante, n&rsquo;a pas voulu s&rsquo;exprimer. Elle avait d\u00e9clar\u00e9 mercredi \u00e0 France 2 que \u00abla hi\u00e9rarchie n'(avait) pas compris la souffrance de Caroline\u00bb, \u00abenseignante passionn\u00e9e\u00bb qui \u00absavait cr\u00e9er un climat de confiance\u00bb. Selon elle, les insultes ont \u00abcommenc\u00e9 par \u201csale gouine\u201d et un(e) qui \u00e9tait grave dans une \u00e9cole, c&rsquo;\u00e9tait gouine-p\u00e9dophile\u00bb. \u00abJe me suis battue\u00bb pour qu&rsquo;elle ne retourne pas \u00e0 Moussages, le village o\u00f9 elle enseignait.<\/p>\n<p>Une \u00abviolence inou\u00efe\u00bb subie depuis 2023<\/p>\n<p class=\"fig-paragraph\">Le minist\u00e8re de l&rsquo;\u00c9ducation n&rsquo;a pas souhait\u00e9 organiser de minute de silence au niveau national pour respecter \u00able caract\u00e8re profond\u00e9ment intime de ce drame\u00bb, a-t-il indiqu\u00e9 \u00e0 l&rsquo;AFP. N\u00e9anmoins, \u00ables \u00e9quipes p\u00e9dagogiques qui le souhaitent pourront organiser un temps de recueillement\u00bb, a poursuivi le minist\u00e8re. Certains \u00e9tablissements scolaires ont ainsi observ\u00e9 une minute de silence, \u00e0 l&rsquo;appel de syndicats d&rsquo;enseignants, comme la FSU-SNuipp du Cantal.<\/p>\n<p class=\"fig-paragraph\">Mardi, cette section locale du syndicat du premier degr\u00e9 avait d\u00e9nonc\u00e9 les \u00ab<a href=\"http:\/\/www.lefigaro.fr\/nantes\/loire-atlantique-quatre-personnes-arretees-et-deferees-apres-des-agressions-homophobes-pres-de-nantes-20250829\" target=\"_blank\" data-fig-type=\"NewsFlash\" rel=\"noopener\" data-gtm-custom-categorie=\"navigation\" data-gtm-custom-action=\"crossclick\" data-gtm-custom-label=\"Contextuel\" data-gtm-event=\"customEventSPE\" data-fig-domain=\"LEFIGARO\">attaques homophobes r\u00e9p\u00e9t\u00e9es<\/a> \u00bb d&rsquo;une \u00abviolence inou\u00efe\u00bb subies par l&rsquo;enseignante \u00e0 partir de septembre 2023. Elle demandait une enqu\u00eate de sant\u00e9 et s\u00e9curit\u00e9 ind\u00e9pendante.<\/p>\n<p class=\"fig-paragraph\">De son c\u00f4t\u00e9, le syndicat des directrices et directeurs d&rsquo;\u00e9cole S2D\u00c9 a appel\u00e9 \u00e0 une minute de silence et \u00e0 poser \u00e0 l&rsquo;entr\u00e9e de l&rsquo;\u00e9cole de chacun de ses membres un portrait dessin\u00e9 de Caroline Grandjean, diffus\u00e9 par un groupe de dirigeants d&rsquo;\u00e9cole dont l&rsquo;enseignante faisait partie. Il avait \u00e9t\u00e9 r\u00e9alis\u00e9 par le dessinateur Remedium, qui avait fait une BD de l&rsquo;histoire de Caroline Grandjean. \u00abEn se r\u00e9duisant elle-m\u00eame au silence, elle a hurl\u00e9 cette r\u00e9alit\u00e9 simple: elle a \u00e9t\u00e9 tu\u00e9e par l&rsquo;\u00c9ducation nationale\u00bb, accuse Remedium sur le r\u00e9seau social X (Christophe Tardieux de son vrai nom). Il affirme que sa BD sur Caroline Grandjean avait fait l&rsquo;objet d&rsquo;une plainte en diffamation de la part de l&rsquo;\u00c9ducation nationale. Interrog\u00e9s, le minist\u00e8re et le rectorat de Clermont-Ferrand n&rsquo;ont pas comment\u00e9 dans l&rsquo;imm\u00e9diat.<\/p>\n<p class=\"fig-body-link\">\n            \u00c0 lire aussi<br \/>\n        <a class=\"fig-body-link__link fig-premium-mark\" href=\"http:\/\/www.lefigaro.fr\/actualite-france\/apres-le-suicide-d-une-directrice-d-ecole-le-jour-de-la-rentree-les-enseignants-tirent-la-sonnette-d-alarme-20250902\" target=\"_blank\" data-fig-type=\"Article\" rel=\"noopener\" data-gtm-custom-categorie=\"navigation\" data-gtm-custom-action=\"crossclick\" data-gtm-custom-label=\"Contextuel\" data-gtm-event=\"customEventSPE\" data-fig-domain=\"LEFIGARO\">Apr\u00e8s le suicide d\u2019une directrice d\u2019\u00e9cole le jour de la rentr\u00e9e, les enseignants tirent la sonnette d\u2019alarme<br \/>\n    <\/a>\n<\/p>\n<p class=\"fig-paragraph\">Directeur d&rsquo;une \u00e9cole \u00e0 Nice et secr\u00e9taire g\u00e9n\u00e9ral du syndicat, Thierry Pajot a observ\u00e9 une minute de recueillement avec les instituteurs en salle des ma\u00eetres, pr\u00e9c\u00e9d\u00e9e d&rsquo;un \u00abtemps de parole (&#8230;) parce que certains enseignants ne savaient toujours pas qui \u00e9tait Caroline\u00bb. Pour Charlotte Girardon, porte-parole du S2D\u00c9 interrog\u00e9e par l&rsquo;AFP, sa mort est \u00abun \u00e9chec flagrant de l&rsquo;institution\u00bb. \u00abCaroline a vraiment appel\u00e9 \u00e0 l&rsquo;aide. Sa grande d\u00e9tresse, c&rsquo;est qu&rsquo;elle ne se sentait pas soutenue\u00bb, estime-t-elle. \u00abIl faut une prise de conscience institutionnelle, pour que \u00e7a ne se reproduise plus\u00bb, insiste-t-elle.<\/p>\n<p>                                    <a class=\"fig-a11y-skip a11y-hidden\" href=\"#fig-a11y-skip-main-inarticle_mtf\"><br \/>\n        Passer la publicit\u00e9<br \/>\n    <\/a><\/p>\n<p class=\"fig-paragraph\">Le minist\u00e8re de l&rsquo;\u00c9ducation a diligent\u00e9 une enqu\u00eate administrative de l&rsquo;Inspection g\u00e9n\u00e9rale de l&rsquo;\u00c9ducation, du Sport et de la Recherche. Mardi le rectorat de Clermont-Ferrand a assur\u00e9 avoir suivi \u00abde pr\u00e8s\u00bb la situation de l&rsquo;enseignante. Il a pr\u00e9cis\u00e9 jeudi qu&rsquo;elle avait b\u00e9n\u00e9fici\u00e9 d&rsquo;une protection fonctionnelle. Une enqu\u00eate avait \u00e9t\u00e9 ouverte \u00e0 la suite de la d\u00e9couverte des insultes et inscriptions homophobes la visant mais avait \u00e9t\u00e9 class\u00e9e sans suite en mars 2025 \u00aben l&rsquo;absence de nouveaux faits\u00bb, selon le parquet.<\/p>\n","protected":false},"excerpt":{"rendered":"Le suicide de Caroline Grandjean, survenu le jour de la rentr\u00e9e, continue de bouleverser un monde enseignant qui&hellip;\n","protected":false},"author":2,"featured_media":366028,"comment_status":"","ping_status":"","sticky":false,"template":"","format":"standard","meta":{"footnotes":""},"categories":[4],"tags":[11,1122,1011,27,8717,12,25,5748],"class_list":{"0":"post-366027","1":"post","2":"type-post","3":"status-publish","4":"format-standard","5":"has-post-thumbnail","7":"category-france","8":"tag-actualites","9":"tag-ecole","10":"tag-fr","11":"tag-france","12":"tag-homophobie","13":"tag-news","14":"tag-republique-francaise","15":"tag-suicide"},"share_on_mastodon":{"url":"https:\/\/pubeurope.com\/@fr\/115146853234254685","error":""},"_links":{"self":[{"href":"https:\/\/www.europesays.com\/fr\/wp-json\/wp\/v2\/posts\/366027","targetHints":{"allow":["GET"]}}],"collection":[{"href":"https:\/\/www.europesays.com\/fr\/wp-json\/wp\/v2\/posts"}],"about":[{"href":"https:\/\/www.europesays.com\/fr\/wp-json\/wp\/v2\/types\/post"}],"author":[{"embeddable":true,"href":"https:\/\/www.europesays.com\/fr\/wp-json\/wp\/v2\/users\/2"}],"replies":[{"embeddable":true,"href":"https:\/\/www.europesays.com\/fr\/wp-json\/wp\/v2\/comments?post=366027"}],"version-history":[{"count":0,"href":"https:\/\/www.europesays.com\/fr\/wp-json\/wp\/v2\/posts\/366027\/revisions"}],"wp:featuredmedia":[{"embeddable":true,"href":"https:\/\/www.europesays.com\/fr\/wp-json\/wp\/v2\/media\/366028"}],"wp:attachment":[{"href":"https:\/\/www.europesays.com\/fr\/wp-json\/wp\/v2\/media?parent=366027"}],"wp:term":[{"taxonomy":"category","embeddable":true,"href":"https:\/\/www.europesays.com\/fr\/wp-json\/wp\/v2\/categories?post=366027"},{"taxonomy":"post_tag","embeddable":true,"href":"https:\/\/www.europesays.com\/fr\/wp-json\/wp\/v2\/tags?post=366027"}],"curies":[{"name":"wp","href":"https:\/\/api.w.org\/{rel}","templated":true}]}}