{"id":366029,"date":"2025-09-04T15:58:12","date_gmt":"2025-09-04T15:58:12","guid":{"rendered":"https:\/\/www.europesays.com\/fr\/366029\/"},"modified":"2025-09-04T15:58:12","modified_gmt":"2025-09-04T15:58:12","slug":"mort-du-couturier-giorgio-armani-le-chic-son-genre-liberation","status":"publish","type":"post","link":"https:\/\/www.europesays.com\/fr\/366029\/","title":{"rendered":"Mort du couturier Giorgio Armani : le chic, son genre &#8211; Lib\u00e9ration"},"content":{"rendered":"<ol>\n<li><a href=\"https:\/\/news.google.com\/rss\/articles\/CBMiugFBVV95cUxPaExaa2huWkxsSWFwVWlOZlBPejg3WUZveTB3SkRZVlJtMTFGbzFFdHJsOG1naFM1UnNnUE9iYzRFY2xGamVLMUprS2JyX1EtOXNxU0pybm1mbVowWVUwSzNBQ0JuWlhpdUJpUWFzdEpPWlhGMEtQRWJkVTlQczdBT0ZsZzd0UlA1SDlkdjhIdGdhSUVzQ25VUEZJZmVIZ2xWdUJEdk00SndZc1R0cEdEWktxYU5lTGRsaVE?oc=5\" target=\"_blank\" rel=\"nofollow noopener\">Mort du couturier Giorgio Armani : le chic, son genre<\/a>&nbsp;&nbsp;Lib\u00e9ration<\/li>\n<li><a href=\"https:\/\/news.google.com\/rss\/articles\/CBMi0AFBVV95cUxPRV9aTnZvU202NS1jSl9wUDZMeW05RDhhQTRTR05JbVotU3ZzdkR2TVl4TU9HbG1DcjB1N1JPT1FGREl0aGV0SFVCY2Y4WTNSY042VkVGaVRJSGprZXRhcHprXzFXUzVTd0d4N1pDZi1mOThGSmxTOHU4T3FPbWtqS0VBX1NCRVRLX21VSnhERDB4MHdrYUdCV1JaVk1DeUQwVHZNTGQwRVBUMFFiS2xXWGZDemNYajFOS0cxTWtaaTNZU2t0RWpZazFHQ181T1R4?oc=5\" target=\"_blank\" rel=\"nofollow noopener\">Giorgio Armani, l\u2019un des b\u00e2tisseurs de la mode moderne, est mort<\/a>&nbsp;&nbsp;Le Monde.fr<\/li>\n<li><a href=\"https:\/\/news.google.com\/rss\/articles\/CBMi3wFBVV95cUxPcFBGbG9LdVcxNGoxdXdFN21mTUlyeEdYZzdtN3F3d0ZyWURqcEFJVTBNUTVJSDZrcnVzSWhadXEzLXVkLVRxYXN2RFlUX1d4R2pPOHVlNjZWNkQtZ3NMTFU3eFlKTFBvb29zOEhTYi1tOVlZQkxaSkdkajY4S0dXemgzMEV4OXFIUWF4cVhvV1JoOXZsNWY5c3ZMWVpOVlJBakt6TWFzR3hYQlkyYzRsRmZkSm44MzNRS3JTZTVGcW9KOFF4N2NhSlptY1VIdjk4QTJkRFF3WVp1UzF2VUxF?oc=5\" target=\"_blank\" rel=\"nofollow noopener\">Giorgio Armani, l\u00e9gende de la mode et \u00e9quipementier majeur du sport italien, est mort \u00e0 91 ans<\/a>&nbsp;&nbsp;L&rsquo;\u00c9quipe<\/li>\n<li><a href=\"https:\/\/news.google.com\/rss\/articles\/CBMi7wFBVV95cUxQdWJ1SUtkRzNudUpRZDNlZFl3b0g5dDkxR3NOMk44SWRaOWxFUVl2OWhvN0N6NVBVUlRPejJ5M1I5TlQzSTV6UjRlZWM1cnFaMC1IcGV6Yzl2UDJzYTIzZEpHSVZCNEJYS241djgwT0xnZ1p2TmRMVFZmWV9wNUtkeDFjUWowdjJhVkhtakZhSEpBeWhBX0dva0MtYk9EWDg0Rm5Kb0FVV1JtUE5yWjlNbTB2ejc2eWRQM21udW5QbEo0cFQ5c3lNV1Q1SDEyNnYwaW9TTl9JUVRoRFVUaXBpSFZhX08zS0lvcy1iQmh2NA?oc=5\" target=\"_blank\" rel=\"nofollow noopener\">\u00abUn jour de blues et de bilans, il m\u2019avoua sa peur de vieillir\u00bb: quand Janie Samet, la plume mode du Figaro, parlait d\u2019Armani<\/a>&nbsp;&nbsp;Le Figaro<\/li>\n<li><a href=\"https:\/\/news.google.com\/rss\/articles\/CBMi2AFBVV95cUxQYVVyaFA4WHFSSmZKUGxvVWJlLUljRzZFcEN5djZBY1RMSGZWZnNrOHhfOU8yTXQ3aDJKeDVzRXYwcFRicXpLQTNkN2ZRb2M0dFEyNWtzdE44YUdKbGxwYURUV0RkbUNLOUV5NWd4Y0pJeUZfeElsUkRLcFNpQkhOV2lPb3duMnR2U3dkUzFjMlJsT09Lc0JmNmRYN2UtVHd4eEhBeVduMmR1MUNXR3pxWEs5Nm41MEw1QnFxaFRFTzFxazc0UkVQdC13eERvb182TjJqVG1lbmc?oc=5\" target=\"_blank\" rel=\"nofollow noopener\">Mort de Giorgio Armani, \u201cl\u00e9gende absolue de la mode\u201d et de l\u2019\u00e9l\u00e9gance \u00e0 l\u2019italienne<\/a>&nbsp;&nbsp;Courrier international<\/li>\n<\/ol>\n","protected":false},"excerpt":{"rendered":"Mort du couturier Giorgio Armani : le chic, son genre&nbsp;&nbsp;Lib\u00e9ration Giorgio Armani, l\u2019un des b\u00e2tisseurs de la mode&hellip;\n","protected":false},"author":2,"featured_media":366030,"comment_status":"","ping_status":"","sticky":false,"template":"","format":"standard","meta":{"footnotes":""},"categories":[2],"tags":[11,1011,27,452,12],"class_list":{"0":"post-366029","1":"post","2":"type-post","3":"status-publish","4":"format-standard","5":"has-post-thumbnail","7":"category-actualites","8":"tag-actualites","9":"tag-fr","10":"tag-france","11":"tag-italie","12":"tag-news"},"share_on_mastodon":{"url":"https:\/\/pubeurope.com\/@fr\/115146857045004082","error":""},"_links":{"self":[{"href":"https:\/\/www.europesays.com\/fr\/wp-json\/wp\/v2\/posts\/366029","targetHints":{"allow":["GET"]}}],"collection":[{"href":"https:\/\/www.europesays.com\/fr\/wp-json\/wp\/v2\/posts"}],"about":[{"href":"https:\/\/www.europesays.com\/fr\/wp-json\/wp\/v2\/types\/post"}],"author":[{"embeddable":true,"href":"https:\/\/www.europesays.com\/fr\/wp-json\/wp\/v2\/users\/2"}],"replies":[{"embeddable":true,"href":"https:\/\/www.europesays.com\/fr\/wp-json\/wp\/v2\/comments?post=366029"}],"version-history":[{"count":0,"href":"https:\/\/www.europesays.com\/fr\/wp-json\/wp\/v2\/posts\/366029\/revisions"}],"wp:featuredmedia":[{"embeddable":true,"href":"https:\/\/www.europesays.com\/fr\/wp-json\/wp\/v2\/media\/366030"}],"wp:attachment":[{"href":"https:\/\/www.europesays.com\/fr\/wp-json\/wp\/v2\/media?parent=366029"}],"wp:term":[{"taxonomy":"category","embeddable":true,"href":"https:\/\/www.europesays.com\/fr\/wp-json\/wp\/v2\/categories?post=366029"},{"taxonomy":"post_tag","embeddable":true,"href":"https:\/\/www.europesays.com\/fr\/wp-json\/wp\/v2\/tags?post=366029"}],"curies":[{"name":"wp","href":"https:\/\/api.w.org\/{rel}","templated":true}]}}