{"id":366031,"date":"2025-09-04T15:59:11","date_gmt":"2025-09-04T15:59:11","guid":{"rendered":"https:\/\/www.europesays.com\/fr\/366031\/"},"modified":"2025-09-04T15:59:11","modified_gmt":"2025-09-04T15:59:11","slug":"saint-chamond-corinne-ollagnier-nouvelle-directrice-de-lecole-du-pilat","status":"publish","type":"post","link":"https:\/\/www.europesays.com\/fr\/366031\/","title":{"rendered":"Saint-Chamond. Corinne Ollagnier, nouvelle directrice de l\u2019\u00e9cole du Pilat"},"content":{"rendered":"<p>Sur le chemin des Combes, le pli est pris\u00a0: parents et grands-parents viennent chercher les \u00e9coliers qui ont effectu\u00e9 leur rentr\u00e9e lundi.<\/p>\n<p>Chantal prend la main de son petit-fils Kelyo. Une autre Chantal s\u2019\u00e9loigne avec ses deux petites-filles, Albane et Salom\u00e9. Dans la cour, Agathe, 3 ans, ne sourit pas. \u00c0 la question\u00a0: \u00ab\u00a0Bien pass\u00e9e cette premi\u00e8re fois\u00a0? \u00a0\u00bb, elle fronce les sourcils. Timoth\u00e9, son papa, soupire avec philosophie\u00a0: \u00ab\u00a0Cette nouvelle exp\u00e9rience est pour l\u2019instant&#8230;<\/p>\n","protected":false},"excerpt":{"rendered":"Sur le chemin des Combes, le pli est pris\u00a0: parents et grands-parents viennent chercher les \u00e9coliers qui ont&hellip;\n","protected":false},"author":2,"featured_media":366032,"comment_status":"","ping_status":"","sticky":false,"template":"","format":"standard","meta":{"footnotes":""},"categories":[9653],"tags":[1111,11,2430,7539,1057,1777,674,1011,27,10425,12,25,9669,9670,4001],"class_list":{"0":"post-366031","1":"post","2":"type-post","3":"status-publish","4":"format-standard","5":"has-post-thumbnail","7":"category-saint-etienne","8":"tag-actu","9":"tag-actualites","10":"tag-auvergne-rhone-alpes","11":"tag-edition-loire-sud","12":"tag-education","13":"tag-eu","14":"tag-europe","15":"tag-fr","16":"tag-france","17":"tag-maternelle-elementaire","18":"tag-news","19":"tag-republique-francaise","20":"tag-saint-chamond","21":"tag-saint-chamond-ville","22":"tag-saint-etienne"},"share_on_mastodon":{"url":"https:\/\/pubeurope.com\/@fr\/115146861064950694","error":""},"_links":{"self":[{"href":"https:\/\/www.europesays.com\/fr\/wp-json\/wp\/v2\/posts\/366031","targetHints":{"allow":["GET"]}}],"collection":[{"href":"https:\/\/www.europesays.com\/fr\/wp-json\/wp\/v2\/posts"}],"about":[{"href":"https:\/\/www.europesays.com\/fr\/wp-json\/wp\/v2\/types\/post"}],"author":[{"embeddable":true,"href":"https:\/\/www.europesays.com\/fr\/wp-json\/wp\/v2\/users\/2"}],"replies":[{"embeddable":true,"href":"https:\/\/www.europesays.com\/fr\/wp-json\/wp\/v2\/comments?post=366031"}],"version-history":[{"count":0,"href":"https:\/\/www.europesays.com\/fr\/wp-json\/wp\/v2\/posts\/366031\/revisions"}],"wp:featuredmedia":[{"embeddable":true,"href":"https:\/\/www.europesays.com\/fr\/wp-json\/wp\/v2\/media\/366032"}],"wp:attachment":[{"href":"https:\/\/www.europesays.com\/fr\/wp-json\/wp\/v2\/media?parent=366031"}],"wp:term":[{"taxonomy":"category","embeddable":true,"href":"https:\/\/www.europesays.com\/fr\/wp-json\/wp\/v2\/categories?post=366031"},{"taxonomy":"post_tag","embeddable":true,"href":"https:\/\/www.europesays.com\/fr\/wp-json\/wp\/v2\/tags?post=366031"}],"curies":[{"name":"wp","href":"https:\/\/api.w.org\/{rel}","templated":true}]}}