{"id":366033,"date":"2025-09-04T16:00:12","date_gmt":"2025-09-04T16:00:12","guid":{"rendered":"https:\/\/www.europesays.com\/fr\/366033\/"},"modified":"2025-09-04T16:00:12","modified_gmt":"2025-09-04T16:00:12","slug":"saint-etienne-la-fete-des-possibles-debarque-pour-quatre-semaines","status":"publish","type":"post","link":"https:\/\/www.europesays.com\/fr\/366033\/","title":{"rendered":"Saint-Etienne\u00a0: la F\u00eate des possibles d\u00e9barque pour quatre semaines"},"content":{"rendered":"<p><img loading=\"lazy\" decoding=\"async\" width=\"1024\" height=\"576\" src=\"https:\/\/www.europesays.com\/fr\/wp-content\/uploads\/2025\/09\/energy-saving-7462464_1280-1-1024x576.jpg\" alt=\"\" class=\"wp-image-80378\"  \/><\/p>\n<p>Le Collectif pour une transition citoyenne (<a href=\"https:\/\/ctc-42.org\/\" target=\"_blank\" rel=\"noreferrer noopener nofollow\">CTC 42<\/a>) de la Loire organise la F\u00eate des possibles \u00e0 Saint-Etienne, ainsi que dans quelques communes du sud de la Loire. L\u2019\u00e9v\u00e9nement a lieu du 6 septembre au 4 octobre et vise \u00e0 mettre en avant les initiatives locales vers une transition \u00e9cologique et citoyenne. L\u2019association regroupe 70 organisations dans la Loire.<\/p>\n<p>50 \u00e9v\u00e9nements<\/p>\n<p>Pendant ces quatre semaines, une cinquantaine d\u2019\u00e9v\u00e9nements sont organis\u00e9s\u00a0: onze conf\u00e9rences\/ d\u00e9bats, huit activit\u00e9s en plein air, quatre serious game, quatre fresques, trois ateliers citoyens, trois cin\u00e9-d\u00e9bats, trois rencontres litt\u00e9raires, trois soir\u00e9es aux Amis du treuil, trois journ\u00e9es \u00ab\u00a0transition locale\u00a0\u00bb, ainsi que six soir\u00e9es culturelles.<\/p>\n<p>Les participants pourront notamment participer \u00e0 une fresque de l\u2019emploi durable \u00e0 la Maison des associations de Saint-Etienne, \u00e0 un repair caf\u00e9 z\u00e9ro d\u00e9chets \u00e0 Roche-la-Moli\u00e8re, ou encore \u00e0 un cin\u00e9-d\u00e9bat \u00ab\u00a0Education sans comp\u00e9tition\u00a0\u00bb au Veo Lumi\u00e8re de Saint-Chamond.<\/p>\n","protected":false},"excerpt":{"rendered":"Le Collectif pour une transition citoyenne (CTC 42) de la Loire organise la F\u00eate des possibles \u00e0 Saint-Etienne,&hellip;\n","protected":false},"author":2,"featured_media":366034,"comment_status":"","ping_status":"","sticky":false,"template":"","format":"standard","meta":{"footnotes":""},"categories":[9653],"tags":[1111,11,2430,1777,674,1011,27,12,25,4001],"class_list":{"0":"post-366033","1":"post","2":"type-post","3":"status-publish","4":"format-standard","5":"has-post-thumbnail","7":"category-saint-etienne","8":"tag-actu","9":"tag-actualites","10":"tag-auvergne-rhone-alpes","11":"tag-eu","12":"tag-europe","13":"tag-fr","14":"tag-france","15":"tag-news","16":"tag-republique-francaise","17":"tag-saint-etienne"},"share_on_mastodon":{"url":"https:\/\/pubeurope.com\/@fr\/115146865052226284","error":""},"_links":{"self":[{"href":"https:\/\/www.europesays.com\/fr\/wp-json\/wp\/v2\/posts\/366033","targetHints":{"allow":["GET"]}}],"collection":[{"href":"https:\/\/www.europesays.com\/fr\/wp-json\/wp\/v2\/posts"}],"about":[{"href":"https:\/\/www.europesays.com\/fr\/wp-json\/wp\/v2\/types\/post"}],"author":[{"embeddable":true,"href":"https:\/\/www.europesays.com\/fr\/wp-json\/wp\/v2\/users\/2"}],"replies":[{"embeddable":true,"href":"https:\/\/www.europesays.com\/fr\/wp-json\/wp\/v2\/comments?post=366033"}],"version-history":[{"count":0,"href":"https:\/\/www.europesays.com\/fr\/wp-json\/wp\/v2\/posts\/366033\/revisions"}],"wp:featuredmedia":[{"embeddable":true,"href":"https:\/\/www.europesays.com\/fr\/wp-json\/wp\/v2\/media\/366034"}],"wp:attachment":[{"href":"https:\/\/www.europesays.com\/fr\/wp-json\/wp\/v2\/media?parent=366033"}],"wp:term":[{"taxonomy":"category","embeddable":true,"href":"https:\/\/www.europesays.com\/fr\/wp-json\/wp\/v2\/categories?post=366033"},{"taxonomy":"post_tag","embeddable":true,"href":"https:\/\/www.europesays.com\/fr\/wp-json\/wp\/v2\/tags?post=366033"}],"curies":[{"name":"wp","href":"https:\/\/api.w.org\/{rel}","templated":true}]}}