{"id":366037,"date":"2025-09-04T16:02:15","date_gmt":"2025-09-04T16:02:15","guid":{"rendered":"https:\/\/www.europesays.com\/fr\/366037\/"},"modified":"2025-09-04T16:02:15","modified_gmt":"2025-09-04T16:02:15","slug":"48-heures-et-900-km-entre-antibes-et-treves","status":"publish","type":"post","link":"https:\/\/www.europesays.com\/fr\/366037\/","title":{"rendered":"48 heures et 900\u00a0km entre Antibes et Tr\u00eaves"},"content":{"rendered":"<p>Battu par Dijon, lundi \u00e0 Mirecourt,\u00a0<a href=\"https:\/\/www.estrepublicain.fr\/sport\/2025\/09\/01\/le-sluc-nancy-tire-la-langue-et-s-incline-face-a-dijon\" target=\"_blank\" rel=\"noopener\">lors de son troisi\u00e8me match de pr\u00e9paration (84-95)<\/a>\u00a0, le SLUC avait mis le cap sur le sud de la France d\u00e8s le lendemain matin. Apr\u00e8s trois jours de stage et quelques s\u00e9ances d\u2019entra\u00eenement \u00e0 Aix-en-Provence, dans le gymnase du club local qui \u00e9volue en pr\u00e9-nationale, la d\u00e9l\u00e9gation nanc\u00e9ienne a pris la direction du\u00a0Cannet, o\u00f9 l\u2019\u00e9quipe de Sylvain Lauti\u00e9 disputera ce vendredi soir (\u00e0 19h) son quatri\u00e8me test-match face \u00e0 Antibes (Pro B).<\/p>\n<p>L\u2019occasion pour Enzo Goudou-Sinha de croiser Samir Gbetkom, avec lequel il avait \u00e9t\u00e9 sacr\u00e9 champion de France espoir en 2017, ainsi que\u00a0<a href=\"https:\/\/www.estrepublicain.fr\/sport\/2025\/02\/06\/le-nanceien-gabriel-veras-dispute-ses-premieres-minutes-chez-les-pros-avec-antibes-des-emotions-folles\" target=\"_blank\" rel=\"noopener\">le Nanc\u00e9ien Gabriel Veras<\/a>\u00a0d\u00e9sormais int\u00e9gr\u00e9 au groupe pro des Sharks, emmen\u00e9 par Antoine E\u00efto.<\/p>\n<p>Le SLUC remontera en Lorraine d\u00e8s l\u2019issue de la rencontre, puis affrontera l\u2019\u00e9quipe allemande de Tr\u00eaves, dimanche (17h), \u00e0 Pont-\u00e0-Mousson.<\/p>\n","protected":false},"excerpt":{"rendered":"Battu par Dijon, lundi \u00e0 Mirecourt,\u00a0lors de son troisi\u00e8me match de pr\u00e9paration (84-95)\u00a0, le SLUC avait mis le&hellip;\n","protected":false},"author":2,"featured_media":366038,"comment_status":"","ping_status":"","sticky":false,"template":"","format":"standard","meta":{"footnotes":""},"categories":[9635],"tags":[1111,11,1791,1704,1706,1777,674,107,1701,1011,27,775,1702,12,10422,25,11567,517,1700],"class_list":{"0":"post-366037","1":"post","2":"type-post","3":"status-publish","4":"format-standard","5":"has-post-thumbnail","7":"category-nancy","8":"tag-actu","9":"tag-actualites","10":"tag-basket-ball","11":"tag-edition-nancy-et-agglomeration","12":"tag-edition-pont-a-mousson","13":"tag-eu","14":"tag-europe","15":"tag-fil-info","16":"tag-fil-info-sport","17":"tag-fr","18":"tag-france","19":"tag-grand-est","20":"tag-nancy","21":"tag-news","22":"tag-pont-a-mousson","23":"tag-republique-francaise","24":"tag-sluc","25":"tag-sport","26":"tag-sport-lorrain"},"share_on_mastodon":{"url":"https:\/\/pubeurope.com\/@fr\/115146872847771698","error":""},"_links":{"self":[{"href":"https:\/\/www.europesays.com\/fr\/wp-json\/wp\/v2\/posts\/366037","targetHints":{"allow":["GET"]}}],"collection":[{"href":"https:\/\/www.europesays.com\/fr\/wp-json\/wp\/v2\/posts"}],"about":[{"href":"https:\/\/www.europesays.com\/fr\/wp-json\/wp\/v2\/types\/post"}],"author":[{"embeddable":true,"href":"https:\/\/www.europesays.com\/fr\/wp-json\/wp\/v2\/users\/2"}],"replies":[{"embeddable":true,"href":"https:\/\/www.europesays.com\/fr\/wp-json\/wp\/v2\/comments?post=366037"}],"version-history":[{"count":0,"href":"https:\/\/www.europesays.com\/fr\/wp-json\/wp\/v2\/posts\/366037\/revisions"}],"wp:featuredmedia":[{"embeddable":true,"href":"https:\/\/www.europesays.com\/fr\/wp-json\/wp\/v2\/media\/366038"}],"wp:attachment":[{"href":"https:\/\/www.europesays.com\/fr\/wp-json\/wp\/v2\/media?parent=366037"}],"wp:term":[{"taxonomy":"category","embeddable":true,"href":"https:\/\/www.europesays.com\/fr\/wp-json\/wp\/v2\/categories?post=366037"},{"taxonomy":"post_tag","embeddable":true,"href":"https:\/\/www.europesays.com\/fr\/wp-json\/wp\/v2\/tags?post=366037"}],"curies":[{"name":"wp","href":"https:\/\/api.w.org\/{rel}","templated":true}]}}