{"id":366039,"date":"2025-09-04T16:03:11","date_gmt":"2025-09-04T16:03:11","guid":{"rendered":"https:\/\/www.europesays.com\/fr\/366039\/"},"modified":"2025-09-04T16:03:11","modified_gmt":"2025-09-04T16:03:11","slug":"toulon-pour-devenir-incollable-sur-les-satellites-pour-les-telecommunications","status":"publish","type":"post","link":"https:\/\/www.europesays.com\/fr\/366039\/","title":{"rendered":"TOULON : Pour devenir incollable sur les satellites pour les t\u00e9l\u00e9communications"},"content":{"rendered":"<p><strong>Pour devenir incollable sur les satellites pour les t\u00e9l\u00e9communications, Orange Satellite organise une d\u00e9monstration, le mercredi 10 septembre \u00e0 13h30 \u00e0 Toulon \u2013 site Orange Castigneau, avenue Laurent Mattio.<\/strong><\/p>\n<p>L\u2019occasion de rencontrer un technicien Orange expert satellite et le D\u00e9l\u00e9gu\u00e9 R\u00e9gional Orange sur la r\u00e9gion Sud. Une offre europ\u00e9enne qui s\u2019appuie sur l\u2019expertise de l\u2019industrie spatiale fran\u00e7aise et europ\u00e9enne. Elle est h\u00e9berg\u00e9e sur le satellite Konnect VHTS, con\u00e7u par Thal\u00e8s Alenia Space \u00e0 Cannes et mis en orbite en septembre 2022 par Ariane 5.<\/p>\n","protected":false},"excerpt":{"rendered":"Pour devenir incollable sur les satellites pour les t\u00e9l\u00e9communications, Orange Satellite organise une d\u00e9monstration, le mercredi 10 septembre&hellip;\n","protected":false},"author":2,"featured_media":61344,"comment_status":"","ping_status":"","sticky":false,"template":"","format":"standard","meta":{"footnotes":""},"categories":[9619],"tags":[1111,11,1777,674,1011,27,12,882,25,2310],"class_list":{"0":"post-366039","1":"post","2":"type-post","3":"status-publish","4":"format-standard","5":"has-post-thumbnail","7":"category-toulon","8":"tag-actu","9":"tag-actualites","10":"tag-eu","11":"tag-europe","12":"tag-fr","13":"tag-france","14":"tag-news","15":"tag-provence-alpes-cote-dazur","16":"tag-republique-francaise","17":"tag-toulon"},"share_on_mastodon":{"url":"https:\/\/pubeurope.com\/@fr\/115146876769627565","error":""},"_links":{"self":[{"href":"https:\/\/www.europesays.com\/fr\/wp-json\/wp\/v2\/posts\/366039","targetHints":{"allow":["GET"]}}],"collection":[{"href":"https:\/\/www.europesays.com\/fr\/wp-json\/wp\/v2\/posts"}],"about":[{"href":"https:\/\/www.europesays.com\/fr\/wp-json\/wp\/v2\/types\/post"}],"author":[{"embeddable":true,"href":"https:\/\/www.europesays.com\/fr\/wp-json\/wp\/v2\/users\/2"}],"replies":[{"embeddable":true,"href":"https:\/\/www.europesays.com\/fr\/wp-json\/wp\/v2\/comments?post=366039"}],"version-history":[{"count":0,"href":"https:\/\/www.europesays.com\/fr\/wp-json\/wp\/v2\/posts\/366039\/revisions"}],"wp:featuredmedia":[{"embeddable":true,"href":"https:\/\/www.europesays.com\/fr\/wp-json\/wp\/v2\/media\/61344"}],"wp:attachment":[{"href":"https:\/\/www.europesays.com\/fr\/wp-json\/wp\/v2\/media?parent=366039"}],"wp:term":[{"taxonomy":"category","embeddable":true,"href":"https:\/\/www.europesays.com\/fr\/wp-json\/wp\/v2\/categories?post=366039"},{"taxonomy":"post_tag","embeddable":true,"href":"https:\/\/www.europesays.com\/fr\/wp-json\/wp\/v2\/tags?post=366039"}],"curies":[{"name":"wp","href":"https:\/\/api.w.org\/{rel}","templated":true}]}}