{"id":366040,"date":"2025-09-04T16:04:16","date_gmt":"2025-09-04T16:04:16","guid":{"rendered":"https:\/\/www.europesays.com\/fr\/366040\/"},"modified":"2025-09-04T16:04:16","modified_gmt":"2025-09-04T16:04:16","slug":"le-corps-dun-policier-retrouve-entrave-et-cagoule-la-piste-du-suicide-envisagee","status":"publish","type":"post","link":"https:\/\/www.europesays.com\/fr\/366040\/","title":{"rendered":"le corps d\u2019un policier retrouv\u00e9 entrav\u00e9 et cagoul\u00e9, la piste du suicide envisag\u00e9e"},"content":{"rendered":"<p>La mort d\u2019un policier de l\u2019Office antistup\u00e9fiants, dont le corps a \u00e9t\u00e9 retrouv\u00e9 cagoul\u00e9 et entrav\u00e9 au pied d\u2019une falaise, suscite de vives sp\u00e9culations.<\/p>\n<p class=\"fig-paragraph\">C\u2019est une histoire qui intrigue autant qu\u2019elle heurte l\u2019entendement. Mercredi 3 septembre, dans l\u2019anse Magaud, une petite baie situ\u00e9e \u00e0 l\u2019est de Toulon (Var), un policier de l\u2019Office antistup\u00e9fiants de Nanterre a \u00e9t\u00e9 retrouv\u00e9 sans vie, le visage recouvert d\u2019une cagoule, les mains et les pieds entrav\u00e9s. Originaire de l\u2019aire toulonnaise, il s\u00e9journait dans la r\u00e9gion aupr\u00e8s de sa famille. Son corps a \u00e9t\u00e9 d\u00e9couvert flottant dans l\u2019eau, \u00e0 proximit\u00e9 du rivage o\u00f9 plusieurs de ses affaires personnelles ont \u00e9t\u00e9 abandonn\u00e9es sur la falaise qui surplombe l\u2019anse. Une macabre d\u00e9couverte qui, au premier regard, \u00e9voque un crime. Pourtant, le parquet de Toulon privil\u00e9gie la th\u00e8se du suicide.<\/p>\n<p class=\"fig-paragraph\">Le procureur de la R\u00e9publique de Toulon, Sylvain Finielz, insiste\u00a0: \u00abM\u00eame si la d\u00e9couverte peut laisser croire \u00e0 un crime, les \u00e9l\u00e9ments recueillis orientent plut\u00f4t vers un suicide.\u00bb<\/p>\n<p>                                    <a class=\"fig-a11y-skip a11y-hidden\" href=\"#fig-a11y-skip-main-inarticle\"><br \/>\n        Passer la publicit\u00e9<br \/>\n    <\/a><\/p>\n<p class=\"fig-paragraph\"><strong>Un r\u00e9cit exacerb\u00e9 sur les r\u00e9seaux sociaux<\/strong><\/p>\n<p class=\"fig-paragraph\">\u00c0 peine l\u2019annonce connue, les r\u00e9seaux sociaux ont \u00e9t\u00e9 satur\u00e9s de messages complotistes, th\u00e9ories alternatives et soup\u00e7ons d\u2019assassinat. \u00abC\u2019est impossible, \u00e0 moins qu\u2019on ait commandit\u00e9 son suicide\u00bb, s\u2019indigne un internaute. Un autre rappelle que ce policier appartenait \u00e0 l\u2019Office antistup\u00e9fiants, secou\u00e9 r\u00e9cemment par la mise en examen de plusieurs fonctionnaires marseillais apr\u00e8s la d\u00e9couverte de 350 kilos de coca\u00efne.<\/p>\n<p class=\"fig-paragraph\">Pourtant, les constatations r\u00e9alis\u00e9es sur place et notamment la d\u00e9couverte du sac du policier en haut de la falaise contenant ses effets personnels et \u00abdes notes \u00e9crites\u00bb, orientent les enqu\u00eateurs vers un geste volontaire.<\/p>\n<p class=\"fig-paragraph\"><strong>Des indices en faveur d\u2019un geste d\u00e9sesp\u00e9r\u00e9<\/strong><\/p>\n<p class=\"fig-paragraph\">Reste l\u2019\u00e9tranget\u00e9 de la mise en sc\u00e8ne\u00a0: un homme cagoul\u00e9, les pieds et mains entrav\u00e9s. \u00abCe n\u2019est pas courant, mais il ne faut pas sous-estimer jusqu\u2019o\u00f9 peut aller la d\u00e9tresse humaine\u00bb, r\u00e9pond le procureur avant de continuer\u00a0: \u00abLes fonctionnaires de police connaissent parfaitement les proc\u00e9d\u00e9s pour s\u2019entraver eux-m\u00eames.\u00bb Autrement dit, les menottes et liens retrouv\u00e9s ne constituent pas en soi la preuve d\u2019une intervention ext\u00e9rieure selon lui. La m\u00e9decin l\u00e9giste Caroline Rambaud abonde\u00a0:<strong> \u00ab<\/strong>Ce n\u2019est pas inhabituel, on retrouve souvent ce cas de figure chez les pendus, qui, pour \u00eatre s\u00fbr de ne pas d\u00e9tacher la corde, s\u2019attachent les mains.\u00bb<\/p>\n<p>                                    <a class=\"fig-a11y-skip a11y-hidden\" href=\"#fig-a11y-skip-main-inarticle_mtf\"><br \/>\n        Passer la publicit\u00e9<br \/>\n    <\/a><\/p>\n<p class=\"fig-paragraph\">De plus, \u00abil y a des \u00e9l\u00e9ments familiaux personnels qui renforcent cette hypoth\u00e8se. Il a pu volontairement se jeter de la falaise\u00bb, d\u00e9taille le procureur. Selon Var-Matin, l\u2019homme \u00e9tait dans une dans une proc\u00e9dure de divorce.<\/p>\n<p class=\"fig-paragraph\">Sylvain Filniez pr\u00e9cise cependant\u00a0: \u00abl\u2019enqu\u00eate est en cours et n\u2019\u00e9carte aucune piste, y compris celle criminelle.\u00bb \u00abDans le cadre d\u2019une noyade, plusieurs sc\u00e9narios sont possibles\u00bb, ajoute Caroline Rambaud avant de d\u00e9tailler\u00a0: \u00abIl existe des zones de tensions typiques\u00a0: bras; nuque, qui, lorsqu\u2019elles pr\u00e9sentent des traces, oriente vers un contact appuy\u00e9 ou une empoignade. Mais une simple pouss\u00e9e, par exemple, peut ne laisser aucune trace.\u00a0\u00bb Cette derni\u00e8re est donc cat\u00e9gorique\u00a0: \u00abEn pr\u00e9sence de l\u00e9sions de violences (ecchymoses, griffures, &#8230;), on peut soup\u00e7onner une intervention ext\u00e9rieure. En revanche, en l\u2019absence de marques, il est impossible de diff\u00e9rencier un suicide d\u2019un homicide par pouss\u00e9e. Ce sont les \u00e9l\u00e9ments de l\u2019enqu\u00eate qui doivent compl\u00e9ter l\u2019analyse.\u00bb Autre point qui peut perturber les investigations\u00a0: \u00abLe noircissement du corps en cas de s\u00e9jour tr\u00e8s prolong\u00e9 dans l\u2019eau.\u00bb A cela s\u2019ajoute l\u2019ADN qui peut subir une alt\u00e9ration importante de son profil g\u00e9n\u00e9tique sous l\u2019eau. N\u00e9anmoins, certaines traces peuvent persister, notamment celles relev\u00e9es sous les ongles, qui peuvent s\u2019av\u00e9rer capitales.<\/p>\n<p class=\"fig-paragraph\">En toutes circonstances, l\u2019enqu\u00eate, confi\u00e9e \u00e0 la Direction interd\u00e9partementale de la police nationale du Var, devra d\u00e9m\u00ealer les certitudes judiciaires des sp\u00e9culations num\u00e9riques.<\/p>\n<p class=\"fig-paragraph\">Mais pour Caroline Rambaud, une chose est s\u00fbre\u00a0: \u00able suicide est toujours d\u2019un acte tr\u00e8s violent, pour la personne comme pour son entourage. Souvent accompagner d\u2019un message qui n\u2019est pas toujours simple \u00e0 interpr\u00e9ter.\u00bb<\/p>\n","protected":false},"excerpt":{"rendered":"La mort d\u2019un policier de l\u2019Office antistup\u00e9fiants, dont le corps a \u00e9t\u00e9 retrouv\u00e9 cagoul\u00e9 et entrav\u00e9 au pied&hellip;\n","protected":false},"author":2,"featured_media":366041,"comment_status":"","ping_status":"","sticky":false,"template":"","format":"standard","meta":{"footnotes":""},"categories":[9619],"tags":[1111,11,1777,674,1011,27,12,7781,10910,882,25,2310],"class_list":{"0":"post-366040","1":"post","2":"type-post","3":"status-publish","4":"format-standard","5":"has-post-thumbnail","7":"category-toulon","8":"tag-actu","9":"tag-actualites","10":"tag-eu","11":"tag-europe","12":"tag-fr","13":"tag-france","14":"tag-news","15":"tag-noyade","16":"tag-policier","17":"tag-provence-alpes-cote-dazur","18":"tag-republique-francaise","19":"tag-toulon"},"share_on_mastodon":{"url":"https:\/\/pubeurope.com\/@fr\/115146880656102729","error":""},"_links":{"self":[{"href":"https:\/\/www.europesays.com\/fr\/wp-json\/wp\/v2\/posts\/366040","targetHints":{"allow":["GET"]}}],"collection":[{"href":"https:\/\/www.europesays.com\/fr\/wp-json\/wp\/v2\/posts"}],"about":[{"href":"https:\/\/www.europesays.com\/fr\/wp-json\/wp\/v2\/types\/post"}],"author":[{"embeddable":true,"href":"https:\/\/www.europesays.com\/fr\/wp-json\/wp\/v2\/users\/2"}],"replies":[{"embeddable":true,"href":"https:\/\/www.europesays.com\/fr\/wp-json\/wp\/v2\/comments?post=366040"}],"version-history":[{"count":0,"href":"https:\/\/www.europesays.com\/fr\/wp-json\/wp\/v2\/posts\/366040\/revisions"}],"wp:featuredmedia":[{"embeddable":true,"href":"https:\/\/www.europesays.com\/fr\/wp-json\/wp\/v2\/media\/366041"}],"wp:attachment":[{"href":"https:\/\/www.europesays.com\/fr\/wp-json\/wp\/v2\/media?parent=366040"}],"wp:term":[{"taxonomy":"category","embeddable":true,"href":"https:\/\/www.europesays.com\/fr\/wp-json\/wp\/v2\/categories?post=366040"},{"taxonomy":"post_tag","embeddable":true,"href":"https:\/\/www.europesays.com\/fr\/wp-json\/wp\/v2\/tags?post=366040"}],"curies":[{"name":"wp","href":"https:\/\/api.w.org\/{rel}","templated":true}]}}