{"id":366042,"date":"2025-09-04T16:05:30","date_gmt":"2025-09-04T16:05:30","guid":{"rendered":"https:\/\/www.europesays.com\/fr\/366042\/"},"modified":"2025-09-04T16:05:30","modified_gmt":"2025-09-04T16:05:30","slug":"municipales-2026-a-montpellier-en-attendant-la-liste-les-ecologistes-devoilent-leur-nom-et-leurs-intentions","status":"publish","type":"post","link":"https:\/\/www.europesays.com\/fr\/366042\/","title":{"rendered":"Municipales 2026 \u00e0 Montpellier\u00a0: en attendant la liste, les \u00c9cologistes d\u00e9voilent leur nom et leurs intentions"},"content":{"rendered":"<p>\n                                                                Jean-Louis Roum\u00e9gas, Coralie Mantion et Julia Mignacca porteront le projet \u00e9cologiste \u00ab\u00a0Le Printemps montpelli\u00e9rain\u00a0\u00bb pour les prochaines municipales \u00e0 Montpellier.\n                            <\/p>\n<p>Les \u00c9cologistes sont officiellement en campagne \u00e0 Montpellier. Ce jeudi 4\u00a0septembre, ils ont pr\u00e9sent\u00e9 le nom de leur liste, devant leur nouveau local, situ\u00e9 au 21 rue Saint-Guilhem dans l\u2019\u00c9cusson. \u00ab\u00a0Le Printemps montpelli\u00e9rain\u00a0\u00bb\u00a0: voil\u00e0\u00a0le nom choisi par les \u00c9cologistes pour leur liste. Le logo, \u00e9vocateur d\u2019un soleil multicolore et des cinq doigts de la main, incarne \u00ab\u00a0le renouveau et le rassemblement\u00a0\u00bb a\u00a0expliqu\u00e9 Jean-Louis Roum\u00e9gas.<\/p>\n<p>Entour\u00e9 de Coralie Mantion, ex-t\u00eate de liste en 2020, de Julia Mignacca, porte-parole des \u00e9cologistes, et de militants, le d\u00e9put\u00e9 NFP a rappel\u00e9 les deux mots d\u2019ordre de cette campagne\u00a0: \u00ab\u00a0Coh\u00e9sion et action\u00a0\u00bb. L\u2019Atelier, nom du local, se veut tout aussi symbolique. \u00ab\u00a0L\u2019id\u00e9e, c\u2019est de faire avec les Montpelli\u00e9rains.\u00a0\u00bb Sous-entendu, pas comme la majorit\u00e9 actuelle, dont l\u2019\u00e9lu \u00e9colo assure que le dialogue n\u2019est pas son fort. \u00ab\u00a0Regardez les 4 boulevards ou la ZAC Mosson. 12\u00a0000 personnes ont particip\u00e9 \u00e0 l\u2019enqu\u00eate publique, aucun ne souhaitait le transfert de la mosqu\u00e9e.\u00a0\u00bb<\/p>\n<p>L\u2019Atelier ouvert 7 jours sur 7<\/p>\n<p>L\u2019Atelier sera ouvert tous les jours aux Montpelli\u00e9rains\u00a0de 10\u00a0h \u00e0 20\u00a0h. Toutes les remarques et propositions seront les bienvenues. Des d\u00e9bats s\u2019y d\u00e9rouleront deux fois par semaine avec l\u2019id\u00e9e de \u00ab\u00a0r\u00e9inventer les outils de la d\u00e9mocratie\u00a0\u00bb. Coralie Mantion a promis des ateliers avec les parents autour de la question de l\u2019enfance et de la jeunesse \u00ab\u00a0pour co-construire des projets\u00a0\u00bb. Il sera aussi question de d\u00e9r\u00e8glement climatique, urbanisation,\u00a0etc.<\/p>\n<p>Boris Chenaud, membre d\u2019Apr\u00e8s (mouvement de Cl\u00e9mentine Autain et Alexis Corbi\u00e8re) indiquait qu\u2019il restait de la place sur la devanture pour un ajout \u00e9ventuel de logo. Tout le monde pense \u00e0 une alliance avec LFI, mais il est trop t\u00f4t pour en parler. \u00ab\u00a0Ce n\u2019est pas tr\u00e8s clair, difficile d\u2019avoir un interlocuteur. Et puis il\u00a0y a la question du CSR (le projet d\u2019incin\u00e9rateur \u00e0 d\u00e9chets plastiques, port\u00e9 par la M\u00e9tropole et Ren\u00e9 Revol, NDLR) \u2026\u00a0\u00bb, confie un militant.<\/p>\n<p>Universit\u00e9 des quartiers populaires et \u00e9cologie<\/p>\n<p>Jean-Louis Roum\u00e9gas a annonc\u00e9 l\u2019organisation de la premi\u00e8re Universit\u00e9 des quartiers populaires et de l\u2019\u00e9cologie, le 27\u00a0septembre prochain \u00e0 Montpellier, en pr\u00e9sence de la pr\u00e9sidente Marine Tondelier. Les banlieues, terre de campagne de LFI, constituent un enjeu.<\/p>\n<p>Il faudra attendre les prochaines semaines pour conna\u00eetre la composition exacte de la liste dont les douze premiers noms ont \u00e9t\u00e9 choisis apr\u00e8s l\u2019assembl\u00e9e g\u00e9n\u00e9rale du 23\u00a0juin. M\u00eame si le choix de la t\u00eate de liste est un secret de Polichinelle. \u00ab\u00a0On va aux municipales car on y croit, l\u00e2che Jean-Louis Roum\u00e9gas. Ce n\u2019est pas un tremplin pour la pr\u00e9sidentielle.\u00a0\u00bb<\/p>\n","protected":false},"excerpt":{"rendered":"Jean-Louis Roum\u00e9gas, Coralie Mantion et Julia Mignacca porteront le projet \u00e9cologiste \u00ab\u00a0Le Printemps montpelli\u00e9rain\u00a0\u00bb pour les prochaines municipales&hellip;\n","protected":false},"author":2,"featured_media":366043,"comment_status":"","ping_status":"","sticky":false,"template":"","format":"standard","meta":{"footnotes":""},"categories":[9599],"tags":[1111,11,1777,674,1011,27,2208,12,2680,25],"class_list":{"0":"post-366042","1":"post","2":"type-post","3":"status-publish","4":"format-standard","5":"has-post-thumbnail","7":"category-montpellier","8":"tag-actu","9":"tag-actualites","10":"tag-eu","11":"tag-europe","12":"tag-fr","13":"tag-france","14":"tag-montpellier","15":"tag-news","16":"tag-occitanie","17":"tag-republique-francaise"},"share_on_mastodon":{"url":"https:\/\/pubeurope.com\/@fr\/115146884796539764","error":""},"_links":{"self":[{"href":"https:\/\/www.europesays.com\/fr\/wp-json\/wp\/v2\/posts\/366042","targetHints":{"allow":["GET"]}}],"collection":[{"href":"https:\/\/www.europesays.com\/fr\/wp-json\/wp\/v2\/posts"}],"about":[{"href":"https:\/\/www.europesays.com\/fr\/wp-json\/wp\/v2\/types\/post"}],"author":[{"embeddable":true,"href":"https:\/\/www.europesays.com\/fr\/wp-json\/wp\/v2\/users\/2"}],"replies":[{"embeddable":true,"href":"https:\/\/www.europesays.com\/fr\/wp-json\/wp\/v2\/comments?post=366042"}],"version-history":[{"count":0,"href":"https:\/\/www.europesays.com\/fr\/wp-json\/wp\/v2\/posts\/366042\/revisions"}],"wp:featuredmedia":[{"embeddable":true,"href":"https:\/\/www.europesays.com\/fr\/wp-json\/wp\/v2\/media\/366043"}],"wp:attachment":[{"href":"https:\/\/www.europesays.com\/fr\/wp-json\/wp\/v2\/media?parent=366042"}],"wp:term":[{"taxonomy":"category","embeddable":true,"href":"https:\/\/www.europesays.com\/fr\/wp-json\/wp\/v2\/categories?post=366042"},{"taxonomy":"post_tag","embeddable":true,"href":"https:\/\/www.europesays.com\/fr\/wp-json\/wp\/v2\/tags?post=366042"}],"curies":[{"name":"wp","href":"https:\/\/api.w.org\/{rel}","templated":true}]}}