{"id":366044,"date":"2025-09-04T16:06:11","date_gmt":"2025-09-04T16:06:11","guid":{"rendered":"https:\/\/www.europesays.com\/fr\/366044\/"},"modified":"2025-09-04T16:06:11","modified_gmt":"2025-09-04T16:06:11","slug":"la-moins-bonne-personne-sur-terre-quand-un-ancien-joueur-de-montpellier-dezingue-fabien-galthie","status":"publish","type":"post","link":"https:\/\/www.europesays.com\/fr\/366044\/","title":{"rendered":"\u00ab La moins bonne personne sur Terre \u00bb : quand un ancien joueur de Montpellier d\u00e9zingue Fabien Galthi\u00e9"},"content":{"rendered":"<p class=\"paragraph text_align_left lp-f-body-02\">Il pensait ne jamais retrouver le Top 14. Dix ans apr\u00e8s un bref passage dans l\u2019\u00e9lite du <a href=\"https:\/\/www.leparisien.fr\/sports\/rugby\/\" target=\"_blank\" rel=\"noreferrer nofollow noopener\">rugby <\/a>fran\u00e7ais avec son club formateur de Montpellier, Fred Quercy va de nouveau pouvoir jouer au plus haut niveau hexagonal avec <a href=\"https:\/\/www.leparisien.fr\/sports\/rugby\/rugby-vainqueur-de-grenoble-en-finale-de-pro-d2-montauban-retrouve-le-top-14-07-06-2025-KAKKQLGFAJB47ITVAZ46ZO6RVU.php\" target=\"_blank\" rel=\"noreferrer nofollow noopener\">Montauban, promu surprise<\/a> dont il est le capitaine. Mais le troisi\u00e8me ligne garde un souvenir amer de ses quelques rencontres \u00e0 ce niveau disput\u00e9es avec le MHR (2012-2015), o\u00f9 lui et les jeunes de sa g\u00e9n\u00e9ration \u00e9voluaient souss les ordres d\u2019un manager d\u00e9nomm\u00e9 <a href=\"https:\/\/www.leparisien.fr\/sports\/rugby\/fabien-galthie\/\" target=\"_blank\" rel=\"noreferrer nofollow noopener\">Fabien Galthi\u00e9<\/a>.<\/p>\n<p class=\"paragraph text_align_left lp-f-body-02\">\u00ab On pourrissait en pros, avec notre actuel grand s\u00e9lectionneur de l\u2019\u00e9quipe de France Fabien Galthi\u00e9 qui est je crois la moins bonne personne sur Terre, se souvient-il dans un entretien accord\u00e9 mercredi \u00e0 <a href=\"https:\/\/www.rugbypass.com\/fr\/news\/fred-quercy-montauban-exhume-son-histoire-douloureuse-avec-le-top-14-on-nous-laissait-pourrir-en-espoirs\/\" target=\"_blank\" rel=\"noreferrer nofollow noopener\">RugbyPass<\/a>. Il a \u00e9t\u00e9 \u00e0 la fois le meilleur entra\u00eeneur que j\u2019ai eu, indiscutablement \u2013 et pourtant j\u2019en ai eu des bons dans ma carri\u00e8re \u2013 mais aussi la plus grande merde sur le plan humain. \u00bb<\/p>\n<p>\u00ab C\u2019\u00e9tait lamentable \u00bb<\/p>\n<p class=\"paragraph text_align_left lp-f-body-02\">\u00ab On n\u2019avait aucune confiance des coachs, rien. C\u2019\u00e9tait lamentable, explique \u00e9galement Fred Quercy dans cette interview. [&#8230;] On sentait bien qu\u2019on ne les int\u00e9ressait pas. On \u00e9tait en plus pay\u00e9s au lance-pierre. Si ce n\u2019est le fait d\u2019arriver en pro \u2013 car j\u2019avais travaill\u00e9 longtemps pour \u00e7a \u2013 je n\u2019en garde pas de bons souvenirs. Rien de positif, ni des entra\u00eeneurs, ni des mentalit\u00e9s, ni de la fa\u00e7on dont on \u00e9tait trait\u00e9s. \u00bb<\/p>\n<p class=\"paragraph text_align_left lp-f-body-02\">Ce n\u2019est pas le premier de ses anciens joueurs \u00e0 critiquer le management de Fabien Galthi\u00e9. En 2013, l\u2019ancien trois-quarts centre de Montpellier Geoffrey Doumayrou, parti au Stade Fran\u00e7ais, avait expliqu\u00e9 en vouloir \u00e0 son ex-entra\u00eeneur. \u00ab Tu dis ce que tu veux. Mais essaie d\u2019avoir une carri\u00e8re comme moi \u00bb, lui avait r\u00e9torqu\u00e9 ensuite le technicien, devant les cam\u00e9ras de Canal +, \u00e0 l\u2019issue de la rencontre entre Parisiens et H\u00e9raultais.<\/p>\n<p class=\"paragraph text_align_left lp-f-body-02\">\u00ab Quand il ne veut pas de toi dans son \u00e9quipe, il te le fait vite comprendre et te fait manger tous les jours, <a href=\"https:\/\/www.leparisien.fr\/sports\/rugby\/bulle-sanitaire-chambrage-management-rugueux-fabien-galthie-l-homme-qui-crispe-le-rugby-francais-11-03-2021-8428060.php\" target=\"_blank\" rel=\"noreferrer nofollow noopener\">expliquait en 2021 au Parisien l\u2019ancien troisi\u00e8me ligne de Montpellier, Marc Giraud.<\/a> Il est d\u00e9stabilisant, et vite irrespectueux. Il faut \u00eatre bien dans ta peau si tu bosses avec lui. \u00bb L\u2019ancien joueur du Stade Fran\u00e7ais Rapha\u00ebl Poulain avait aussi critiqu\u00e9 son ex-coach jug\u00e9 \u00ab dur, cassant \u00bb. <\/p>\n<p class=\"paragraph text_align_left lp-f-body-02\">Fred Quercy et Montauban lancent leur saison de Top 14 samedi sur la pelouse du Stade Fran\u00e7ais. <a href=\"https:\/\/www.leparisien.fr\/sports\/rugby\/top-14-pourquoi-stade-francais-montauban-se-joue-a-lhoraire-inhabituel-de-13h-samedi-03-09-2025-NUUWNUDO55HVBHJVS35GAEODBI.php\" target=\"_blank\" rel=\"noreferrer nofollow noopener\">Un horaire inhabituel voulu par le diffuseur Canal +<\/a> pour multiplier les rendez-vous lors de cette premi\u00e8re journ\u00e9e.<\/p>\n","protected":false},"excerpt":{"rendered":"Il pensait ne jamais retrouver le Top 14. Dix ans apr\u00e8s un bref passage dans l\u2019\u00e9lite du rugby&hellip;\n","protected":false},"author":2,"featured_media":366045,"comment_status":"","ping_status":"","sticky":false,"template":"","format":"standard","meta":{"footnotes":""},"categories":[9599],"tags":[1111,11,1777,674,1011,27,2208,12,2680,25,479,60],"class_list":{"0":"post-366044","1":"post","2":"type-post","3":"status-publish","4":"format-standard","5":"has-post-thumbnail","7":"category-montpellier","8":"tag-actu","9":"tag-actualites","10":"tag-eu","11":"tag-europe","12":"tag-fr","13":"tag-france","14":"tag-montpellier","15":"tag-news","16":"tag-occitanie","17":"tag-republique-francaise","18":"tag-rugby","19":"tag-sports"},"share_on_mastodon":{"url":"https:\/\/pubeurope.com\/@fr\/115146888637935419","error":""},"_links":{"self":[{"href":"https:\/\/www.europesays.com\/fr\/wp-json\/wp\/v2\/posts\/366044","targetHints":{"allow":["GET"]}}],"collection":[{"href":"https:\/\/www.europesays.com\/fr\/wp-json\/wp\/v2\/posts"}],"about":[{"href":"https:\/\/www.europesays.com\/fr\/wp-json\/wp\/v2\/types\/post"}],"author":[{"embeddable":true,"href":"https:\/\/www.europesays.com\/fr\/wp-json\/wp\/v2\/users\/2"}],"replies":[{"embeddable":true,"href":"https:\/\/www.europesays.com\/fr\/wp-json\/wp\/v2\/comments?post=366044"}],"version-history":[{"count":0,"href":"https:\/\/www.europesays.com\/fr\/wp-json\/wp\/v2\/posts\/366044\/revisions"}],"wp:featuredmedia":[{"embeddable":true,"href":"https:\/\/www.europesays.com\/fr\/wp-json\/wp\/v2\/media\/366045"}],"wp:attachment":[{"href":"https:\/\/www.europesays.com\/fr\/wp-json\/wp\/v2\/media?parent=366044"}],"wp:term":[{"taxonomy":"category","embeddable":true,"href":"https:\/\/www.europesays.com\/fr\/wp-json\/wp\/v2\/categories?post=366044"},{"taxonomy":"post_tag","embeddable":true,"href":"https:\/\/www.europesays.com\/fr\/wp-json\/wp\/v2\/tags?post=366044"}],"curies":[{"name":"wp","href":"https:\/\/api.w.org\/{rel}","templated":true}]}}