{"id":366046,"date":"2025-09-04T16:07:09","date_gmt":"2025-09-04T16:07:09","guid":{"rendered":"https:\/\/www.europesays.com\/fr\/366046\/"},"modified":"2025-09-04T16:07:09","modified_gmt":"2025-09-04T16:07:09","slug":"limage-voici-a-quoi-ressemblera-la-nouvelle-bibliotheque-de-la-fac-de-mont-saint-aignan","status":"publish","type":"post","link":"https:\/\/www.europesays.com\/fr\/366046\/","title":{"rendered":"L&rsquo;IMAGE. Voici \u00e0 quoi ressemblera la nouvelle biblioth\u00e8que de la fac de Mont-Saint-Aignan"},"content":{"rendered":"<p>            Par<br \/>\n        <strong><br \/>\n            <a href=\"https:\/\/actu.fr\/auteur\/julien-bouteiller\" title=\"Consulter tous les articles de Julien Bouteiller\" target=\"_blank\" rel=\"noopener\">Julien Bouteiller<\/a><br \/>\n        <\/strong><\/p>\n<p>        Publi\u00e9 le<\/p>\n<p>            4 sept. 2025 \u00e0 17h18        <\/p>\n<p><strong>\u00ab\u00a0\u00c7a fait 25 ans qu\u2019on en parle\u00a0\u00bb<\/strong>, rappelle Franck Le Derf, pr\u00e9sident de <a href=\"https:\/\/actu.fr\/tag\/universite-de-rouen\" target=\"_blank\" rel=\"noopener\">l\u2019Universit\u00e9 de Rouen<\/a>. De longues ann\u00e9es donc que l\u2019on parle du projet <a href=\"https:\/\/actu.fr\/normandie\/mont-saint-aignan_76451\/bientot-la-fin-de-la-vieille-bibliotheque-universitaire-du-campus-de-mont-saint-aignan_53626110.html\" target=\"_blank\" rel=\"noopener\">d\u2019une nouvelle biblioth\u00e8que universitaire<\/a> <strong>sur le campus de Mont-Saint-Aignan<\/strong>. Et bonne nouvelle : \u00e7a avance !\u00a0<\/p>\n<p>La nouvelle BU se d\u00e9voile !<\/p>\n<p class=\" wall-content\">Enfin,<strong> un projet a \u00e9t\u00e9 retenu<\/strong>, celui des agences Basalt Architecture et AZ Architectes, et il a \u00e9t\u00e9 r\u00e9v\u00e9l\u00e9 ce mercredi 3 septembre 2025.<\/p>\n<p class=\" wall-content\">Plus qu\u2019une simple BU, ce nouveau b\u00e2timent se veut \u00eatre un<strong> \u00ab\u00a0learning center\u00a0\u00bb<\/strong> (centre d\u2019apprentissage si on veut \u00e9viter l\u2019anglicisme). Il \u00ab\u00a0sera \u00e0 la fois un lieu d\u2019\u00e9tudes adapt\u00e9 aux nouveaux usages, un espace de vie et un lieu ouvert sur la soci\u00e9t\u00e9\u00a0\u00bb, indique l\u2019Universit\u00e9.<\/p>\n<p class=\" wall-content\">Plus concr\u00e8tement, il s\u2019agira d\u2019un b\u00e2timent de <strong>7200m\u00b2<\/strong> qui comprendra \u00e9videmment une biblioth\u00e8que, mais aussi deux salles de formation, 30 salles de travail de groupe <strong>et une caf\u00e9t\u00e9ria du Crous.\u00a0<\/strong><\/p>\n<p>Un gymnase r\u00e9nov\u00e9 sur le campus<\/p>\n<p>D&rsquo;autres travaux sont d\u00e9j\u00e0 en cours sur le campus de Mont-Saint-Aignan. Ainsi, l&rsquo;un des quatre gymnases est en cours de r\u00e9novation depuis le d\u00e9but de l&rsquo;ann\u00e9e 2025.<\/p>\n<p>L&rsquo;\u00e9difice date de 1967 et doit donc faire l&rsquo;objet d&rsquo;une r\u00e9novation \u00e9nerg\u00e9tique, mais aussi de quelques am\u00e9nagements bienvenus, comme dans le hall et les vestiaires.<\/p>\n<p>Co\u00fbt du chantier, 4 millions d&rsquo;euros (financ\u00e9s gr\u00e2ce \u00e0 la Contribution vie \u00e9tudiante et de campus), et une livraison attendue pour fin 2025.<\/p>\n<p>Patience\u2026<\/p>\n<p class=\" wall-content\">Con\u00e7ue en mat\u00e9riaux biosourc\u00e9s, \u00e9quip\u00e9e de panneaux photovolta\u00efques et dot\u00e9e du maximum de nouvelles technologies, la nouvelle BU co\u00fbtera au total <strong>45 millions d\u2019euros<\/strong>, co-financ\u00e9s par l\u2019\u00c9tat, la R\u00e9gion et la M\u00e9tropole.<\/p>\n<p>Votre r\u00e9gion, votre actu !<\/p>\n<p>Recevez chaque jour les infos qui comptent pour vous.<\/p>\n<p>\t<a href=\"https:\/\/actu.fr\/newsletter\" class=\"ac-btn ac-btn--corner ac-btn--medium ac-btn--blue800\" target=\"_blank\" rel=\"noopener\">S&rsquo;incrire<\/a><\/p>\n<p class=\" wall-content\">Il faudra toutefois \u00eatre patient avant d\u2019en profiter. \u00ab\u00a0On va d\u00e9poser les permis de construire en 2026\u00a0\u00bb, annonce le pr\u00e9sident de l\u2019Universit\u00e9. Puis, si tout se passe bien, les travaux d\u00e9buteront \u00e0 l\u2019automne 2026 avec une mise en service<strong> esp\u00e9r\u00e9e en novembre 2028<\/strong>.<\/p>\n<p>Suivez l\u2019actualit\u00e9 de Rouen <a href=\"https:\/\/www.whatsapp.com\/channel\/0029VaKfnf99hXF2ddApFB1D\" target=\"_blank\" rel=\"noopener\">sur notre cha\u00eene WhatsApp<\/a> et <a href=\"https:\/\/www.tiktok.com\/@76actu.fr?lang=fr\" target=\"_blank\" rel=\"noopener\">sur notre compte TikTok<\/a><\/p>\n<p class=\" wall-content\">Personnalisez votre actualit\u00e9 en ajoutant vos villes et m\u00e9dias en favori avec <a href=\"https:\/\/moncompte.actu.fr\" title=\"D\u00e9couvez Mon Actu\" rel=\"nofollow noopener\" data-trk=\"{&quot;cta&quot;:{&quot;action&quot;:&quot;https:\\\/\\\/moncompte.actu.fr&quot;,&quot;category&quot;:&quot;mon compte&quot;,&quot;from&quot;:&quot;article footer&quot;,&quot;name&quot;:&quot;Mon actu&quot;,&quot;type&quot;:&quot;cta&quot;}}\" target=\"_blank\">Mon Actu<\/a>.<\/p>\n<p>                    <script async src=\"\/\/www.tiktok.com\/embed.js\"><\/script><\/p>\n","protected":false},"excerpt":{"rendered":"Par Julien Bouteiller Publi\u00e9 le 4 sept. 2025 \u00e0 17h18 \u00ab\u00a0\u00c7a fait 25 ans qu\u2019on en parle\u00a0\u00bb, rappelle&hellip;\n","protected":false},"author":2,"featured_media":366047,"comment_status":"","ping_status":"","sticky":false,"template":"","format":"standard","meta":{"footnotes":""},"categories":[9587],"tags":[1111,11,1777,674,1011,27,12,5161,25,9590,104,2086,18094],"class_list":{"0":"post-366046","1":"post","2":"type-post","3":"status-publish","4":"format-standard","5":"has-post-thumbnail","7":"category-rouen","8":"tag-actu","9":"tag-actualites","10":"tag-eu","11":"tag-europe","12":"tag-fr","13":"tag-france","14":"tag-news","15":"tag-normandie","16":"tag-republique-francaise","17":"tag-rouen","18":"tag-societe","19":"tag-travaux","20":"tag-universite-de-rouen"},"share_on_mastodon":{"url":"https:\/\/pubeurope.com\/@fr\/115146892540928822","error":""},"_links":{"self":[{"href":"https:\/\/www.europesays.com\/fr\/wp-json\/wp\/v2\/posts\/366046","targetHints":{"allow":["GET"]}}],"collection":[{"href":"https:\/\/www.europesays.com\/fr\/wp-json\/wp\/v2\/posts"}],"about":[{"href":"https:\/\/www.europesays.com\/fr\/wp-json\/wp\/v2\/types\/post"}],"author":[{"embeddable":true,"href":"https:\/\/www.europesays.com\/fr\/wp-json\/wp\/v2\/users\/2"}],"replies":[{"embeddable":true,"href":"https:\/\/www.europesays.com\/fr\/wp-json\/wp\/v2\/comments?post=366046"}],"version-history":[{"count":0,"href":"https:\/\/www.europesays.com\/fr\/wp-json\/wp\/v2\/posts\/366046\/revisions"}],"wp:featuredmedia":[{"embeddable":true,"href":"https:\/\/www.europesays.com\/fr\/wp-json\/wp\/v2\/media\/366047"}],"wp:attachment":[{"href":"https:\/\/www.europesays.com\/fr\/wp-json\/wp\/v2\/media?parent=366046"}],"wp:term":[{"taxonomy":"category","embeddable":true,"href":"https:\/\/www.europesays.com\/fr\/wp-json\/wp\/v2\/categories?post=366046"},{"taxonomy":"post_tag","embeddable":true,"href":"https:\/\/www.europesays.com\/fr\/wp-json\/wp\/v2\/tags?post=366046"}],"curies":[{"name":"wp","href":"https:\/\/api.w.org\/{rel}","templated":true}]}}