{"id":366048,"date":"2025-09-04T16:08:10","date_gmt":"2025-09-04T16:08:10","guid":{"rendered":"https:\/\/www.europesays.com\/fr\/366048\/"},"modified":"2025-09-04T16:08:10","modified_gmt":"2025-09-04T16:08:10","slug":"la-berrichonne-de-chateauroux-dans-lenfer-du-stade-robert-diochon-a-rouen","status":"publish","type":"post","link":"https:\/\/www.europesays.com\/fr\/366048\/","title":{"rendered":"La Berrichonne de Ch\u00e2teauroux dans l\u2019enfer du stade Robert-Diochon \u00e0 Rouen"},"content":{"rendered":"<p>D\u00e9j\u00e0 difficile par d\u00e9finition, le d\u00e9placement de la Berrichonne chez les Diables Rouges de Rouen sera piment\u00e9 par un obstacle suppl\u00e9mentaire. Sanctionn\u00e9 de trois matchs \u00e0 huis clos, suite au lancement d\u2019un briquet sur l\u2019arbitre de touche par un spectateur lors du derby face \u00e0 QRM, la saison derni\u00e8re, le FC Rouen 1899 va retrouver ses spectateurs ce samedi. Et autant dire qu\u2019entre la frustration de ne pas avoir pu supporter leur \u00e9quipe depuis des mois et l\u2019excellent d\u00e9but de saison que celle-ci effectue, le public va venir en nombre et sera gonfl\u00e9 \u00e0 bloc pour accueillir Ch\u00e2teauroux comme il se doit.<\/p>\n<p>Arriv\u00e9 \u00e0 Rouen en cours de saison derni\u00e8re <a target=\"_self\" href=\"https:\/\/www.lanouvellerepublique.fr\/chateauroux\/national-avec-regis-brouard-sur-le-banc-rouen-a-fait-le-choix-d-aller-a-l-essentiel-1740041786\" rel=\"noopener\">(en novembre\u00a02024)<\/a>, le coach, R\u00e9gis Brouard (1), qui a roul\u00e9 sa bosse depuis plus de vingt ans qu\u2019il entra\u00eene, se m\u00e9fie de l\u2019euphorie ambiante\u00a0: \u00ab\u00a0Rouen est un club populaire, il y aura au moins 6.000 spectateurs au stade. On sent qu\u2019il y a de l\u2019impatience. On est contents de les retrouver, eux sont heureux de revenir. C\u2019est un autre param\u00e8tre. Ils vont nous pousser mais \u00e7a nous oblige quelque part \u00e0 r\u00e9aliser un bon r\u00e9sultat, \u00e7a peut nous inciter \u00e0 surjouer \u00e0 forcer les choses&#8230;. <\/p>\n<p>    Cet article a \u00e9t\u00e9 tronqu\u00e9. Abonnez-vous pour lire l&rsquo;article complet sur notre site.<\/p>\n<p> Mais c\u2019est un bonheur, l\u2019histoire du foot c\u2019est de jouer devant du monde\u2026\u00a0\u00bb<\/p>\n<p style=\"margin: 0 !important; padding: 0 !important; font-size: 12px !important;\">Cet article a \u00e9t\u00e9 tronqu\u00e9. Abonnez-vous pour lire l&rsquo;article complet.<\/p>\n<p>    <a href=\"https:\/\/www.lanouvellerepublique.fr\/abonnements\" style=\"display: inline-block; margin-top: 5px !important; padding: 6px 12px !important; background: #cb1c27; color: white; text-decoration: none; border-radius: 4px; font-size: 12px !important;\" target=\"_blank\" rel=\"noopener\"><br \/>\n      S&rsquo;abonner<br \/>\n    <\/a><\/p>\n","protected":false},"excerpt":{"rendered":"D\u00e9j\u00e0 difficile par d\u00e9finition, le d\u00e9placement de la Berrichonne chez les Diables Rouges de Rouen sera piment\u00e9 par&hellip;\n","protected":false},"author":2,"featured_media":366049,"comment_status":"","ping_status":"","sticky":false,"template":"","format":"standard","meta":{"footnotes":""},"categories":[9587],"tags":[1392,1111,11,4351,1777,674,63,1011,27,5052,19881,19880,3238,12,5161,25,9590,60],"class_list":{"0":"post-366048","1":"post","2":"type-post","3":"status-publish","4":"format-standard","5":"has-post-thumbnail","7":"category-rouen","8":"tag-a-la-une-local","9":"tag-actu","10":"tag-actualites","11":"tag-chateauroux","12":"tag-eu","13":"tag-europe","14":"tag-football","15":"tag-fr","16":"tag-france","17":"tag-indre","18":"tag-la-berri-foot","19":"tag-la-berrichonne-football","20":"tag-national","21":"tag-news","22":"tag-normandie","23":"tag-republique-francaise","24":"tag-rouen","25":"tag-sports"},"share_on_mastodon":{"url":"https:\/\/pubeurope.com\/@fr\/115146896455025976","error":""},"_links":{"self":[{"href":"https:\/\/www.europesays.com\/fr\/wp-json\/wp\/v2\/posts\/366048","targetHints":{"allow":["GET"]}}],"collection":[{"href":"https:\/\/www.europesays.com\/fr\/wp-json\/wp\/v2\/posts"}],"about":[{"href":"https:\/\/www.europesays.com\/fr\/wp-json\/wp\/v2\/types\/post"}],"author":[{"embeddable":true,"href":"https:\/\/www.europesays.com\/fr\/wp-json\/wp\/v2\/users\/2"}],"replies":[{"embeddable":true,"href":"https:\/\/www.europesays.com\/fr\/wp-json\/wp\/v2\/comments?post=366048"}],"version-history":[{"count":0,"href":"https:\/\/www.europesays.com\/fr\/wp-json\/wp\/v2\/posts\/366048\/revisions"}],"wp:featuredmedia":[{"embeddable":true,"href":"https:\/\/www.europesays.com\/fr\/wp-json\/wp\/v2\/media\/366049"}],"wp:attachment":[{"href":"https:\/\/www.europesays.com\/fr\/wp-json\/wp\/v2\/media?parent=366048"}],"wp:term":[{"taxonomy":"category","embeddable":true,"href":"https:\/\/www.europesays.com\/fr\/wp-json\/wp\/v2\/categories?post=366048"},{"taxonomy":"post_tag","embeddable":true,"href":"https:\/\/www.europesays.com\/fr\/wp-json\/wp\/v2\/tags?post=366048"}],"curies":[{"name":"wp","href":"https:\/\/api.w.org\/{rel}","templated":true}]}}