{"id":366050,"date":"2025-09-04T16:09:31","date_gmt":"2025-09-04T16:09:31","guid":{"rendered":"https:\/\/www.europesays.com\/fr\/366050\/"},"modified":"2025-09-04T16:09:31","modified_gmt":"2025-09-04T16:09:31","slug":"le-maire-de-grenoble-cible-par-la-metropole","status":"publish","type":"post","link":"https:\/\/www.europesays.com\/fr\/366050\/","title":{"rendered":"le maire de Grenoble cibl\u00e9 par la M\u00e9tropole"},"content":{"rendered":"<p>                            <img loading=\"lazy\" width=\"1200\" height=\"800\" class=\"attachment-article size-article wp-post-image lazyload\" alt=\"\" decoding=\"async\" src=\"https:\/\/www.europesays.com\/fr\/wp-content\/uploads\/2025\/09\/AFP__20240909__36FW8Y3__v1__HighRes__FranceCrimeHomicide.jpg\" data-eio-rwidth=\"1200\" data-eio-rheight=\"800\"\/><\/p>\n<p>Le maire de Grenoble Eric Piolle refuse d\u2019armer sa police municipale. (Photo OLIVIER CHASSIGNOLE \/ AFP)<\/p>\n<p class=\"content\" style=\"font-size:1.2em;font-weight:700\">La Ville de Grenoble a refus\u00e9 la reconduction d&rsquo;un accord octroyant des si\u00e8ges aux communes moyennes de l&rsquo;agglom\u00e9ration. En col\u00e8re, la M\u00e9tropole r\u00e9agit. <\/p>\n<p>\u00ab\u00a0C\u2019est un coup de canif pour la d\u00e9mocratie locale\u00a0\u00bb. Le pr\u00e9sident de Grenoble Alpes M\u00e9tropole (Is\u00e8re), Christophe Ferrari (Place publique), n&rsquo;a pas m\u00e2ch\u00e9 ses mots \u00e0 l&rsquo;\u00e9gard d&rsquo;Eric Piolle, maire \u00e9cologiste de Grenoble. <\/p>\n<p>Dans un communiqu\u00e9 ce mercredi 3 septembre, le pr\u00e9sident reproche \u00e0 l&rsquo;\u00e9dile sa d\u00e9cision, prise en 18 octobre dernier, de rompre l&rsquo;accord total de repr\u00e9sentativit\u00e9 au sein du conseil m\u00e9tropolitain. Eric Piolle avait jusqu&rsquo;au 31 ao\u00fbt 2025 pour la reconsid\u00e9rer. \u00c7a n&rsquo;a pas \u00e9t\u00e9 le cas. <\/p>\n<p>Neuf communes concern\u00e9es  <\/p>\n<p>Par cons\u00e9quent, les communes de Claix, Dom\u00e8ne, Gi\u00e8res, La Tronche, Saint-Martin-le-Vinoux, Seyssins, Varces-Alli\u00e8res-et-Risset, Vif et Vizille n&rsquo;auront plus qu&rsquo;un seul si\u00e8ge au conseil m\u00e9tropolitain, contre deux jusqu&rsquo;alors. L&rsquo;accord total le permettait. La ville-centre, Grenoble donc, \u00e9tait la seule \u00e0 pouvoir exercer son droit de veto pour y mettre fin.<\/p>\n<p>\u00ab\u00a0Dans l\u2019attente d\u2019un suffrage universel direct des \u00e9lus m\u00e9tropolitains, que j\u2019appelle de mes v\u0153ux, l\u2019accord local incarnait cette ambition, en permettant une repr\u00e9sentation plus \u00e9quilibr\u00e9e au Conseil m\u00e9tropolitain\u00a0\u00bb, poursuit Christophe Ferrari. Un choix qui, selon lui, conduit \u00ab\u00a044% de leur population, c\u2019est-\u00e0-dire 29 000 habitants, \u00e0 \u00eatre mal repr\u00e9sent\u00e9s\u00a0\u00bb. La d\u00e9cision s&rsquo;appliquera \u00e0 compter de 2026 pour le prochain mandat. <\/p>\n<p><strong>Lire aussi :<\/strong> <a href=\"https:\/\/www.lyoncapitale.fr\/actualite\/isere-la-metropole-de-grenoble-recompensee-de-deux-labels-pour-sa-politique-ecologique\" target=\"_blank\" rel=\"noreferrer noopener nofollow\">Is\u00e8re : la M\u00e9tropole de Grenoble r\u00e9compens\u00e9e de deux labels pour sa politique \u00e9cologique<\/a><\/p>\n","protected":false},"excerpt":{"rendered":"Le maire de Grenoble Eric Piolle refuse d\u2019armer sa police municipale. (Photo OLIVIER CHASSIGNOLE \/ AFP) La Ville&hellip;\n","protected":false},"author":2,"featured_media":366051,"comment_status":"","ping_status":"","sticky":false,"template":"","format":"standard","meta":{"footnotes":""},"categories":[9566],"tags":[1111,11,2430,1777,674,1011,27,2731,12,25],"class_list":{"0":"post-366050","1":"post","2":"type-post","3":"status-publish","4":"format-standard","5":"has-post-thumbnail","7":"category-grenoble","8":"tag-actu","9":"tag-actualites","10":"tag-auvergne-rhone-alpes","11":"tag-eu","12":"tag-europe","13":"tag-fr","14":"tag-france","15":"tag-grenoble","16":"tag-news","17":"tag-republique-francaise"},"share_on_mastodon":{"url":"https:\/\/pubeurope.com\/@fr\/115146900705596783","error":""},"_links":{"self":[{"href":"https:\/\/www.europesays.com\/fr\/wp-json\/wp\/v2\/posts\/366050","targetHints":{"allow":["GET"]}}],"collection":[{"href":"https:\/\/www.europesays.com\/fr\/wp-json\/wp\/v2\/posts"}],"about":[{"href":"https:\/\/www.europesays.com\/fr\/wp-json\/wp\/v2\/types\/post"}],"author":[{"embeddable":true,"href":"https:\/\/www.europesays.com\/fr\/wp-json\/wp\/v2\/users\/2"}],"replies":[{"embeddable":true,"href":"https:\/\/www.europesays.com\/fr\/wp-json\/wp\/v2\/comments?post=366050"}],"version-history":[{"count":0,"href":"https:\/\/www.europesays.com\/fr\/wp-json\/wp\/v2\/posts\/366050\/revisions"}],"wp:featuredmedia":[{"embeddable":true,"href":"https:\/\/www.europesays.com\/fr\/wp-json\/wp\/v2\/media\/366051"}],"wp:attachment":[{"href":"https:\/\/www.europesays.com\/fr\/wp-json\/wp\/v2\/media?parent=366050"}],"wp:term":[{"taxonomy":"category","embeddable":true,"href":"https:\/\/www.europesays.com\/fr\/wp-json\/wp\/v2\/categories?post=366050"},{"taxonomy":"post_tag","embeddable":true,"href":"https:\/\/www.europesays.com\/fr\/wp-json\/wp\/v2\/tags?post=366050"}],"curies":[{"name":"wp","href":"https:\/\/api.w.org\/{rel}","templated":true}]}}