{"id":366052,"date":"2025-09-04T16:10:12","date_gmt":"2025-09-04T16:10:12","guid":{"rendered":"https:\/\/www.europesays.com\/fr\/366052\/"},"modified":"2025-09-04T16:10:12","modified_gmt":"2025-09-04T16:10:12","slug":"plusieurs-elements-ne-collent-pas-les-deux-personnes-interpellees-apres-lagression-dun-boulanger-a-grenoble-mises-hors-de-cause","status":"publish","type":"post","link":"https:\/\/www.europesays.com\/fr\/366052\/","title":{"rendered":"\u00ab\u00a0Plusieurs \u00e9l\u00e9ments ne collent pas\u00a0\u00bb, les deux personnes interpell\u00e9es apr\u00e8s l&rsquo;agression d&rsquo;un boulanger \u00e0 Grenoble mises hors de cause"},"content":{"rendered":"<p class=\"article__intro\">Les deux hommes interpell\u00e9s ce mercredi en fin de journ\u00e9e apr\u00e8s l\u2019agression au couteau d\u2019un boulanger \u00e0 Grenoble ont \u00e9t\u00e9 mis hors de cause. Leur garde \u00e0 vue a \u00e9t\u00e9 lev\u00e9e, indique le procureur de la R\u00e9publique de Grenoble, Etienne Manteaux.<\/p>\n<p>\n      L\u2019actu des r\u00e9gions\n    <\/p>\n<p>\n      Chaque jour, un tour d\u2019horizon des principales infos de toutes les r\u00e9gions.\n    <\/p>\n<p>    France T\u00e9l\u00e9visions utilise votre adresse e-mail afin de vous envoyer la newsletter \u00ab\u00a0L\u2019actu des r\u00e9gions\u00a0\u00bb. Vous pouvez vous d\u00e9sinscrire \u00e0 tout moment via le lien en bas de cette newsletter. <a target=\"_blank\" href=\"https:\/\/www.francetelevisions.fr\/groupe\/confidentialite\/politique-de-confidentialite\/politique-de-confidentialite-de-france-televisions-6503\" rel=\"nofollow noopener\">Notre politique de confidentialit\u00e9<\/a><\/p>\n<p>\u00ab\u00a0Les investigations men\u00e9es d\u00e9montrent que ces deux hommes ne peuvent pas \u00eatre les auteurs de l&rsquo;agression du jeune boulanger lundi, car plusieurs \u00e9l\u00e9ments ne collent pas\u00a0\u00bb, indique Etienne Manteaux, procureur de la R\u00e9publique de Grenoble. \u00ab\u00a0Leur garde \u00e0 vue a \u00e9t\u00e9 lev\u00e9e\u00a0\u00bb, pr\u00e9cise-t-il.<\/p>\n<p><a href=\"https:\/\/france3-regions.franceinfo.fr\/auvergne-rhone-alpes\/isere\/grenoble\/deux-hommes-ont-ete-interpelles-apres-l-agression-d-un-boulanger-a-grenoble-3211262.html\" target=\"_blank\" rel=\"noopener nofollow\" data-tooltip-url=\"https:\/\/france3-regions.franceinfo.fr\/auvergne-rhone-alpes\/isere\/grenoble\/deux-hommes-ont-ete-interpelles-apres-l-agression-d-un-boulanger-a-grenoble-3211262.html\">Les deux individus, deux ressortissants roumains, avaient \u00e9t\u00e9 interpell\u00e9s mercredi en fin de journ\u00e9e. <\/a>Le jeune boulanger \u00ab\u00a0a cru reconna\u00eetre\u00a0\u00bb deux de ses trois agresseurs dans une pharmacie, apr\u00e8s sa sortie de l&rsquo;h\u00f4pital.<\/p>\n<blockquote class=\"ftvi_content_quote\">\n<p class=\"ftvi_citation_quote\">L&rsquo;un des deux, formellement d\u00e9sign\u00e9, n&rsquo;est arriv\u00e9 que mardi sur le territoire fran\u00e7ais, au lendemain de la violente agression, et aucun ne parle la langue utilis\u00e9e par les agresseurs.<\/p>\n<p>Etienne Manteaux, procureur de la R\u00e9publique de Grenoble<\/p><\/blockquote>\n<p>L&rsquo;agression s&rsquo;est d\u00e9roul\u00e9 dans la nuit de dimanche \u00e0 lundi 1er septembre devant la boulangerie de La Maison Lenoir, rue Amp\u00e8re \u00e0 Grenoble.\u00a0<\/p>\n<p>Le boulanger \u00e2g\u00e9 de 24 ans avait refus\u00e9 de donner du pain \u00e0 trois personnes venues lui en r\u00e9clamer \u00e0 l&rsquo;arri\u00e8re de la boutique qui n&rsquo;\u00e9tait pas encore ouverte. Les trois individus avaient malgr\u00e9 tout d\u00e9rob\u00e9 du pain, avant de prendre la fuite. \u00ab\u00a0Pour tenter de les dissuader de voler, le boulanger s&rsquo;est lanc\u00e9 \u00e0 leur poursuite avec sa pelle \u00e0 pain\u00a0\u00bb, avait indiqu\u00e9 lundi le parquet de Grenoble.<\/p>\n<p>Le jeune homme avait alors \u00e9t\u00e9 \u00ab\u00a0ceintur\u00e9\u00a0\u00bb et \u00ab\u00a0frapp\u00e9\u00a0\u00bb avec une arme blanche par ses assaillants. Bless\u00e9 au thorax et au ventre, le boulanger avait \u00e9t\u00e9 pris en charge et hospitalis\u00e9 avec son pronostic vital un temps engag\u00e9. Il est depuis sorti de l&rsquo;h\u00f4pital et \u00ab\u00a0va mieux\u00a0\u00bb m\u00eame s&rsquo;il a subi des \u00ab\u00a0blessures s\u00e9rieuses\u00a0\u00bb, indique la m\u00eame source.\u00a0<\/p>\n<p>La victime avait dans de premi\u00e8res \u00ab\u00a0d\u00e9clarations tr\u00e8s limit\u00e9es indiqu\u00e9 \u00eatre incapable de reconna\u00eetre ses agresseurs\u00a0\u00bb, selon Etienne Manteaux.<\/p>\n<p>L&rsquo;enqu\u00eate se poursuit et les auteurs des coups de couteau sont toujours recherch\u00e9s.<\/p>\n","protected":false},"excerpt":{"rendered":"Les deux hommes interpell\u00e9s ce mercredi en fin de journ\u00e9e apr\u00e8s l\u2019agression au couteau d\u2019un boulanger \u00e0 Grenoble&hellip;\n","protected":false},"author":2,"featured_media":366053,"comment_status":"","ping_status":"","sticky":false,"template":"","format":"standard","meta":{"footnotes":""},"categories":[9566],"tags":[1111,11,2430,1777,674,1011,27,2731,12,25],"class_list":{"0":"post-366052","1":"post","2":"type-post","3":"status-publish","4":"format-standard","5":"has-post-thumbnail","7":"category-grenoble","8":"tag-actu","9":"tag-actualites","10":"tag-auvergne-rhone-alpes","11":"tag-eu","12":"tag-europe","13":"tag-fr","14":"tag-france","15":"tag-grenoble","16":"tag-news","17":"tag-republique-francaise"},"share_on_mastodon":{"url":"https:\/\/pubeurope.com\/@fr\/115146904270053643","error":""},"_links":{"self":[{"href":"https:\/\/www.europesays.com\/fr\/wp-json\/wp\/v2\/posts\/366052","targetHints":{"allow":["GET"]}}],"collection":[{"href":"https:\/\/www.europesays.com\/fr\/wp-json\/wp\/v2\/posts"}],"about":[{"href":"https:\/\/www.europesays.com\/fr\/wp-json\/wp\/v2\/types\/post"}],"author":[{"embeddable":true,"href":"https:\/\/www.europesays.com\/fr\/wp-json\/wp\/v2\/users\/2"}],"replies":[{"embeddable":true,"href":"https:\/\/www.europesays.com\/fr\/wp-json\/wp\/v2\/comments?post=366052"}],"version-history":[{"count":0,"href":"https:\/\/www.europesays.com\/fr\/wp-json\/wp\/v2\/posts\/366052\/revisions"}],"wp:featuredmedia":[{"embeddable":true,"href":"https:\/\/www.europesays.com\/fr\/wp-json\/wp\/v2\/media\/366053"}],"wp:attachment":[{"href":"https:\/\/www.europesays.com\/fr\/wp-json\/wp\/v2\/media?parent=366052"}],"wp:term":[{"taxonomy":"category","embeddable":true,"href":"https:\/\/www.europesays.com\/fr\/wp-json\/wp\/v2\/categories?post=366052"},{"taxonomy":"post_tag","embeddable":true,"href":"https:\/\/www.europesays.com\/fr\/wp-json\/wp\/v2\/tags?post=366052"}],"curies":[{"name":"wp","href":"https:\/\/api.w.org\/{rel}","templated":true}]}}