{"id":366054,"date":"2025-09-04T16:11:10","date_gmt":"2025-09-04T16:11:10","guid":{"rendered":"https:\/\/www.europesays.com\/fr\/366054\/"},"modified":"2025-09-04T16:11:10","modified_gmt":"2025-09-04T16:11:10","slug":"un-squatteur-agresse-plusieurs-residents-un-blesse-au-couteau","status":"publish","type":"post","link":"https:\/\/www.europesays.com\/fr\/366054\/","title":{"rendered":"un squatteur agresse plusieurs r\u00e9sidents : un bless\u00e9 au couteau"},"content":{"rendered":"<p class=\"p3\" style=\"text-align: justify;\">Ce jeudi 4 septembre, vers 16 h, une violente altercation a \u00e9clat\u00e9 au 2 rue Pierre Martin, \u00e0 Rennes. Un squatteur s\u2019en est pris \u00e0 plusieurs r\u00e9sidents d\u2019un immeuble. Selon les premiers t\u00e9moignages, l\u2019homme aurait d\u2019abord eu un \u00e9change tendu avec plusieurs habitants, avant de devenir violent. Il a frapp\u00e9 plusieurs personnes \u00e0 coups de poing, puis a sorti un couteau et bless\u00e9 l\u2019un des riverains. Les plaies sont heureusement superficielles pour les victimes. L\u2019agresseur a pris la fuite imm\u00e9diatement apr\u00e8s les faits. Une enqu\u00eate a \u00e9t\u00e9 ouverte pour identifier et retrouver l\u2019auteur de l\u2019agression.<\/p>\n","protected":false},"excerpt":{"rendered":"Ce jeudi 4 septembre, vers 16 h, une violente altercation a \u00e9clat\u00e9 au 2 rue Pierre Martin, \u00e0&hellip;\n","protected":false},"author":2,"featured_media":97878,"comment_status":"","ping_status":"","sticky":false,"template":"","format":"standard","meta":{"footnotes":""},"categories":[2821],"tags":[1111,11,829,1777,674,1011,27,12,584,25],"class_list":{"0":"post-366054","1":"post","2":"type-post","3":"status-publish","4":"format-standard","5":"has-post-thumbnail","7":"category-rennes","8":"tag-actu","9":"tag-actualites","10":"tag-bretagne","11":"tag-eu","12":"tag-europe","13":"tag-fr","14":"tag-france","15":"tag-news","16":"tag-rennes","17":"tag-republique-francaise"},"share_on_mastodon":{"url":"https:\/\/pubeurope.com\/@fr\/115146908235549055","error":""},"_links":{"self":[{"href":"https:\/\/www.europesays.com\/fr\/wp-json\/wp\/v2\/posts\/366054","targetHints":{"allow":["GET"]}}],"collection":[{"href":"https:\/\/www.europesays.com\/fr\/wp-json\/wp\/v2\/posts"}],"about":[{"href":"https:\/\/www.europesays.com\/fr\/wp-json\/wp\/v2\/types\/post"}],"author":[{"embeddable":true,"href":"https:\/\/www.europesays.com\/fr\/wp-json\/wp\/v2\/users\/2"}],"replies":[{"embeddable":true,"href":"https:\/\/www.europesays.com\/fr\/wp-json\/wp\/v2\/comments?post=366054"}],"version-history":[{"count":0,"href":"https:\/\/www.europesays.com\/fr\/wp-json\/wp\/v2\/posts\/366054\/revisions"}],"wp:featuredmedia":[{"embeddable":true,"href":"https:\/\/www.europesays.com\/fr\/wp-json\/wp\/v2\/media\/97878"}],"wp:attachment":[{"href":"https:\/\/www.europesays.com\/fr\/wp-json\/wp\/v2\/media?parent=366054"}],"wp:term":[{"taxonomy":"category","embeddable":true,"href":"https:\/\/www.europesays.com\/fr\/wp-json\/wp\/v2\/categories?post=366054"},{"taxonomy":"post_tag","embeddable":true,"href":"https:\/\/www.europesays.com\/fr\/wp-json\/wp\/v2\/tags?post=366054"}],"curies":[{"name":"wp","href":"https:\/\/api.w.org\/{rel}","templated":true}]}}