{"id":366055,"date":"2025-09-04T16:12:12","date_gmt":"2025-09-04T16:12:12","guid":{"rendered":"https:\/\/www.europesays.com\/fr\/366055\/"},"modified":"2025-09-04T16:12:12","modified_gmt":"2025-09-04T16:12:12","slug":"pres-de-rennes-un-gros-bouchon-sur-la84-suite-a-un-accident","status":"publish","type":"post","link":"https:\/\/www.europesays.com\/fr\/366055\/","title":{"rendered":"Pr\u00e8s de Rennes, un gros bouchon sur l&rsquo;A84 suite \u00e0 un accident"},"content":{"rendered":"<p>            Par<br \/>\n        <strong><br \/>\n            <a href=\"https:\/\/actu.fr\/auteur\/journaliste-lachronique\" title=\"Consulter tous les articles de R\u00e9daction Foug\u00e8res\" target=\"_blank\" rel=\"noopener\">R\u00e9daction Foug\u00e8res<\/a><br \/>\n        <\/strong><\/p>\n<p>        Publi\u00e9 le<\/p>\n<p>            4 sept. 2025 \u00e0 18h09        <\/p>\n<p>Un accident de la circulation s\u2019est produit, <b>jeudi 4 septembre<\/b> en fin d\u2019apr\u00e8s-midi sur l\u2019<b>A84<\/b> au nord-est de <b>Rennes<\/b> <b>(Ille-et-Vilaine)<\/b>, dans le sens <b>Rennes \u2013 Caen<\/b>.<\/p>\n<p class=\" wall-content\">D\u2019apr\u00e8s <a href=\"https:\/\/www.bison-fute.gouv.fr\/maintenant.html\" target=\"_blank\" rel=\"noopener\">Bison Fut\u00e9<\/a>, trois v\u00e9hicules sont impliqu\u00e9s dans cet accident qui s\u2019est produit au niveau du PR 103 \u00e0 <a href=\"https:\/\/actu.fr\/bretagne\/liffre_35152\" target=\"_blank\" rel=\"noopener\">Liffr\u00e9<\/a>.<\/p>\n<p class=\" wall-content\">Un bouchon s\u2019est form\u00e9 sur 5km sur l\u2019<b>A84<\/b>, de <b>Rennes<\/b> vers <b>Caen <\/b>(sens sud-nord) entre les PR 98 et 103 de <b>Thorign\u00e9-Fouillard <\/b>\u00e0 <b>Liffr\u00e9<\/b>, rapporte Bison Fut\u00e9.<\/p>\n<p class=\" wall-content\">Personnalisez votre actualit\u00e9 en ajoutant vos villes et m\u00e9dias en favori avec <a href=\"https:\/\/moncompte.actu.fr\" title=\"D\u00e9couvez Mon Actu\" rel=\"nofollow noopener\" data-trk=\"{&quot;cta&quot;:{&quot;action&quot;:&quot;https:\\\/\\\/moncompte.actu.fr&quot;,&quot;category&quot;:&quot;mon compte&quot;,&quot;from&quot;:&quot;article footer&quot;,&quot;name&quot;:&quot;Mon actu&quot;,&quot;type&quot;:&quot;cta&quot;}}\" target=\"_blank\">Mon Actu<\/a>.<\/p>\n","protected":false},"excerpt":{"rendered":"Par R\u00e9daction Foug\u00e8res Publi\u00e9 le 4 sept. 2025 \u00e0 18h09 Un accident de la circulation s\u2019est produit, jeudi&hellip;\n","protected":false},"author":2,"featured_media":366056,"comment_status":"","ping_status":"","sticky":false,"template":"","format":"standard","meta":{"footnotes":""},"categories":[2821],"tags":[119,1111,11,28416,829,3542,1777,674,118,1011,27,12,584,25],"class_list":{"0":"post-366055","1":"post","2":"type-post","3":"status-publish","4":"format-standard","5":"has-post-thumbnail","7":"category-rennes","8":"tag-accident","9":"tag-actu","10":"tag-actualites","11":"tag-autoroute-84-a84","12":"tag-bretagne","13":"tag-circulation","14":"tag-eu","15":"tag-europe","16":"tag-faits-divers","17":"tag-fr","18":"tag-france","19":"tag-news","20":"tag-rennes","21":"tag-republique-francaise"},"share_on_mastodon":{"url":"https:\/\/pubeurope.com\/@fr\/115146912258513061","error":""},"_links":{"self":[{"href":"https:\/\/www.europesays.com\/fr\/wp-json\/wp\/v2\/posts\/366055","targetHints":{"allow":["GET"]}}],"collection":[{"href":"https:\/\/www.europesays.com\/fr\/wp-json\/wp\/v2\/posts"}],"about":[{"href":"https:\/\/www.europesays.com\/fr\/wp-json\/wp\/v2\/types\/post"}],"author":[{"embeddable":true,"href":"https:\/\/www.europesays.com\/fr\/wp-json\/wp\/v2\/users\/2"}],"replies":[{"embeddable":true,"href":"https:\/\/www.europesays.com\/fr\/wp-json\/wp\/v2\/comments?post=366055"}],"version-history":[{"count":0,"href":"https:\/\/www.europesays.com\/fr\/wp-json\/wp\/v2\/posts\/366055\/revisions"}],"wp:featuredmedia":[{"embeddable":true,"href":"https:\/\/www.europesays.com\/fr\/wp-json\/wp\/v2\/media\/366056"}],"wp:attachment":[{"href":"https:\/\/www.europesays.com\/fr\/wp-json\/wp\/v2\/media?parent=366055"}],"wp:term":[{"taxonomy":"category","embeddable":true,"href":"https:\/\/www.europesays.com\/fr\/wp-json\/wp\/v2\/categories?post=366055"},{"taxonomy":"post_tag","embeddable":true,"href":"https:\/\/www.europesays.com\/fr\/wp-json\/wp\/v2\/tags?post=366055"}],"curies":[{"name":"wp","href":"https:\/\/api.w.org\/{rel}","templated":true}]}}