{"id":366057,"date":"2025-09-04T16:13:34","date_gmt":"2025-09-04T16:13:34","guid":{"rendered":"https:\/\/www.europesays.com\/fr\/366057\/"},"modified":"2025-09-04T16:13:34","modified_gmt":"2025-09-04T16:13:34","slug":"un-dimanche-en-stetson-pour-admirer-les-belles-americaines","status":"publish","type":"post","link":"https:\/\/www.europesays.com\/fr\/366057\/","title":{"rendered":"un dimanche en Stetson pour admirer les belles am\u00e9ricaines"},"content":{"rendered":"<p>La <a href=\"https:\/\/www.dna.fr\/culture-loisirs\/2023\/08\/30\/la-journee-americaine-vintage-remporte-un-franc-succes\" target=\"_blank\" rel=\"noopener\">journ\u00e9e USA des ann\u00e9es 1950 \u00e0 1970<\/a> sera de retour pour une troisi\u00e8me \u00e9dition ce dimanche \u00e0 Reichstett. L\u2019American vintage day a connu un grand succ\u00e8s <a href=\"https:\/\/www.dna.fr\/culture-loisirs\/2024\/08\/30\/american-vintage-day-2e-edition-ce-dimanche\" target=\"_blank\" rel=\"noopener\">l\u2019an dernier<\/a> et les organisateurs, la Ville de Reichstett et un groupe de passionn\u00e9s, proposent une nouvelle immersion dans cette \u00e9poque, avec la pr\u00e9sentation\u00a0d\u2019une centaine de belles voitures am\u00e9ricaines.<\/p>\n<p>Des animations seront organis\u00e9es\u00a0tout au long de la journ\u00e9e pour divertir petits et grands et recr\u00e9er l\u2019ambiance des drive-in et des foires d\u2019antan\u00a0: d\u00e9fil\u00e9s de pin-up, \u00e9lection de Miss American Vintage Day, parade des Cheerleaders de Vendenheim, d\u00e9monstration de football am\u00e9ricain. Le groupe Zombie Jamboree mettra l\u2019ambiance et fera vibrer le stade au son des grands classiques du rock et des stands vintage\u00a0permettront aux passionn\u00e9s de d\u00e9nicher des goodies et des objets collectors, comme des robes qui tournent ou des petites voitures de collection am\u00e9ricaines.<\/p>\n<p>Ce contenu est bloqu\u00e9 car vous n&rsquo;avez pas accept\u00e9 les cookies et autres traceurs.<\/p>\n<p>En cliquant sur \u00ab J\u2019accepte \u00bb, les cookies et autres traceurs seront d\u00e9pos\u00e9s et vous pourrez visualiser les contenus  (<a href=\"\" class=\"consentModule_policy\" target=\"_blank\" title=\"Consulter la politique de protection des donn\u00e9es du fournisseur\">plus d&rsquo;informations<\/a>).<\/p>\n<p>En cliquant sur \u00ab J\u2019accepte tous les cookies \u00bb, vous autorisez des d\u00e9p\u00f4ts de cookies et autres traceurs pour le stockage de vos donn\u00e9es sur nos sites et applications \u00e0 des fins de personnalisation et de ciblage publicitaire.<\/p>\n<p class=\"consentModule_secondaryText\">Vous gardez la possibilit\u00e9 de retirer votre consentement \u00e0 tout moment en consultant notre <a href=\"https:\/\/www.dna.fr\/protection-des-donnees\" target=\"_blank\" title=\"Consulter notre politique de protection des donn\u00e9es\" rel=\"noopener\">politique de protection des donn\u00e9es<\/a>. <br \/>&#13;<br \/>\n            <a href=\"https:\/\/www.dna.fr\/culture-loisirs\/2025\/09\/04\/javascript:Didomi.notice.show()\" class=\"consentModule_cmp\" target=\"_blank\" rel=\"noopener\">G\u00e9rer mes choix<\/a>&#13;\n        <\/p>\n<p>&#13;<br \/>\n                        J&rsquo;accepte&#13;<br \/>\n            J&rsquo;accepte tous les cookies&#13;\n        <\/p>\n<p>  Sortez le pop-corn<\/p>\n<p>En collaboration avec les associations locales\u00a0qui\u00a0partagent\u00a0le m\u00eame\u00a0enthousiasme, Christophe Kuntzmann explique\u00a0: \u00ab Passionn\u00e9s par les rutilantes voitures am\u00e9ricaines et l\u2019ambiance de cette \u00e9poque, nous souhaitons que chacun puisse\u00a0les\u00a0d\u00e9couvrir.\u00a0Nous\u00a0offrirons aux visiteurs\u00a0le plus d\u00e9paysant des dimanches\u00a0: sortez vos Stetson et vos robes \u00e0 pois, vos santiags et vos perfectos, et venez admirer les prouesses des cheerleaders, un paquet de pop-corn \u00e0 la main\u00a0\u00bb.<\/p>\n<p class=\"note\">Dimanche 7\u00a0septembre, de 10\u00a0h \u00e0 18\u00a0h. Entr\u00e9e gratuite. Au stade de football rue de Picardie \u00e0 Reichstett. Le club local de football assurera un espace food\u00a0pour une pause gourmande dans le plus pur style am\u00e9ricain. Renseignements\u00a0: Christophe Kuntzmann\u00a0: ckuntzmann@gmail.com.<\/p>\n","protected":false},"excerpt":{"rendered":"La journ\u00e9e USA des ann\u00e9es 1950 \u00e0 1970 sera de retour pour une troisi\u00e8me \u00e9dition ce dimanche \u00e0&hellip;\n","protected":false},"author":2,"featured_media":366058,"comment_status":"","ping_status":"","sticky":false,"template":"","format":"standard","meta":{"footnotes":""},"categories":[2820],"tags":[1111,11,2389,2649,1687,2880,1777,674,2271,3326,107,1011,27,775,1757,12,7092,25,640,3265],"class_list":{"0":"post-366057","1":"post","2":"type-post","3":"status-publish","4":"format-standard","5":"has-post-thumbnail","7":"category-strasbourg","8":"tag-actu","9":"tag-actualites","10":"tag-alsace","11":"tag-bas-rhin","12":"tag-culture-loisirs","13":"tag-edition-strasbourg","14":"tag-eu","15":"tag-europe","16":"tag-exposition-arts-plastiques","17":"tag-fete-locale","18":"tag-fil-info","19":"tag-fr","20":"tag-france","21":"tag-grand-est","22":"tag-insolite","23":"tag-news","24":"tag-reichstett","25":"tag-republique-francaise","26":"tag-strasbourg","27":"tag-strasbourg-nord"},"share_on_mastodon":{"url":"https:\/\/pubeurope.com\/@fr\/115146916243813914","error":""},"_links":{"self":[{"href":"https:\/\/www.europesays.com\/fr\/wp-json\/wp\/v2\/posts\/366057","targetHints":{"allow":["GET"]}}],"collection":[{"href":"https:\/\/www.europesays.com\/fr\/wp-json\/wp\/v2\/posts"}],"about":[{"href":"https:\/\/www.europesays.com\/fr\/wp-json\/wp\/v2\/types\/post"}],"author":[{"embeddable":true,"href":"https:\/\/www.europesays.com\/fr\/wp-json\/wp\/v2\/users\/2"}],"replies":[{"embeddable":true,"href":"https:\/\/www.europesays.com\/fr\/wp-json\/wp\/v2\/comments?post=366057"}],"version-history":[{"count":0,"href":"https:\/\/www.europesays.com\/fr\/wp-json\/wp\/v2\/posts\/366057\/revisions"}],"wp:featuredmedia":[{"embeddable":true,"href":"https:\/\/www.europesays.com\/fr\/wp-json\/wp\/v2\/media\/366058"}],"wp:attachment":[{"href":"https:\/\/www.europesays.com\/fr\/wp-json\/wp\/v2\/media?parent=366057"}],"wp:term":[{"taxonomy":"category","embeddable":true,"href":"https:\/\/www.europesays.com\/fr\/wp-json\/wp\/v2\/categories?post=366057"},{"taxonomy":"post_tag","embeddable":true,"href":"https:\/\/www.europesays.com\/fr\/wp-json\/wp\/v2\/tags?post=366057"}],"curies":[{"name":"wp","href":"https:\/\/api.w.org\/{rel}","templated":true}]}}