{"id":366061,"date":"2025-09-04T16:15:11","date_gmt":"2025-09-04T16:15:11","guid":{"rendered":"https:\/\/www.europesays.com\/fr\/366061\/"},"modified":"2025-09-04T16:15:11","modified_gmt":"2025-09-04T16:15:11","slug":"nice-celebre-lenracinement-agricole-et-la-fierte-des-savoir-faire-locaux-avec-la-san-bertoumieu-ce-week-end","status":"publish","type":"post","link":"https:\/\/www.europesays.com\/fr\/366061\/","title":{"rendered":"Nice c\u00e9l\u00e8bre l\u2019enracinement agricole et la fiert\u00e9 des savoir-faire locaux avec la San Bertoumi\u00e9u ce week-end"},"content":{"rendered":"<p><strong>La Ville de Nice continue de d\u00e9fendre un h\u00e9ritage profon\u00add\u00e9ment ancr\u00e9 dans son histoire\u00a0: celui des foires et des f\u00eates agricoles qui rassem\u00adblaient jadis produc\u00adteurs, artisans du moyen et du haut pays. Cette tradition, loin d\u2019\u00eatre rel\u00e9gu\u00e9e au pass\u00e9, trouve aujourd\u2019hui une nouvelle vitalit\u00e9 avec la F\u00eate de l\u2019Agriculture urbaine, organis\u00e9e dans le cadre convivial de la San Bertoumi\u00e9u.<\/strong><\/p>\n<p><strong>En bref &#8211; <\/strong>Ce samedi 6\u00a0septembre 2025, la Promenade du Paillon sera le th\u00e9\u00e2tre d\u2019un grand rendez-\u200bvous populaire, symbole d\u2019un lien retrouv\u00e9 entre ville et terroir. Dans une \u00e9poque marqu\u00e9e par la perte des rep\u00e8res, Nice choisit au contraire de mettre en avant ce qui fonde son identit\u00e9\u00a0: la richesse des produc\u00adtions locales et l\u2019attractivit\u00e9 de m\u00e9tiers agricoles souvent m\u00e9connus mais essen\u00adtiels \u00e0\u00a0l\u2019\u00e9quilibre du territoire.<\/p>\n<p>Stands gourmands<\/p>\n<p>Tout au long de la journ\u00e9e, plusieurs temps forts viendront nourrir la r\u00e9flexion et le partage. Une table ronde \u00e0\u00a011 heures ouvrira la manifes\u00adtation en invitant \u00e0\u00a0poser \u00ab\u00a0un nouveau regard pour une agriculture engag\u00e9e\u00a0\u00bb. Suivra \u00e0\u00a013 heures une conf\u00e9\u00adrence consacr\u00e9e \u00e0 \u00ab\u00a0la Ferme urbaine d\u2019insertion de Quimper\u00a0\u00bb, puis \u00e0\u00a015 heures une discussion sur l\u2019importance de sensi\u00adbi\u00adliser et d\u2019\u00e9duquer aux m\u00e9tiers du secteur.<\/p>\n<p>\u00c0 16h30, une table ronde replacera l\u2019irrigation gravi\u00adtaire au c\u0153ur du d\u00e9bat, rappelant combien l\u2019eau demeure un patri\u00admoine et une ressource vitale. Enfin, la cl\u00f4ture \u00e0\u00a017h30 rendra hommage aux profes\u00adsionnels et amateurs des m\u00e9tiers d\u2019antan, avec la remise de la Coupe de France et de la Coupe du Monde du Potager.<\/p>\n<p>En parall\u00e8le, le public pourra d\u00e9couvrir une foire agricole riche en rencontres et en saveurs\u00a0: stands d\u2019agriculture urbaine et tradi\u00adtion\u00adnelle, associa\u00adtions de jardins potagers, produc\u00adteurs locaux, ainsi que des d\u00e9gus\u00adta\u00adtions propos\u00e9es par des food trucks.<\/p>\n<p>Cette f\u00eate populaire n\u2019est pas seulement une c\u00e9l\u00e9bration convi\u00adviale\u00a0: elle est aussi un acte de fid\u00e9lit\u00e9 \u00e0\u00a0la terre, aux racines et au travail patient des hommes et des femmes qui font vivre l\u2019agriculture. <\/p>\n","protected":false},"excerpt":{"rendered":"La Ville de Nice continue de d\u00e9fendre un h\u00e9ritage profon\u00add\u00e9ment ancr\u00e9 dans son histoire\u00a0: celui des foires et&hellip;\n","protected":false},"author":2,"featured_media":366062,"comment_status":"","ping_status":"","sticky":false,"template":"","format":"standard","meta":{"footnotes":""},"categories":[2819],"tags":[1111,11,1777,674,1011,27,12,2401,882,25],"class_list":{"0":"post-366061","1":"post","2":"type-post","3":"status-publish","4":"format-standard","5":"has-post-thumbnail","7":"category-nice","8":"tag-actu","9":"tag-actualites","10":"tag-eu","11":"tag-europe","12":"tag-fr","13":"tag-france","14":"tag-news","15":"tag-nice","16":"tag-provence-alpes-cote-dazur","17":"tag-republique-francaise"},"share_on_mastodon":{"url":"https:\/\/pubeurope.com\/@fr\/115146924011068751","error":""},"_links":{"self":[{"href":"https:\/\/www.europesays.com\/fr\/wp-json\/wp\/v2\/posts\/366061","targetHints":{"allow":["GET"]}}],"collection":[{"href":"https:\/\/www.europesays.com\/fr\/wp-json\/wp\/v2\/posts"}],"about":[{"href":"https:\/\/www.europesays.com\/fr\/wp-json\/wp\/v2\/types\/post"}],"author":[{"embeddable":true,"href":"https:\/\/www.europesays.com\/fr\/wp-json\/wp\/v2\/users\/2"}],"replies":[{"embeddable":true,"href":"https:\/\/www.europesays.com\/fr\/wp-json\/wp\/v2\/comments?post=366061"}],"version-history":[{"count":0,"href":"https:\/\/www.europesays.com\/fr\/wp-json\/wp\/v2\/posts\/366061\/revisions"}],"wp:featuredmedia":[{"embeddable":true,"href":"https:\/\/www.europesays.com\/fr\/wp-json\/wp\/v2\/media\/366062"}],"wp:attachment":[{"href":"https:\/\/www.europesays.com\/fr\/wp-json\/wp\/v2\/media?parent=366061"}],"wp:term":[{"taxonomy":"category","embeddable":true,"href":"https:\/\/www.europesays.com\/fr\/wp-json\/wp\/v2\/categories?post=366061"},{"taxonomy":"post_tag","embeddable":true,"href":"https:\/\/www.europesays.com\/fr\/wp-json\/wp\/v2\/tags?post=366061"}],"curies":[{"name":"wp","href":"https:\/\/api.w.org\/{rel}","templated":true}]}}