{"id":366063,"date":"2025-09-04T16:16:19","date_gmt":"2025-09-04T16:16:19","guid":{"rendered":"https:\/\/www.europesays.com\/fr\/366063\/"},"modified":"2025-09-04T16:16:19","modified_gmt":"2025-09-04T16:16:19","slug":"alimentation-loyer-loisirs-a-nice-les-depenses-augmentent-encore-en-2025-pour-les-etudiants","status":"publish","type":"post","link":"https:\/\/www.europesays.com\/fr\/366063\/","title":{"rendered":"Alimentation, loyer, loisirs&#8230; \u00c0 Nice, les d\u00e9penses augmentent encore en 2025 pour les \u00e9tudiants"},"content":{"rendered":"<p class=\"article__intro\">Cette ann\u00e9e encore, le co\u00fbt de la vie a augment\u00e9 pour les \u00e9tudiants ni\u00e7ois. L&rsquo;association \u00e9tudiante Face 06 publie son rapport annuel. Faisons le point sur les postes de d\u00e9penses qui montent en fl\u00e8che et ceux qui restent stables.<\/p>\n<p>\n      La Quotidienne Soci\u00e9t\u00e9\n    <\/p>\n<p>\n      De la vie quotidienne aux grands enjeux, recevez tous les jours les sujets qui font la soci\u00e9t\u00e9 locale, comme la justice, l\u2019\u00e9ducation, la sant\u00e9 et la famille.\n    <\/p>\n<p>    France T\u00e9l\u00e9visions utilise votre adresse e-mail afin de vous envoyer la newsletter \u00ab\u00a0La Quotidienne Soci\u00e9t\u00e9\u00a0\u00bb. Vous pouvez vous d\u00e9sinscrire \u00e0 tout moment via le lien en bas de cette newsletter. <a target=\"_blank\" href=\"https:\/\/www.francetelevisions.fr\/groupe\/confidentialite\/politique-de-confidentialite\/politique-de-confidentialite-de-france-televisions-6503\" rel=\"nofollow noopener\">Notre politique de confidentialit\u00e9<\/a><\/p>\n<p>Alors qu&rsquo;en ao\u00fbt dernier, l&rsquo;Unef, syndicat \u00e9tudiant, classait Nice ville la plus ch\u00e8re de province pour les \u00e9tudiants, la Face 06 publie son rapport sur le co\u00fbt de la vie universitaire sur la C\u00f4te d&rsquo;Azur.<\/p>\n<p>Pour l&rsquo;association \u00e9tudiante, le constat est clair :\u00a0\u00bble co\u00fbt de la rentr\u00e9e 2025 s\u2019inscrit dans une tendance bien install\u00e9e : chaque ann\u00e9e, la vie \u00e9tudiante devient plus ch\u00e8re.\u00a0\u00bb Avec un co\u00fbt de la vie toujours plus on\u00e9reux, nous avons pos\u00e9 la question \u00e0 Lucas Bonfils, pr\u00e9sident de la Face 06 : Qu&rsquo;est-ce que \u00e7a repr\u00e9sente d&rsquo;\u00eatre \u00e9tudiant \u00e0 Nice aujourd&rsquo;hui ?<\/p>\n<p>Dans le d\u00e9tail, c&rsquo;est bien s\u00fbr le logement qui p\u00e8se le plus dans le budget des \u00e9tudiants, et selon la Face 06 sa part a encore augment\u00e9, entre 2024 et 2025, un loyer \u00e9tudiant augment\u00e9 de 1,52% pour un 25 m\u00b2 \u00e0 Nice.<\/p>\n<\/p>\n<p>\u00c0 Nice, <a href=\"http:\/\/france3-regions.franceinfo.fr\/provence-alpes-cote-d-azur\/alpes-maritimes\/nice\/nice-ville-la-plus-chere-de-province-pour-les-etudiants-notamment-en-raison-de-loyers-tres-eleves-3204530.html#:~:text=%C3%80%20Nice%2C%20selon%20l&#039;Unef,et%20de%20sa%20vie%20%C3%A9tudiante.\" target=\"_blank\" data-tooltip-url=\"\/provence-alpes-cote-d-azur\/alpes-maritimes\/nice\/nice-ville-la-plus-chere-de-province-pour-les-etudiants-notamment-en-raison-de-loyers-tres-eleves-3204530.html#:~:text=%C3%80%20Nice%2C%20selon%20l&#039;Unef,et%20de%20sa%20vie%20%C3%A9tudiante.\" rel=\"noopener nofollow\">selon l&rsquo;Unef,<\/a> un \u00e9tudiant d\u00e9pense en moyenne par mois 1370,15 euros. Le co\u00fbt de la vie a augment\u00e9 de 5,15\u2009% en l&rsquo;espace d&rsquo;un an. L&rsquo;ann\u00e9e derni\u00e8re d\u00e9j\u00e0, en 2024, <a href=\"https:\/\/unef.fr\/wp-content\/uploads\/2024\/08\/Classement-des-villes-2024.pdf\" target=\"_blank\" data-tooltip-url=\"https:\/\/unef.fr\/wp-content\/uploads\/2024\/08\/Classement-des-villes-2024.pdf\" rel=\"noopener nofollow\">la ville azur\u00e9enne <\/a>\u00e9tait class\u00e9e 7\u1d49 concernant le co\u00fbt de ses loyers et de sa vie \u00e9tudiante.<\/p>\n<p>Selon la Face 06, la part des d\u00e9penses qui ont le plus augment\u00e9 en 2025 est la part r\u00e9serv\u00e9e au mat\u00e9riel, + 18,64\u2009%, l&rsquo;ordinateur, devenu un indispensable, ayant \u00e9t\u00e9 int\u00e9gr\u00e9 aux d\u00e9penses.<\/p>\n<p>La part allou\u00e9e \u00e0 l&rsquo;alimentation augmente de 6\u2009% entre 2024 et 2025, le panier de courses mensuel est estim\u00e9 \u00e0 189\u2009\u20ac. Le prix du repas dans les restaurants universitaires lui, reste stable, 1\u2009\u20ac pour un \u00e9tudiant boursier, 3,30\u2009\u20ac pour un non-boursier. La bonne nouvelle, c&rsquo;est le prix des produits d&rsquo;hygi\u00e8ne qui baisse de 21\u2009%.<\/p>\n<p>Le budget r\u00e9serv\u00e9 aux loisirs est en nette augmentation, +22% :\u00a0\u00bbEn 2025, les d\u00e9penses des \u00e9tudiants pour les sorties et loisirs atteignent 62,03 \u20ac, soit une hausse de 22,4 %. Cette augmentation s\u2019explique principalement par le forfait cin\u00e9ma, mais aussi par la hausse des abonnements de streaming et m\u00eame de la musique, ce qui alourdit leur budget consacr\u00e9 aux loisirs\u00a0\u00bb explique la Face 06.<\/p>\n<p>Concernant les frais d&rsquo;inscription, l&rsquo;augmentation est en moyenne d&rsquo;1,5 %. \u00ab\u00a0Pour l\u2019ann\u00e9e universitaire 2025-2026, les droits d\u2019inscription nationaux dans l\u2019enseignement sup\u00e9rieur public sont r\u00e9vis\u00e9s \u00e0 la hausse : 178 \u20ac en Licence, 254 \u20ac en Master, 397 \u20ac en Doctorat et 628 \u20ac en Dipl\u00f4me d\u2019ing\u00e9nieur, soit une augmentation moyenne de 1,5 % par rapport \u00e0 l\u2019ann\u00e9e pr\u00e9c\u00e9dente\u00a0\u00bb pr\u00e9cise le rapport.<\/p>\n<p>Tout comme<a href=\"https:\/\/cvec.etudiant.gouv.fr\/\" target=\"_blank\" rel=\"noopener nofollow\"> la CVEC, la Contribution Vie Etudiante<\/a> pour les universit\u00e9s a augment\u00e9 de presque 2%, les \u00e9tudiants devront s\u2019acquitter de 105 \u20ac en 2025.<\/p>\n<p>Le co\u00fbt du transport est \u00e9valu\u00e9 \u00e0 192\u2009\u20ac par mois. \u00ab\u00a0Pour 2025, se d\u00e9placer en transport restera au m\u00eame prix qu\u2019en 2023. En effet, Ligne d\u2019Azur n\u2019a pas chang\u00e9 sa grille tarifaire pour les jeunes de moins de 26 ans ni pour les \u00e9tudiants et apprentis de 26 ans et plus\u00a0\u00bb.<\/p>\n<p>Du c\u00f4t\u00e9 des mutuelles \u00e9tudiantes, toujours deux possibilit\u00e9s : LMDE et HEYME qui assurent toujours une couverture compl\u00e8te des soins pour les \u00e9tudiants azur\u00e9ens. Si la cotisation LMDE reste stable, celle d\u2019HEYME s\u2019\u00e9l\u00e8ve \u00e0 544,40 \u20ac par an, marquant une hausse notable : +\u00a07,35 %. La S\u00e9curit\u00e9 sociale, financ\u00e9e par les cotisations salariales et diverses taxes, demeure inchang\u00e9e.<\/p>\n<p>Les frais locatifs et assurances logements sont stables compar\u00e9s \u00e0 2024. La moyenne annuelle d&rsquo;une assurance logement est de 89\u2009\u20ac.<\/p>\n<p>Le budget total d&rsquo;un \u00e9tudiant ni\u00e7ois est estim\u00e9 \u00e0 1 719\u20ac par mois par la Face 06.<\/p>\n","protected":false},"excerpt":{"rendered":"Cette ann\u00e9e encore, le co\u00fbt de la vie a augment\u00e9 pour les \u00e9tudiants ni\u00e7ois. L&rsquo;association \u00e9tudiante Face 06&hellip;\n","protected":false},"author":2,"featured_media":366064,"comment_status":"","ping_status":"","sticky":false,"template":"","format":"standard","meta":{"footnotes":""},"categories":[2819],"tags":[1111,11,1777,674,1011,27,12,2401,882,25],"class_list":{"0":"post-366063","1":"post","2":"type-post","3":"status-publish","4":"format-standard","5":"has-post-thumbnail","7":"category-nice","8":"tag-actu","9":"tag-actualites","10":"tag-eu","11":"tag-europe","12":"tag-fr","13":"tag-france","14":"tag-news","15":"tag-nice","16":"tag-provence-alpes-cote-dazur","17":"tag-republique-francaise"},"share_on_mastodon":{"url":"https:\/\/pubeurope.com\/@fr\/115146927932929787","error":""},"_links":{"self":[{"href":"https:\/\/www.europesays.com\/fr\/wp-json\/wp\/v2\/posts\/366063","targetHints":{"allow":["GET"]}}],"collection":[{"href":"https:\/\/www.europesays.com\/fr\/wp-json\/wp\/v2\/posts"}],"about":[{"href":"https:\/\/www.europesays.com\/fr\/wp-json\/wp\/v2\/types\/post"}],"author":[{"embeddable":true,"href":"https:\/\/www.europesays.com\/fr\/wp-json\/wp\/v2\/users\/2"}],"replies":[{"embeddable":true,"href":"https:\/\/www.europesays.com\/fr\/wp-json\/wp\/v2\/comments?post=366063"}],"version-history":[{"count":0,"href":"https:\/\/www.europesays.com\/fr\/wp-json\/wp\/v2\/posts\/366063\/revisions"}],"wp:featuredmedia":[{"embeddable":true,"href":"https:\/\/www.europesays.com\/fr\/wp-json\/wp\/v2\/media\/366064"}],"wp:attachment":[{"href":"https:\/\/www.europesays.com\/fr\/wp-json\/wp\/v2\/media?parent=366063"}],"wp:term":[{"taxonomy":"category","embeddable":true,"href":"https:\/\/www.europesays.com\/fr\/wp-json\/wp\/v2\/categories?post=366063"},{"taxonomy":"post_tag","embeddable":true,"href":"https:\/\/www.europesays.com\/fr\/wp-json\/wp\/v2\/tags?post=366063"}],"curies":[{"name":"wp","href":"https:\/\/api.w.org\/{rel}","templated":true}]}}