{"id":366065,"date":"2025-09-04T16:17:20","date_gmt":"2025-09-04T16:17:20","guid":{"rendered":"https:\/\/www.europesays.com\/fr\/366065\/"},"modified":"2025-09-04T16:17:20","modified_gmt":"2025-09-04T16:17:20","slug":"reouverture-historique-la-cathedrale-de-nantes-fait-son-grand-retour","status":"publish","type":"post","link":"https:\/\/www.europesays.com\/fr\/366065\/","title":{"rendered":"R\u00e9ouverture historique\u00a0: la cath\u00e9drale de Nantes fait son grand retour"},"content":{"rendered":"<p>Un chantier titanesque&#13;<\/p>\n<p>Victime d\u2019un incendie criminel en juillet 2020, la cath\u00e9drale avait subi d\u2019importants d\u00e9g\u00e2ts. \u00ab\u00a0Chaque jour, on en a appris un peu plus sur son \u00e9tat\u00a0\u00bb, confie Philippine Burgaud, ing\u00e9nieure du patrimoine \u00e0 la DRAC.<strong> Les investigations ont r\u00e9v\u00e9l\u00e9 la n\u00e9cessit\u00e9 de revoir enti\u00e8rement les r\u00e9seaux \u00e9lectriques et de s\u00fbret\u00e9. <\/strong>Si les travaux ont pris plus de temps que pr\u00e9vu, les \u00e9quipes n\u2019ont jamais rel\u00e2ch\u00e9 leurs efforts. \u00ab\u00a0Il n\u2019y a pas eu de temps mort\u00a0\u00bb, insiste Pauline Ducom, conservatrice des monuments historiques.<\/p>\n<p><img loading=\"lazy\" decoding=\"async\" src=\"https:\/\/www.europesays.com\/fr\/wp-content\/uploads\/2025\/09\/photo cathedrale.jpg\" width=\"800\" height=\"450\" alt=\"\"\/><br \/>@Nantes M\u00e9tropole @Marc Roger<\/p>\n<p>&#13;<br \/>\nUn programme festif et solennel&#13;<\/p>\n<p><strong>Pour marquer l\u2019\u00e9v\u00e9nement, la ville et le dioc\u00e8se ont concoct\u00e9 un week-end festif et solennel.<\/strong> <strong>Le samedi 27 septembre, la journ\u00e9e commencera d\u00e8s 14h30 avec une c\u00e9r\u00e9monie en l\u2019honneur des artisans <\/strong>qui ont \u0153uvr\u00e9 \u00e0 la restauration, suivie d\u2019un concert du bagad et de la fanfare du 9e r\u00e9giment d\u2019infanterie de marine. <strong>L\u2019inauguration officielle est pr\u00e9vue \u00e0 16h, place Saint-Pierre, avant un hommage aux sapeurs-pompiers et aux forces de l\u2019ordre.<\/strong> Point d\u2019orgue de l\u2019apr\u00e8s-midi\u00a0: <strong>le spectacle \u00c9l\u00e9vation, imagin\u00e9 par Fred Deb\u2019 et accompagn\u00e9 par l\u2019orchestre Stradivaria, \u00e0 17h15.<\/strong> Le soir, la cath\u00e9drale vibrera au son de son orgue, enfin r\u00e9veill\u00e9, et accueillera v\u00eapres et concerts.<br \/><strong>Le dimanche 28 septembre, place \u00e0 la d\u00e9couverte\u00a0:<\/strong> des visites guid\u00e9es avec les m\u00e9diateurs du Voyage \u00e0 Nantes sont pr\u00e9vues toute la matin\u00e9e, avant la messe de r\u00e9ouverture \u00e0 15h30.<\/p>\n<p>&#13;<br \/>\nDes stigmates encore visibles&#13;<\/p>\n<p>La r\u00e9ouverture, quasi-totale, ne gomme pas toutes les blessures de l\u2019incendie. Le grand orgue, enti\u00e8rement d\u00e9truit, devra encore patienter avant d\u2019\u00eatre remplac\u00e9. Certaines \u0153uvres majeures manquent toujours, dont le tableau monumental de Saint Clair gu\u00e9rissant les aveugles d\u2019Hippolyte Flandrin, disparu dans les flammes. Le tombeau des ducs de Bretagne ne retrouvera sa place qu\u2019en 2026, apr\u00e8s un long processus de d\u00e9salinisation. La crypte, toujours en travaux, accueillera plus tard une exposition retra\u00e7ant l\u2019histoire du sinistre et la renaissance du monument.<\/p>\n<p>&#13;<\/p>\n<p><strong>Malgr\u00e9 l\u2019\u00e9chafaudage encore visible sur la fa\u00e7ade ouest, la r\u00e9ouverture est un v\u00e9ritable soulagement pour les Nantais.<\/strong> Entre hommage, musique et c\u00e9r\u00e9monies, ce week-end s\u2019annonce comme un temps fort de m\u00e9moire, de f\u00eate et d\u2019\u00e9motion partag\u00e9e.<\/p>\n<p>&#13;<\/p>\n<p>Toutes les infos par <a href=\"https:\/\/metropole.nantes.fr\/actualites\/reouverture-de-la-cathedrale-de-nantes-le-programme-des-festivites\" rel=\"nofollow noopener noreferrer\" target=\"_blank\">ici<\/a><\/p>\n","protected":false},"excerpt":{"rendered":"Un chantier titanesque&#13; Victime d\u2019un incendie criminel en juillet 2020, la cath\u00e9drale avait subi d\u2019importants d\u00e9g\u00e2ts. \u00ab\u00a0Chaque jour,&hellip;\n","protected":false},"author":2,"featured_media":366066,"comment_status":"","ping_status":"","sticky":false,"template":"","format":"standard","meta":{"footnotes":""},"categories":[2818],"tags":[1111,11,1777,674,1011,27,766,12,2636,25],"class_list":{"0":"post-366065","1":"post","2":"type-post","3":"status-publish","4":"format-standard","5":"has-post-thumbnail","7":"category-nantes","8":"tag-actu","9":"tag-actualites","10":"tag-eu","11":"tag-europe","12":"tag-fr","13":"tag-france","14":"tag-nantes","15":"tag-news","16":"tag-pays-de-la-loire","17":"tag-republique-francaise"},"share_on_mastodon":{"url":"https:\/\/pubeurope.com\/@fr\/115146932218253939","error":""},"_links":{"self":[{"href":"https:\/\/www.europesays.com\/fr\/wp-json\/wp\/v2\/posts\/366065","targetHints":{"allow":["GET"]}}],"collection":[{"href":"https:\/\/www.europesays.com\/fr\/wp-json\/wp\/v2\/posts"}],"about":[{"href":"https:\/\/www.europesays.com\/fr\/wp-json\/wp\/v2\/types\/post"}],"author":[{"embeddable":true,"href":"https:\/\/www.europesays.com\/fr\/wp-json\/wp\/v2\/users\/2"}],"replies":[{"embeddable":true,"href":"https:\/\/www.europesays.com\/fr\/wp-json\/wp\/v2\/comments?post=366065"}],"version-history":[{"count":0,"href":"https:\/\/www.europesays.com\/fr\/wp-json\/wp\/v2\/posts\/366065\/revisions"}],"wp:featuredmedia":[{"embeddable":true,"href":"https:\/\/www.europesays.com\/fr\/wp-json\/wp\/v2\/media\/366066"}],"wp:attachment":[{"href":"https:\/\/www.europesays.com\/fr\/wp-json\/wp\/v2\/media?parent=366065"}],"wp:term":[{"taxonomy":"category","embeddable":true,"href":"https:\/\/www.europesays.com\/fr\/wp-json\/wp\/v2\/categories?post=366065"},{"taxonomy":"post_tag","embeddable":true,"href":"https:\/\/www.europesays.com\/fr\/wp-json\/wp\/v2\/tags?post=366065"}],"curies":[{"name":"wp","href":"https:\/\/api.w.org\/{rel}","templated":true}]}}