{"id":366067,"date":"2025-09-04T16:18:12","date_gmt":"2025-09-04T16:18:12","guid":{"rendered":"https:\/\/www.europesays.com\/fr\/366067\/"},"modified":"2025-09-04T16:18:12","modified_gmt":"2025-09-04T16:18:12","slug":"lyon-nantes-paris-ces-villes-ou-il-est-encore-interessant-dacheter","status":"publish","type":"post","link":"https:\/\/www.europesays.com\/fr\/366067\/","title":{"rendered":"Lyon, Nantes, Paris&#8230; Ces villes o\u00f9 il est encore int\u00e9ressant d&rsquo;acheter"},"content":{"rendered":"<p class=\"intro \">Le magazine \u00ab\u00a0Capital\u00a0\u00bb publie un num\u00e9ro sp\u00e9cial consacr\u00e9 \u00e0 l&rsquo;immobilier pour \u00ab\u00a0acheter moins cher\u00a0\u00bb, en partenariat avec Europe 1. \u00c0 cette occasion, sa r\u00e9dactrice en chef, Mireille Weinberg, \u00e9tait l&rsquo;invit\u00e9e de l&rsquo;\u00e9mission \u00ab\u00a0Europe 1 Info\u00a0\u00bb. Elle \u00e9num\u00e8re les villes o\u00f9 il est int\u00e9ressant d&rsquo;investir.<\/p>\n<p>Si vous cherchez \u00e0 investir dans <a href=\"https:\/\/www.europe1.fr\/immobilier\" rel=\"nofollow noopener\" target=\"_blank\">l&rsquo;immobilier<\/a>, le magazine Capital propose dans son nouveau num\u00e9ro un tour de France de ces villes o\u00f9 il est int\u00e9ressant d&rsquo;acheter.<\/p>\n<p>    La suite apr\u00e8s cette publicit\u00e9<\/p>\n<p>    La suite apr\u00e8s cette publicit\u00e9<\/p>\n<p>Pr\u00e8s de 150 communes sont pass\u00e9es au scanner de la r\u00e9daction. Invit\u00e9e dans l&rsquo;\u00e9mission <a href=\"https:\/\/www.europe1.fr\/emissions\/europe-1-info\" rel=\"nofollow noopener\" target=\"_blank\">Europe 1 Info<\/a> \u00e0 l&rsquo;occasion d&rsquo;un partenariat avec Europe 1, sa r\u00e9dactrice en chef\u00a0Mireille Weinberg explique que \u00ab\u00a0c&rsquo;est peut-\u00eatre le moment d&rsquo;acheter\u00a0\u00bb, car si \u00ab\u00a0la baisse des prix est derri\u00e8re nous\u00a0\u00bb, des bonnes affaires sont encore possibles \u00e0 certains endroits.<\/p>\n<p>\u00ab\u00a0Des prix inf\u00e9rieurs \u00e0 ceux d&rsquo;il y a 2-3 ans\u00a0\u00bb<\/p>\n<p>\u00ab\u00a0Les prix ont baiss\u00e9 de 6% sur toute la p\u00e9riode de baisse (depuis 2002). L\u00e0, ils ont augment\u00e9 un petit peu. Mais si on regarde aujourd&rsquo;hui, \u00e0 Lyon et \u00e0 Nantes, on est encore \u00e0 -14% par rapport au plus haut de 2022. \u00c0 Paris, on est \u00e0 -11%, \u00e0 Lille, on a -10%, \u00e0 Marseille, on est \u00e0 -5%\u00a0\u00bb, \u00e9num\u00e8re-t-elle sur Europe 1, pour la journ\u00e9e sp\u00e9ciale immobilier.<\/p>\n<p>    La suite apr\u00e8s cette publicit\u00e9<\/p>\n<p>    La suite apr\u00e8s cette publicit\u00e9<\/p>\n<p>\u00ab\u00a0C&rsquo;est assez g\u00e9n\u00e9ral sur l&rsquo;ensemble de la France, eu \u00e9gard \u00e0 la baisse importante qu&rsquo;il y a eu. Cela signifie simplement que l&rsquo;on est \u00e0 des prix inf\u00e9rieurs \u00e0 ceux qu&rsquo;ils \u00e9taient il y a 2-3 ans\u00a0\u00bb, souligne\u00a0Mireille Weinberg.<\/p>\n<p>Mer, montagne&#8230; Ces endroits o\u00f9 les prix n&rsquo;ont pas baiss\u00e9<\/p>\n<p>N\u00e9anmoins, \u00ab\u00a0ce n&rsquo;est pas comme \u00e7a partout. Il y a des micro-endroits o\u00f9 les prix n&rsquo;ont jamais baiss\u00e9\u00a0\u00bb, pr\u00e9cise la r\u00e9dactrice en chef de Capital. Ainsi, \u00ab\u00a0\u00e0 Nice, c&rsquo;est insolent, c&rsquo;est +7% en trois ans. C&rsquo;est un march\u00e9 particulier, il y a certainement beaucoup d&rsquo;\u00e9trangers qui ach\u00e8tent\u00a0\u00bb, analyse-t-elle.<\/p>\n<p>    La suite apr\u00e8s cette publicit\u00e9<\/p>\n<p>    La suite apr\u00e8s cette publicit\u00e9<\/p>\n<p>Mireille Weinberg constate une hausse identique \u00ab\u00a0dans des stations de ski, ce qui est \u00e9trange\u00a0\u00bb. On note \u00e9galement une hausse de 2,5% au global dans les stations baln\u00e9aires.<\/p>\n","protected":false},"excerpt":{"rendered":"Le magazine \u00ab\u00a0Capital\u00a0\u00bb publie un num\u00e9ro sp\u00e9cial consacr\u00e9 \u00e0 l&rsquo;immobilier pour \u00ab\u00a0acheter moins cher\u00a0\u00bb, en partenariat avec Europe&hellip;\n","protected":false},"author":2,"featured_media":366068,"comment_status":"","ping_status":"","sticky":false,"template":"","format":"standard","meta":{"footnotes":""},"categories":[2818],"tags":[1111,11,1777,674,1011,27,766,12,2636,25],"class_list":{"0":"post-366067","1":"post","2":"type-post","3":"status-publish","4":"format-standard","5":"has-post-thumbnail","7":"category-nantes","8":"tag-actu","9":"tag-actualites","10":"tag-eu","11":"tag-europe","12":"tag-fr","13":"tag-france","14":"tag-nantes","15":"tag-news","16":"tag-pays-de-la-loire","17":"tag-republique-francaise"},"share_on_mastodon":{"url":"https:\/\/pubeurope.com\/@fr\/115146935899419094","error":""},"_links":{"self":[{"href":"https:\/\/www.europesays.com\/fr\/wp-json\/wp\/v2\/posts\/366067","targetHints":{"allow":["GET"]}}],"collection":[{"href":"https:\/\/www.europesays.com\/fr\/wp-json\/wp\/v2\/posts"}],"about":[{"href":"https:\/\/www.europesays.com\/fr\/wp-json\/wp\/v2\/types\/post"}],"author":[{"embeddable":true,"href":"https:\/\/www.europesays.com\/fr\/wp-json\/wp\/v2\/users\/2"}],"replies":[{"embeddable":true,"href":"https:\/\/www.europesays.com\/fr\/wp-json\/wp\/v2\/comments?post=366067"}],"version-history":[{"count":0,"href":"https:\/\/www.europesays.com\/fr\/wp-json\/wp\/v2\/posts\/366067\/revisions"}],"wp:featuredmedia":[{"embeddable":true,"href":"https:\/\/www.europesays.com\/fr\/wp-json\/wp\/v2\/media\/366068"}],"wp:attachment":[{"href":"https:\/\/www.europesays.com\/fr\/wp-json\/wp\/v2\/media?parent=366067"}],"wp:term":[{"taxonomy":"category","embeddable":true,"href":"https:\/\/www.europesays.com\/fr\/wp-json\/wp\/v2\/categories?post=366067"},{"taxonomy":"post_tag","embeddable":true,"href":"https:\/\/www.europesays.com\/fr\/wp-json\/wp\/v2\/tags?post=366067"}],"curies":[{"name":"wp","href":"https:\/\/api.w.org\/{rel}","templated":true}]}}