{"id":366069,"date":"2025-09-04T16:19:15","date_gmt":"2025-09-04T16:19:15","guid":{"rendered":"https:\/\/www.europesays.com\/fr\/366069\/"},"modified":"2025-09-04T16:19:15","modified_gmt":"2025-09-04T16:19:15","slug":"le-plus-grand-vide-dressing-de-france-revient-a-bordeaux-pour-une-edition-xxl-de-rentree","status":"publish","type":"post","link":"https:\/\/www.europesays.com\/fr\/366069\/","title":{"rendered":"Le plus grand vide-dressing de France revient \u00e0 Bordeaux pour une \u00e9dition XXL de rentr\u00e9e"},"content":{"rendered":"<p>Le rendez-vous mode de la rentr\u00e9e est lanc\u00e9\u00a0: le collectif <strong>Violette Sauvage revient \u00e0 Bordeaux les 4 et 5 octobre 2025<\/strong> pour un vide-dressing g\u00e9ant aux Vivres de l\u2019Art. Pendant deux jours, les 1 000 m\u00b2 de ce lieu class\u00e9 patrimoine historique se transformeront en temple de la mode circulaire.<\/p>\n<p><img loading=\"lazy\" decoding=\"async\" src=\"https:\/\/www.europesays.com\/fr\/wp-content\/uploads\/2025\/09\/vide-dressing-bordeaux.png\" width=\"1000\" height=\"666\" alt=\"vide-dressing-bordeaux\"\/><\/p>\n<p data-start=\"730\" data-end=\"976\">De 11h \u00e0 18h, les visiteurs pourront<strong> chiner v\u00eatements, accessoires et pi\u00e8ces uniques \u00e0 petits prix<\/strong>, le tout dans une ambiance conviviale ponctu\u00e9e d\u2019animations\u00a0: food truck, tatoueurs, massages\u2026 et quelques surprises encore en pr\u00e9paration. Pour celles et ceux qui souhaitent vider leurs placards, les <strong data-start=\"1039\" data-end=\"1078\">inscriptions pour r\u00e9server un stand<\/strong> sont d\u00e9sormais <a href=\"https:\/\/www.violettesauvage.fr\/vide-dressing-bordeaux-vivres-de-lart-4-et-5-octobre-2025\/\" rel=\"nofollow noreferrer noopener\" target=\"_blank\">ouvertes en ligne<\/a>.<\/p>\n<p data-start=\"730\" data-end=\"976\">Attention\u00a0: les places sont limit\u00e9es et attribu\u00e9es selon la r\u00e8gle du \u00ab\u00a0premiers arriv\u00e9s, premiers servis\u00a0\u00bb. Il en est de m\u00eame pour les acheteurs.euses malgr\u00e9 le fait que les stands soient renouvell\u00e9s tout au long du week-end.\u00a0<\/p>\n<p data-start=\"730\" data-end=\"976\"><img loading=\"lazy\" decoding=\"async\" src=\"https:\/\/www.europesays.com\/fr\/wp-content\/uploads\/2025\/09\/violette-sauvage-bordeaux.png\" width=\"1000\" height=\"666\" alt=\"violette-sauvage-bordeaux\"\/><\/p>\n<p>Les Vivres de l&rsquo;Art<\/p>\n<li class=\"opening-hours\">Dimanche : 11:00 &#8211; 18:00<\/li>\n<li class=\"opening-hours\">Lundi &#8211; samedi : 10:00 &#8211; 18:00<\/li>\n","protected":false},"excerpt":{"rendered":"Le rendez-vous mode de la rentr\u00e9e est lanc\u00e9\u00a0: le collectif Violette Sauvage revient \u00e0 Bordeaux les 4 et&hellip;\n","protected":false},"author":2,"featured_media":366070,"comment_status":"","ping_status":"","sticky":false,"template":"","format":"standard","meta":{"footnotes":""},"categories":[2817],"tags":[1111,11,1997,1777,674,1011,27,12,2219,25],"class_list":{"0":"post-366069","1":"post","2":"type-post","3":"status-publish","4":"format-standard","5":"has-post-thumbnail","7":"category-bordeaux","8":"tag-actu","9":"tag-actualites","10":"tag-bordeaux","11":"tag-eu","12":"tag-europe","13":"tag-fr","14":"tag-france","15":"tag-news","16":"tag-nouvelle-aquitaine","17":"tag-republique-francaise"},"share_on_mastodon":{"url":"https:\/\/pubeurope.com\/@fr\/115146939785083264","error":""},"_links":{"self":[{"href":"https:\/\/www.europesays.com\/fr\/wp-json\/wp\/v2\/posts\/366069","targetHints":{"allow":["GET"]}}],"collection":[{"href":"https:\/\/www.europesays.com\/fr\/wp-json\/wp\/v2\/posts"}],"about":[{"href":"https:\/\/www.europesays.com\/fr\/wp-json\/wp\/v2\/types\/post"}],"author":[{"embeddable":true,"href":"https:\/\/www.europesays.com\/fr\/wp-json\/wp\/v2\/users\/2"}],"replies":[{"embeddable":true,"href":"https:\/\/www.europesays.com\/fr\/wp-json\/wp\/v2\/comments?post=366069"}],"version-history":[{"count":0,"href":"https:\/\/www.europesays.com\/fr\/wp-json\/wp\/v2\/posts\/366069\/revisions"}],"wp:featuredmedia":[{"embeddable":true,"href":"https:\/\/www.europesays.com\/fr\/wp-json\/wp\/v2\/media\/366070"}],"wp:attachment":[{"href":"https:\/\/www.europesays.com\/fr\/wp-json\/wp\/v2\/media?parent=366069"}],"wp:term":[{"taxonomy":"category","embeddable":true,"href":"https:\/\/www.europesays.com\/fr\/wp-json\/wp\/v2\/categories?post=366069"},{"taxonomy":"post_tag","embeddable":true,"href":"https:\/\/www.europesays.com\/fr\/wp-json\/wp\/v2\/tags?post=366069"}],"curies":[{"name":"wp","href":"https:\/\/api.w.org\/{rel}","templated":true}]}}