{"id":366071,"date":"2025-09-04T16:20:10","date_gmt":"2025-09-04T16:20:10","guid":{"rendered":"https:\/\/www.europesays.com\/fr\/366071\/"},"modified":"2025-09-04T16:20:10","modified_gmt":"2025-09-04T16:20:10","slug":"pour-place-publique-pierre-hurmic-a-cette-capacite-a-rassembler","status":"publish","type":"post","link":"https:\/\/www.europesays.com\/fr\/366071\/","title":{"rendered":"pour Place publique, \u00ab\u00a0Pierre Hurmic a cette capacit\u00e9 \u00e0 rassembler\u00a0\u00bb"},"content":{"rendered":"<p>Se souvient-on que la liste Place publique emmen\u00e9e par Rapha\u00ebl Glucksmann avait glan\u00e9 22\u00a0% des voix bordelaises <a href=\"https:\/\/www.sudouest.fr\/elections\/europeennes\/elections-europeennes-retrouvez-tous-les-resultats-a-bordeaux-et-en-gironde-20044123.php\" target=\"_blank\" rel=\"follow nofollow noopener\">aux derni\u00e8res europ\u00e9ennes<\/a>\u00a0? Une performance bien sup\u00e9rieure au score national et n\u00e9anmoins enviable \u2013 13,7\u00a0% \u2013 sur laquelle entend capitaliser le parti social-d\u00e9mocrate\u00a0: \u00ab\u00a0On a le devoir de se mettre en ordre de marche dans la commune\u00a0\u00bb, pr\u00e9sente Mahmoud Mouche, d\u00e9sign\u00e9 \u00ab\u00a0co-chef de file\u00a0\u00bb avec Julia Mouzon dans la perspective <a href=\"https:\/\/www.sudouest.fr\/elections\/municipales\/gironde\/bordeaux\/\" target=\"_blank\" rel=\"follow nofollow noopener\">des municipales<\/a>.<\/p>\n<p>Si l\u2019un et l\u2019autre, soucieux de \u00ab\u00a0d\u00e9personnaliser\u00a0\u00bb les enjeux, n\u2019ont de cesse de mettre en avant \u00ab\u00a0le collectif\u00a0\u00bb \u00e0 l\u2019\u0153uvre au sein du parti, Julia Mouzon n\u2019est pas une inconnue dans le paysage politique local\u00a0: polytechnicienne, \u00e0 la t\u00eate d\u2019un organisme de formation pour les \u00e9lues locales, elle fut coordinatrice du programme de <a href=\"https:\/\/www.sudouest.fr\/politique\/nicolas-florian\/\" target=\"_blank\" rel=\"follow nofollow noopener\">Nicolas Florian<\/a>, un \u00ab\u00a0projet d\u2019ouverture\u00a0\u00bb, d\u00e9fend-elle, et num\u00e9ro\u00a02 sur la liste du maire sortant, en 2020. F\u00e9ministe revendiqu\u00e9e, sans \u00e9tiquette, elle avait d\u00e9missionn\u00e9 sans tarder du conseil municipal, refusant, disait-elle, de \u00ab\u00a0s\u2019opposer \u00e0 un projet d\u2019\u00e9cologie politique\u00a0\u00bb.<\/p>\n<p>Offre de service<\/p>\n<p>La revoil\u00e0 donc, apr\u00e8s un d\u00e9tour \u00e0 l\u2019automne 2024 par <a href=\"https:\/\/www.sudouest.fr\/lieux\/gironde\/la-reole\/gironde-place-publique-installe-sa-rentree-politique-a-la-reole-24936407.php\" target=\"_blank\" rel=\"follow nofollow noopener\">les rencontres nationales de Place publique, \u00e0 La R\u00e9ole<\/a>\u00a0: \u00ab\u00a0Beaucoup de personnes se sentaient orphelines d\u2019un parti de centre-gauche. Je suis all\u00e9e voir ce qu\u2019il s\u2019y disait\u2026\u00a0\u00bb Elle n\u2019en est pas repartie. Et, \u00e0 six mois des municipales, Place publique peaufine un programme fond\u00e9 sur la \u00ab\u00a0justice sociale\u00a0\u00bb, \u00ab\u00a0l\u2019\u00e9cologie\u00a0\u00bb et fort \u00ab\u00a0d\u2019id\u00e9es diff\u00e9rentiantes\u00a0\u00bb. \u00ab\u00a0Une vingtaine de personnes y travaillent, c\u2019est une r\u00e9flexion exigeante\u00a0\u00bb, a contrario du \u00ab\u00a0<a href=\"https:\/\/www.sudouest.fr\/politique\/municipales-a-bordeaux-la-multiplication-des-candidatures-a-droite-fait-elle-les-affaires-de-pierre-hurmic-23671624.php\" target=\"_blank\" rel=\"follow nofollow noopener\">bourgeonnement de candidatures\u00a0\u00bb \u00e0 droite<\/a>, glisse Julia Mouzon.<\/p>\n<p>Car si Mahmoud Mouche l\u2019assure, \u00ab\u00a0on est capable de lancer la campagne\u00a0\u00bb, les co-chefs de file ne cache pas l\u2019aspiration de Place publique \u00e0 rallier Pierre Hurmic, le maire EELV dont la prochaine candidature ne fait pas de doute\u00a0: \u00ab\u00a0Il a cette capacit\u00e9 \u00e0 rassembler.\u00a0\u00bb Les deux parties se sont d\u00e9j\u00e0 rencontr\u00e9es. \u00ab\u00a0On rencontre tous les partenaires politiques de gauche, sauf LFI\u00a0\u00bb, pr\u00e9vient Mahmoud Mouche. \u00ab\u00a0On a une r\u00e9sonance \u00e9lectorale, un espace politique et on va le prendre, en toute cordialit\u00e9\u00a0\u00bb, poursuit Julia Mouzon.<\/p>\n","protected":false},"excerpt":{"rendered":"Se souvient-on que la liste Place publique emmen\u00e9e par Rapha\u00ebl Glucksmann avait glan\u00e9 22\u00a0% des voix bordelaises aux&hellip;\n","protected":false},"author":2,"featured_media":366072,"comment_status":"","ping_status":"","sticky":false,"template":"","format":"standard","meta":{"footnotes":""},"categories":[2817],"tags":[1111,11,1997,1777,674,1011,27,12,2219,25],"class_list":{"0":"post-366071","1":"post","2":"type-post","3":"status-publish","4":"format-standard","5":"has-post-thumbnail","7":"category-bordeaux","8":"tag-actu","9":"tag-actualites","10":"tag-bordeaux","11":"tag-eu","12":"tag-europe","13":"tag-fr","14":"tag-france","15":"tag-news","16":"tag-nouvelle-aquitaine","17":"tag-republique-francaise"},"share_on_mastodon":{"url":"https:\/\/pubeurope.com\/@fr\/115146943658962034","error":""},"_links":{"self":[{"href":"https:\/\/www.europesays.com\/fr\/wp-json\/wp\/v2\/posts\/366071","targetHints":{"allow":["GET"]}}],"collection":[{"href":"https:\/\/www.europesays.com\/fr\/wp-json\/wp\/v2\/posts"}],"about":[{"href":"https:\/\/www.europesays.com\/fr\/wp-json\/wp\/v2\/types\/post"}],"author":[{"embeddable":true,"href":"https:\/\/www.europesays.com\/fr\/wp-json\/wp\/v2\/users\/2"}],"replies":[{"embeddable":true,"href":"https:\/\/www.europesays.com\/fr\/wp-json\/wp\/v2\/comments?post=366071"}],"version-history":[{"count":0,"href":"https:\/\/www.europesays.com\/fr\/wp-json\/wp\/v2\/posts\/366071\/revisions"}],"wp:featuredmedia":[{"embeddable":true,"href":"https:\/\/www.europesays.com\/fr\/wp-json\/wp\/v2\/media\/366072"}],"wp:attachment":[{"href":"https:\/\/www.europesays.com\/fr\/wp-json\/wp\/v2\/media?parent=366071"}],"wp:term":[{"taxonomy":"category","embeddable":true,"href":"https:\/\/www.europesays.com\/fr\/wp-json\/wp\/v2\/categories?post=366071"},{"taxonomy":"post_tag","embeddable":true,"href":"https:\/\/www.europesays.com\/fr\/wp-json\/wp\/v2\/tags?post=366071"}],"curies":[{"name":"wp","href":"https:\/\/api.w.org\/{rel}","templated":true}]}}