{"id":366077,"date":"2025-09-04T16:23:13","date_gmt":"2025-09-04T16:23:13","guid":{"rendered":"https:\/\/www.europesays.com\/fr\/366077\/"},"modified":"2025-09-04T16:23:13","modified_gmt":"2025-09-04T16:23:13","slug":"a-loccasion-de-la-braderie-de-lille-lapplication-mukiz-va-investir-la-place-du-theatre-avec-ses-blind-tests-geants","status":"publish","type":"post","link":"https:\/\/www.europesays.com\/fr\/366077\/","title":{"rendered":"A l&rsquo;occasion de la Braderie de Lille, l\u2019application Mukiz va investir la Place du Th\u00e9\u00e2tre avec ses blind tests g\u00e9ants"},"content":{"rendered":"<p style=\"text-align: justify;\">\u00c0 l\u2019occasion de la <strong>Braderie de Lille,<\/strong> <strong>Mukiz<\/strong>, <strong>l\u2019application de blind test <\/strong>d\u00e9velopp\u00e9e au sein de la <strong>Plaine Images, p\u00f4le d\u2019excellence d\u00e9di\u00e9 aux industries cr\u00e9atives<\/strong> bas\u00e9 \u00e0 <strong>Tourcoing, <\/strong>sera pr\u00e9sente <strong>tout le week-end <\/strong>sur la <strong>Place du Th\u00e9\u00e2tre.<\/strong> <strong>Ancr\u00e9e dans la m\u00e9tropole lilloise, Mukiz <\/strong>viendra \u00e0 la <strong>rencontre des visiteurs<\/strong> pour proposer <strong>une exp\u00e9rience musicale en direct,<\/strong> <strong>ouverte \u00e0 tous, <\/strong>et faire<strong> d\u00e9couvrir ses diff\u00e9rents formats de jeu <\/strong>dans <strong>un cadre festif<\/strong> et<strong> f\u00e9d\u00e9rateur.<\/strong><\/p>\n<p style=\"text-align: justify;\"><strong>Au c\u0153ur de l\u2019un des \u00e9v\u00e9nements les plus embl\u00e9matiques de la r\u00e9gion, <\/strong>qui <strong>attire chaque ann\u00e9e plus de deux millions de visiteurs, Mukiz <\/strong>proposera pour la <strong>seconde ann\u00e9e cons\u00e9cutive<\/strong> un <strong>v\u00e9ritable blind test grandeur nature. L\u2019animation<\/strong> prendra place dans le <strong>village ICI Nord <\/strong>install\u00e9 sur la <strong>Place du Th\u00e9\u00e2tre,<\/strong> <strong>point de ralliement des festivit\u00e9s.<\/strong><\/p>\n<p style=\"text-align: justify;\"><strong>Mukiz <\/strong>disposera de <strong>son propre stand, <\/strong>o\u00f9<strong> les visiteurs<\/strong> pourront repartir avec des <strong>goodies<\/strong> et de<strong> petites surprises tout au long du week-end.<\/strong> Pendant <strong>deux jours,<\/strong> l\u2019\u00e9quipe animera <strong>une s\u00e9rie de d\u00e9fis musicaux mettant en comp\u00e9tition diff\u00e9rents groupes,<\/strong> chacun pouvant <strong>tester ses r\u00e9flexes<\/strong> et <strong>sa culture musicale. <\/strong>Tous les styles seront \u00e0 l\u2019honneur : <strong>pop, rap, rock, m\u00e9tal, musiques de films\u2026<\/strong> Les vainqueurs auront ensuite <strong>la chance de faire tourner la roue <\/strong>pour<strong> tenter de remporter de nombreux lots : bobs, tote bags, briquets <\/strong>ou encore <strong>enceintes JBL.<\/strong><\/p>\n<p style=\"text-align: justify;\">\u00ab Nous avons voulu amener l\u2019exp\u00e9rience Mukiz en plein c\u0153ur de la Braderie pour la faire vivre en grandeur nature. C\u2019est une occasion parfaite de faire d\u00e9couvrir notre univers et de partager notre passion de la musique avec le plus grand nombre \u00bb, explique <strong>Jules Dubernard, co-fondateur de Mukiz.<\/strong><\/p>\n<p style=\"text-align: justify;\"><strong>En pleine phase d\u2019expansion<\/strong> avec <strong>plus de 67 000 joueurs actifs chaque mois<\/strong> et <strong>une croissance record<\/strong> <strong>depuis le printemps, Mukiz <\/strong>s\u2019affirme comme <strong>l\u2019un des acteurs majeurs du blind test multijoueur. <\/strong>Cette <strong>nouvelle pr\u00e9sence <\/strong>sur la <strong>Braderie de Lille<\/strong> s\u2019inscrit dans <strong>une strat\u00e9gie de renforcement de la visibilit\u00e9 r\u00e9gionale <\/strong>et <strong>de pr\u00e9paration \u00e0 un d\u00e9ploiement national,<\/strong> en allant \u00e0 la<strong> rencontre directe du public. <\/strong><\/p>\n<p style=\"text-align: justify;\"><strong>Rendez-vous avec l\u2019\u00e9quipe Mukiz<\/strong> les <strong>06 et 07 septembre 2025,<\/strong> au stand du <strong>village ICI Nord<\/strong> sur la<strong> Place du Th\u00e9\u00e2tre de Lille. L\u2019application<\/strong> est \u00e9galement <strong>disponible sur l\u2019ensemble des stores, <\/strong>pour <strong>permettre \u00e0 chacun de se familiariser<\/strong> <strong>avec l\u2019exp\u00e9rience avant la<\/strong> <strong>Braderie.<\/strong><\/p>\n<p style=\"text-align: justify;\"><strong>\u00c0 propos de Mukiz<\/strong><br \/>Mukiz est une application mobile et web d\u00e9di\u00e9e \u00e0 l\u2019organisation de blind tests. Elle permet de jouer en ligne entre amis, en famille ou en entreprise sans avoir \u00e0 g\u00e9rer manuellement les r\u00e9ponses, le comptage des points ou l\u2019ordre des joueurs.<\/p>\n<p style=\"text-align: justify;\">Cr\u00e9\u00e9e en 2023 par Guillaume, d\u00e9veloppeur passionn\u00e9 de musique, l\u2019application a \u00e9t\u00e9 incub\u00e9e \u00e0 la Plaine Images \u00e0 Tourcoing, p\u00f4le d\u2019excellence des industries cr\u00e9atives. Mukiz propose diff\u00e9rents formats de jeu (classique, KO, choix multiple) et met \u00e0 disposition des playlists couvrant une grande diversit\u00e9 de genres, de la pop au rap, en passant par le rock, le m\u00e9tal ou les musiques de films. Aujourd\u2019hui, Mukiz r\u00e9unit une communaut\u00e9 grandissante de joueuses et joueurs, port\u00e9e par une \u00e9quipe bas\u00e9e dans la m\u00e9tropole lilloise<\/p>\n<p><img loading=\"lazy\" decoding=\"async\" width=\"9\" height=\"9\" src=\"https:\/\/www.europesays.com\/fr\/wp-content\/uploads\/2025\/04\/arrow.png\" alt=\"\"\/> En savoir plus : <a href=\"https:\/\/mukiz.com\" target=\"_blank\" rel=\"noreferrer noopener\">https:\/\/mukiz.com<\/a><\/p>\n<p><img loading=\"lazy\" decoding=\"async\" width=\"9\" height=\"9\" src=\"https:\/\/www.europesays.com\/fr\/wp-content\/uploads\/2025\/04\/arrow.png\" alt=\"\"\/> <a href=\"https:\/\/www.zoomsurlille.fr\/tag\/braderie-de-lille-2025\" target=\"_blank\" rel=\"noreferrer noopener\">Retrouvez tous nos articles sur la Braderie de Lille 2025<\/a><\/p>\n<p class=\"has-text-align-right\">Source &amp; image : DR \u2013 \u00a9 Mukiz<\/p>\n","protected":false},"excerpt":{"rendered":"\u00c0 l\u2019occasion de la Braderie de Lille, Mukiz, l\u2019application de blind test d\u00e9velopp\u00e9e au sein de la Plaine&hellip;\n","protected":false},"author":2,"featured_media":366078,"comment_status":"","ping_status":"","sticky":false,"template":"","format":"standard","meta":{"footnotes":""},"categories":[2815],"tags":[1111,11,34195,17804,40565,1777,674,1011,27,811,1307,50054,12,25],"class_list":{"0":"post-366077","1":"post","2":"type-post","3":"status-publish","4":"format-standard","5":"has-post-thumbnail","7":"category-lille","8":"tag-actu","9":"tag-actualites","10":"tag-blind-test","11":"tag-braderie","12":"tag-braderie-de-lille-2025","13":"tag-eu","14":"tag-europe","15":"tag-fr","16":"tag-france","17":"tag-hauts-de-france","18":"tag-lille","19":"tag-mukiz","20":"tag-news","21":"tag-republique-francaise"},"share_on_mastodon":{"url":"https:\/\/pubeurope.com\/@fr\/115146955961566385","error":""},"_links":{"self":[{"href":"https:\/\/www.europesays.com\/fr\/wp-json\/wp\/v2\/posts\/366077","targetHints":{"allow":["GET"]}}],"collection":[{"href":"https:\/\/www.europesays.com\/fr\/wp-json\/wp\/v2\/posts"}],"about":[{"href":"https:\/\/www.europesays.com\/fr\/wp-json\/wp\/v2\/types\/post"}],"author":[{"embeddable":true,"href":"https:\/\/www.europesays.com\/fr\/wp-json\/wp\/v2\/users\/2"}],"replies":[{"embeddable":true,"href":"https:\/\/www.europesays.com\/fr\/wp-json\/wp\/v2\/comments?post=366077"}],"version-history":[{"count":0,"href":"https:\/\/www.europesays.com\/fr\/wp-json\/wp\/v2\/posts\/366077\/revisions"}],"wp:featuredmedia":[{"embeddable":true,"href":"https:\/\/www.europesays.com\/fr\/wp-json\/wp\/v2\/media\/366078"}],"wp:attachment":[{"href":"https:\/\/www.europesays.com\/fr\/wp-json\/wp\/v2\/media?parent=366077"}],"wp:term":[{"taxonomy":"category","embeddable":true,"href":"https:\/\/www.europesays.com\/fr\/wp-json\/wp\/v2\/categories?post=366077"},{"taxonomy":"post_tag","embeddable":true,"href":"https:\/\/www.europesays.com\/fr\/wp-json\/wp\/v2\/tags?post=366077"}],"curies":[{"name":"wp","href":"https:\/\/api.w.org\/{rel}","templated":true}]}}