{"id":366079,"date":"2025-09-04T16:24:12","date_gmt":"2025-09-04T16:24:12","guid":{"rendered":"https:\/\/www.europesays.com\/fr\/366079\/"},"modified":"2025-09-04T16:24:12","modified_gmt":"2025-09-04T16:24:12","slug":"deux-anciens-proprietaires-du-fauve-juges-a-lille-liberation","status":"publish","type":"post","link":"https:\/\/www.europesays.com\/fr\/366079\/","title":{"rendered":"deux anciens propri\u00e9taires du fauve jug\u00e9s \u00e0 Lille \u2013 Lib\u00e9ration"},"content":{"rendered":"<p class=\"sc-cPiKLX AiZTS text-element\">Ils avaient d\u2019abord cru apercevoir une peluche, ou un gros chat. Le 18 septembre 2019, des habitants d\u2019Armenti\u00e8res, dans la banlieue nord-ouest de Lille, ont pourtant \u00e9t\u00e9 confront\u00e9s \u00e0 un v\u00e9ritable fauve. L\u2019une d\u2019entre eux, Sylvie Drelon, raconte dans <a href=\"https:\/\/www.lavoixdunord.fr\/873638\/article\/2020-10-02\/panthere-d-armentieres-voisins-temoins-notre-reportage-video-sur-place-un-apres#utm_medium=redaction&amp;utm_source=facebook&amp;utm_campaign=page-fan-vdn\" target=\"_blank\" rel=\"nofollow noopener\" title=\"https:\/\/www.lavoixdunord.fr\/873638\/article\/2020-10-02\/panthere-d-armentieres-voisins-temoins-notre-reportage-video-sur-place-un-apres#utm_medium=redaction&amp;utm_source=facebook&amp;utm_campaign=page-fan-vdn\">la Voix du Nord<\/a> que sa fille l\u2019a appel\u00e9e en fin d\u2019apr\u00e8s-midi, en panique, pour lui dire de rentrer illico \u00e0 la maison. Une b\u00eate est en train de faire les cent pas le long des fen\u00eatres du dernier \u00e9tage de sa maison. \u00abOn entendait ses bruits de pas, \u00e7a faisait \u201cboum boum\u201d\u00bb, retrace dans le quotidien r\u00e9gional cette employ\u00e9e comme agent d\u2019entretien. L\u2019animal s\u2019av\u00e8re \u00eatre une jeune panth\u00e8re noire de moins d\u2019un an. \u00abUn gros matou\u00bb, comme l\u2019appelle Sylvie Drelon, qui p\u00e8se tout de m\u00eame une trentaine de kilos. Et, a priori, l\u2019animal \u00e2g\u00e9 d\u2019un peu moins d\u2019un an, n\u2019est pas vraiment dans son habitat naturel. \u00abLouise\u00bb, de son petit nom, vient de s\u2019\u00e9chapper de chez des voisins.  <\/p>\n<p class=\"sc-cPiKLX AiZTS text-element\">Apr\u00e8s un branle-bas de combat g\u00e9n\u00e9ral, la panth\u00e8re noire est finalement captur\u00e9e le soir-m\u00eame, \u00e0 l\u2019aide de fl\u00e9chettes hypodermiques tir\u00e9es par un v\u00e9t\u00e9rinaire. Apr\u00e8s presque six ans jour pour jour, ses anciens propri\u00e9taires comparaissent jeudi 4 septembre devant le tribunal correctionnel de Lille pour d\u00e9tention sans autorisation d\u2019une esp\u00e8ce non domestique. Nordine B. et Nawel T. risquent jusqu\u2019\u00e0 trois ans de prison et 150 000 euros d\u2019amende.<\/p>\n<p class=\"sc-cPiKLX AiZTS text-element\">\u00abIl y a beaucoup de zones d\u2019ombre dans ce dossier\u00bb, rel\u00e8ve aujourd\u2019hui aupr\u00e8s de Lib\u00e9 Me Xavier Bacquet, avocat de la Fondation 30 millions d\u2019amis, qui est partie civile dans ce proc\u00e8s. Comment cette panth\u00e8re est-elle arriv\u00e9e \u00e0 Armenti\u00e8res ? D\u2019o\u00f9 vient-elle ? Est-elle <a href=\"https:\/\/www.liberation.fr\/societe\/2001\/08\/01\/le-trafic-animal-poule-aux-oeufs-d-or_373104\/\" target=\"_blank\" rel=\"noreferrer nofollow noopener\" title=\"https:\/\/www.liberation.fr\/societe\/2001\/08\/01\/le-trafic-animal-poule-aux-oeufs-d-or_373104\/\">issue d\u2019un trafic<\/a> ? Qui ont \u00e9t\u00e9 ses propri\u00e9taires successifs ? Dans quelles conditions a-t-elle \u00e9t\u00e9 retenue captive ? <\/p>\n<p class=\"sc-cPiKLX AiZTS text-element\">D\u2019autant plus que l\u2019affaire a connu plusieurs rebondissements : moins d\u2019une semaine apr\u00e8s sa capture et son placement en quarantaine au zoo de Maubeuge, le f\u00e9lin dispara\u00eet. Son enclos est forc\u00e9 dans la nuit du 23 au 24 septembre 2019. Louise est vol\u00e9e. Elle y attendait son transfert aupr\u00e8s de <a href=\"https:\/\/www.liberation.fr\/portraits\/kiara-panthere-dasile-20231207_YEDDAYNGY5HLLFYARU4HLEPX4I\/\" target=\"_blank\" rel=\"nofollow noopener\" title=\"https:\/\/www.liberation.fr\/portraits\/kiara-panthere-dasile-20231207_YEDDAYNGY5HLLFYARU4HLEPX4I\/\">l\u2019association Tonga Terre d\u2019accueil<\/a>, \u00e0 Saint-Martin-la-Plaine (Loire) \u2013 un refuge qui recueille les animaux sauvages issus du trafic et de cirques. <\/p>\n<p class=\"sc-cPiKLX AiZTS text-element\">Les enqu\u00eateurs ne retrouvent sa trace que des mois plus tard, aux Pays-Bas. Le directeur d\u2019un sanctuaire pour f\u00e9lins de la ville d\u2019Anna Paulowna, dans le nord du pays, expliquera \u00e0 <a href=\"https:\/\/france3-regions.franceinfo.fr\/hauts-de-france\/nord-0\/armentieres\/akilla-va-bien-temoignage-du-directeur-du-sanctuaire-se-trouverait-panthere-armentieres-1891518.html\" target=\"_blank\" rel=\"noreferrer nofollow noopener\" title=\"https:\/\/france3-regions.franceinfo.fr\/hauts-de-france\/nord-0\/armentieres\/akilla-va-bien-temoignage-du-directeur-du-sanctuaire-se-trouverait-panthere-armentieres-1891518.html\">France 3 Hauts-de-France<\/a> avoir \u00ab\u00e9t\u00e9 contact\u00e9 en janvier 2020 par une personne de nationalit\u00e9 fran\u00e7aise qui [lui] a signifi\u00e9 qu\u2019un de ses amis se baladait avec une panth\u00e8re et qu\u2019il ne savait plus s\u2019en occuper\u00bb. Ce dernier \u00abvoulait la d\u00e9poser au sanctuaire, mais en \u00e9tant assur\u00e9 qu\u2019il ne se ferait pas arr\u00eater\u00bb. Robert Kruijff r\u00e9ceptionne le f\u00e9lin \u2013 qui s\u2019appelle d\u00e9sormais Akilla \u2013 et pr\u00e9vient ensuite les autorit\u00e9s fran\u00e7aises. Des analyses ADN d\u00e9montrent qu\u2019il s\u2019agit bien du m\u00eame animal. <\/p>\n<blockquote class=\"sc-leXBFf cWgZmS\">\n<p class=\"sc-cPiKLX Quote__StyledTypography-sc-mtzp8z-0 fuuQYv hAZdQy\">\u00ab Je savais \u00e9videmment qu\u2019il est interdit de d\u00e9tenir une panth\u00e8re et j\u2019allais en rendre compte un jour. Mais pour moi, c\u2019\u00e9tait loin\u2026 \u00bb<\/p>\n<p>\u2014 \u00a0Nordine B., \u00e0 la Voix du Nord en novembre 2019<\/p><\/blockquote>\n<p class=\"sc-cPiKLX AiZTS text-element\">Le principal mis en cause dans cette affaire, Nordine B., s\u2019\u00e9tait pr\u00e9sent\u00e9 de lui-m\u00eame \u00e0 la police quelques jours apr\u00e8s que sa panth\u00e8re a \u00e9t\u00e9 aper\u00e7ue sur les toits d\u2019Armenti\u00e8res. En novembre 2019, il donne une interview au journal <a href=\"https:\/\/www.lavoixdunord.fr\/668035\/article\/2019-11-19\/le-proprietaire-de-la-panthere-raconte-elle-etait-reconnaissante\" target=\"_blank\" rel=\"nofollow noopener\" title=\"https:\/\/www.lavoixdunord.fr\/668035\/article\/2019-11-19\/le-proprietaire-de-la-panthere-raconte-elle-etait-reconnaissante\">la Voix du Nord<\/a> et d\u00e9clare son amour pour sa b\u00eate. <\/p>\n<p class=\"sc-cPiKLX AiZTS text-element\">Il raconte avoir achet\u00e9 pour une somme encore inconnue ce \u00abgros b\u00e9b\u00e9 affectueux qui ne demandait que des c\u00e2lins\u00bb, \u00e0 l\u2019\u00e2ge de trois ou quatre mois, parce qu\u2019il \u00e9tait \u00abmal en point\u00bb. D\u2018apr\u00e8s son r\u00e9cit, le fauve avait des \u00abtrous dans le pelage\u00bb et \u00abn\u2019avait plus de griffes\u00bb : \u00abJe savais \u00e9videmment qu\u2019il est interdit de d\u00e9tenir une panth\u00e8re et j\u2019allais en rendre compte un jour. Mais pour moi, c\u2019\u00e9tait loin\u2026\u00bb Contact\u00e9 ce mercredi 3 septembre en amont du proc\u00e8s, son avocat a refus\u00e9 de s\u2019exprimer. <\/p>\n<p class=\"sc-cPiKLX AiZTS text-element\">D\u2019apr\u00e8s <a href=\"https:\/\/www.lavoixdunord.fr\/665897\/article\/2019-11-14\/le-proprietaire-de-la-panthere-d-armentieres-ete-deja-condamne-pour-d-autres\" target=\"_blank\" rel=\"nofollow noopener\" title=\"https:\/\/www.lavoixdunord.fr\/665897\/article\/2019-11-14\/le-proprietaire-de-la-panthere-d-armentieres-ete-deja-condamne-pour-d-autres\">la Voix du Nord<\/a>, Nordine B. a d\u00e9j\u00e0 eu affaire \u00e0 la justice par le pass\u00e9, notamment pour braquage et pour une autre affaire impliquant un animal sauvage. En l\u2019occurrence un sapajou \u00e0 poitrine jaune \u2013 un singe br\u00e9silien. Il avait, lui aussi, \u00e9t\u00e9 r\u00e9cup\u00e9r\u00e9 dans la rue apr\u00e8s s\u2019\u00eatre \u00e9chapp\u00e9 d\u2019un appartement \u00e0 Mons-en-Bar\u0153ul (Nord) en 2016, l\u00e0 o\u00f9 habitait la m\u00e8re du suspect. Toujours selon le quotidien nordiste, lors des perquisitions men\u00e9es chez Nordine B. dans le cadre de l\u2019affaire de la panth\u00e8re d\u2019Armenti\u00e8res, les policiers ont retrouv\u00e9 plus de 100 000 euros de bons au porteur, ainsi que des munitions et des v\u00e9hicules vol\u00e9s dans un box lui appartenant \u00e0 Mons-en-Bar\u0153ul. <\/p>\n<p class=\"sc-cPiKLX AiZTS text-element\">Le proc\u00e8s de Nordine B. et sa compagne Nawel T. concernant la d\u00e9tention sans autorisation de la panth\u00e8re Louise \u00e9tait initialement pr\u00e9vu en janvier. Il a \u00e9t\u00e9 report\u00e9 \u00e0 la demande des avocats des pr\u00e9venus. Le principal mis en cause ne s\u2019\u00e9tait pas pr\u00e9sent\u00e9 \u00e0 l\u2019audience : s\u2019il avait produit un certificat m\u00e9dical attestant de son incapacit\u00e9 \u00e0 se d\u00e9placer, il \u00e9tait surtout au m\u00eame moment en garde \u00e0 vue dans le cadre d\u2019une affaire de stup\u00e9fiants, relate <a href=\"https:\/\/france3-regions.franceinfo.fr\/hauts-de-france\/nord-0\/lille\/le-proces-de-la-panthere-d-armentieres-reporte-le-principal-accuse-ne-s-est-pas-presente-a-l-audience-3088696.html\" target=\"_blank\" rel=\"noreferrer nofollow noopener\" title=\"https:\/\/france3-regions.franceinfo.fr\/hauts-de-france\/nord-0\/lille\/le-proces-de-la-panthere-d-armentieres-reporte-le-principal-accuse-ne-s-est-pas-presente-a-l-audience-3088696.html\">France 3<\/a>. <\/p>\n<p class=\"sc-cPiKLX AiZTS text-element\">La Fondation 30 millions d\u2019amis esp\u00e8re la condamnation jeudi des deux anciens propri\u00e9taires de la panth\u00e8re, \u00abpour mettre en avant le fait que les animaux sauvages n\u2019ont rien \u00e0 faire en d\u00e9tention captive\u00bb, souligne son avocat. Selon Me Xavier Bacquet, cette audience aurait une vertu \u00abp\u00e9dagogique\u00bb : \u00abIl est urgent d\u2019endiguer une tendance pr\u00e9occupante \u00e0 la d\u00e9tention d\u2019animaux sauvages par des particuliers, qui se dessine depuis plusieurs ann\u00e9es, certainement encourag\u00e9e les r\u00e9seaux sociaux et leur lot d\u2019influenceurs irresponsables\u00bb. <\/p>\n","protected":false},"excerpt":{"rendered":"Ils avaient d\u2019abord cru apercevoir une peluche, ou un gros chat. Le 18 septembre 2019, des habitants d\u2019Armenti\u00e8res,&hellip;\n","protected":false},"author":2,"featured_media":366080,"comment_status":"","ping_status":"","sticky":false,"template":"","format":"standard","meta":{"footnotes":""},"categories":[2815],"tags":[1111,11,1777,674,1011,27,811,1307,12,25],"class_list":{"0":"post-366079","1":"post","2":"type-post","3":"status-publish","4":"format-standard","5":"has-post-thumbnail","7":"category-lille","8":"tag-actu","9":"tag-actualites","10":"tag-eu","11":"tag-europe","12":"tag-fr","13":"tag-france","14":"tag-hauts-de-france","15":"tag-lille","16":"tag-news","17":"tag-republique-francaise"},"share_on_mastodon":{"url":"https:\/\/pubeurope.com\/@fr\/115146959326205525","error":""},"_links":{"self":[{"href":"https:\/\/www.europesays.com\/fr\/wp-json\/wp\/v2\/posts\/366079","targetHints":{"allow":["GET"]}}],"collection":[{"href":"https:\/\/www.europesays.com\/fr\/wp-json\/wp\/v2\/posts"}],"about":[{"href":"https:\/\/www.europesays.com\/fr\/wp-json\/wp\/v2\/types\/post"}],"author":[{"embeddable":true,"href":"https:\/\/www.europesays.com\/fr\/wp-json\/wp\/v2\/users\/2"}],"replies":[{"embeddable":true,"href":"https:\/\/www.europesays.com\/fr\/wp-json\/wp\/v2\/comments?post=366079"}],"version-history":[{"count":0,"href":"https:\/\/www.europesays.com\/fr\/wp-json\/wp\/v2\/posts\/366079\/revisions"}],"wp:featuredmedia":[{"embeddable":true,"href":"https:\/\/www.europesays.com\/fr\/wp-json\/wp\/v2\/media\/366080"}],"wp:attachment":[{"href":"https:\/\/www.europesays.com\/fr\/wp-json\/wp\/v2\/media?parent=366079"}],"wp:term":[{"taxonomy":"category","embeddable":true,"href":"https:\/\/www.europesays.com\/fr\/wp-json\/wp\/v2\/categories?post=366079"},{"taxonomy":"post_tag","embeddable":true,"href":"https:\/\/www.europesays.com\/fr\/wp-json\/wp\/v2\/tags?post=366079"}],"curies":[{"name":"wp","href":"https:\/\/api.w.org\/{rel}","templated":true}]}}